{"id":174731,"date":"2025-10-13T20:29:09","date_gmt":"2025-10-13T20:29:09","guid":{"rendered":"https:\/\/www.europesays.com\/es\/174731\/"},"modified":"2025-10-13T20:29:09","modified_gmt":"2025-10-13T20:29:09","slug":"heineken-incluira-foto-de-clientes-en-el-podium-del-gp-cdmx-2025","status":"publish","type":"post","link":"https:\/\/www.europesays.com\/es\/174731\/","title":{"rendered":"Heineken incluir\u00e1 foto de clientes en el podium del GP CDMX 2025"},"content":{"rendered":"<p class=\"dpsp-share-text dpsp-hide-on-mobile\" style=\"margin-bottom:10px\">\n\t\tCompartir este contenido\t<\/p>\n<p style=\"font-size:18px\"><strong>Heineken<\/strong> vuelve a encender la emoci\u00f3n de la <strong>F\u00f3rmula 1<\/strong> en M\u00e9xico. Desde 2016, la marca ha sido patrocinador global del deporte m\u00e1s vibrante, llevando la experiencia del <strong>Gran Premio de Ciudad de M\u00e9xico<\/strong> de F\u00f3rmula m\u00e1s all\u00e1 de la pista. En M\u00e9xico, esa energ\u00eda se ha transformado en uno de los mejores eventos en el calendario internacional, reconocido por la pasi\u00f3n de su p\u00fablico, la calidad de su producci\u00f3n y las experiencias que lo hacen inolvidable.<\/p>\n<p style=\"font-size:18px\">Como informa la marca en una nota de prensa hoy lunes 13 de octubre de 2025, \u00abfiestas \u00e9picas, DJ\u00b4s de talla mundial y activaciones sorprendentes han marcado el camino\u00bb. Pero este <strong>Gran Premio de Ciudad de M\u00e9xico 2025 de F\u00f3rmula 1<\/strong>, \u00abHeineken dar\u00e1 un paso que cambia las reglas del juego; los fans formaran parte de la celebraci\u00f3n en el podio\u00bb. <\/p>\n<p style=\"font-size:18px\">A trav\u00e9s del sitio\u00a0<a href=\"https:\/\/my.heineken.mx\/agegate?fbclid=PARlRTSANSa0FleHRuA2FlbQIxMQABpz8IfY_QxthI6x82FydnXhrB91bEveHt-jRYVgPd40NvwDhuceN39dWK6Y8I_aem_cYA3mevY6G7Ve9vp4DQJpw\" target=\"_blank\" rel=\"noreferrer noopener nofollow\"><strong>My Heineken<\/strong><\/a>, los consumidores podr\u00e1n\u00a0<strong>registrarse desde el 6 al 20 de octubre<\/strong>\u00a0y subir una foto que posteriormente ser\u00e1 impresa para ser lanzada al aire durante la ceremonia de premiaci\u00f3n de los pilotos, junto con cientos de im\u00e1genes de fans de la F1. En otras palabras: sus im\u00e1genes estar\u00e1n en el momento m\u00e1s ic\u00f3nico de la carrera, cuando la victoria se celebre.<\/p>\n<p style=\"font-size:18px\">As\u00ed, Heineken \u00abcelebra la pasi\u00f3n por la F1 y reafirma que los grandes momentos son mejores cuando se comparten\u00bb, sigue la nota (en este art\u00edculo puede leer la noticia sobre c\u00f3mo Tag Heuer es patrocinador oficial del <a href=\"https:\/\/marketinginsiderreview.com\/tag-heuer-patrocinador-titular-formula-1-tag-heuer-gran-premio-de-espana-2026\/\" rel=\"nofollow noopener\" target=\"_blank\">F\u00f3rmula 1 Tag Heuer Gran Premio de Espa\u00f1a 2026<\/a>).<\/p>\n<blockquote class=\"wp-block-quote is-layout-flow wp-block-quote-is-layout-flow\" style=\"font-size:18px\">\n<p style=\"font-size:18px\">\u201cPara nosotros, la F1 no es solo velocidad; es una plataforma para inspirar, emocionar y conectar con los asistentes. Con esta iniciativa acercaremos a miles de fans al coraz\u00f3n del Gran Premio de la Ciudad de M\u00e9xico\u201d. Greg Lim, Brand Manager de Heineken.<\/p>\n<\/blockquote>\n<p style=\"font-size:18px\">Con este movimiento, contin\u00faa la nota de prensa, \u00abla marca invita a vivir la adrenalina de la carrera desde una nueva perspectiva: la de quienes hacen posible la magia. Porque este a\u00f1o, el podio no ser\u00e1 solo de los pilotos\u2026 tambi\u00e9n ser\u00e1 de los fans\u00bb.<\/p>\n<p style=\"font-size:18px\">\u00abHeineken reafirma as\u00ed su compromiso con la innovaci\u00f3n, la emoci\u00f3n y el esp\u00edritu de uni\u00f3n que solo la F\u00f3rmula 1 despierta, consolidando al Gran Premio de la Ciudad de M\u00e9xico como una fiesta de clase mundial donde t\u00fa tambi\u00e9n puedes estar en la cima\u00bb, finaliza lanota.<\/p>\n<p><img loading=\"lazy\" decoding=\"async\" src=\"https:\/\/www.europesays.com\/es\/wp-content\/uploads\/2025\/09\/Marketing-Insider-Review.jpg\" width=\"100\" height=\"100\" alt=\"Redacci\u00f3n\" itemprop=\"image\"\/>                                                <\/p>\n","protected":false},"excerpt":{"rendered":"Compartir este contenido Heineken vuelve a encender la emoci\u00f3n de la F\u00f3rmula 1 en M\u00e9xico. Desde 2016, la&hellip;\n","protected":false},"author":2,"featured_media":174732,"comment_status":"","ping_status":"","sticky":false,"template":"","format":"standard","meta":{"footnotes":""},"categories":[270],"tags":[168,25,24,306,271,272,23,167],"class_list":{"0":"post-174731","1":"post","2":"type-post","3":"status-publish","4":"format-standard","5":"has-post-thumbnail","7":"category-formula-1","8":"tag-deportes","9":"tag-es","10":"tag-espana","11":"tag-f1","12":"tag-formula-1","13":"tag-formula1","14":"tag-spain","15":"tag-sports"},"share_on_mastodon":{"url":"","error":""},"_links":{"self":[{"href":"https:\/\/www.europesays.com\/es\/wp-json\/wp\/v2\/posts\/174731","targetHints":{"allow":["GET"]}}],"collection":[{"href":"https:\/\/www.europesays.com\/es\/wp-json\/wp\/v2\/posts"}],"about":[{"href":"https:\/\/www.europesays.com\/es\/wp-json\/wp\/v2\/types\/post"}],"author":[{"embeddable":true,"href":"https:\/\/www.europesays.com\/es\/wp-json\/wp\/v2\/users\/2"}],"replies":[{"embeddable":true,"href":"https:\/\/www.europesays.com\/es\/wp-json\/wp\/v2\/comments?post=174731"}],"version-history":[{"count":0,"href":"https:\/\/www.europesays.com\/es\/wp-json\/wp\/v2\/posts\/174731\/revisions"}],"wp:featuredmedia":[{"embeddable":true,"href":"https:\/\/www.europesays.com\/es\/wp-json\/wp\/v2\/media\/174732"}],"wp:attachment":[{"href":"https:\/\/www.europesays.com\/es\/wp-json\/wp\/v2\/media?parent=174731"}],"wp:term":[{"taxonomy":"category","embeddable":true,"href":"https:\/\/www.europesays.com\/es\/wp-json\/wp\/v2\/categories?post=174731"},{"taxonomy":"post_tag","embeddable":true,"href":"https:\/\/www.europesays.com\/es\/wp-json\/wp\/v2\/tags?post=174731"}],"curies":[{"name":"wp","href":"https:\/\/api.w.org\/{rel}","templated":true}]}}