{"id":174743,"date":"2025-10-13T20:36:12","date_gmt":"2025-10-13T20:36:12","guid":{"rendered":"https:\/\/www.europesays.com\/es\/174743\/"},"modified":"2025-10-13T20:36:12","modified_gmt":"2025-10-13T20:36:12","slug":"el-fin-definitivo-de-mtv-europe-premios-incluidos","status":"publish","type":"post","link":"https:\/\/www.europesays.com\/es\/174743\/","title":{"rendered":"\u00bfEl fin definitivo de MTV Europe, premios incluidos?"},"content":{"rendered":"<p>Los VMA\u2019s de MTV nos dejaron hace poco una buena ristra de momentos ic\u00f3nicos. En la ceremonia del canal actuaron Sabrina Carpenter, Lady Gaga, Mariah Carey, Tate McRae, Doja Cat\u2026 un mont\u00f3n de artistas de primera fila. Pero todo apunta a que, por el contrario, los premios MTV Europe han llegado a su fin definitivo.<\/p>\n<p>Los MTV Europe suelen celebrarse en los primeros d\u00edas de noviembre. As\u00ed ha sido todos los a\u00f1os entre 1994 y el a\u00f1o 2024, a excepci\u00f3n de la ceremonia de 2023, cuando se cancelaron los premios por la guerra en Gaza. <\/p>\n<p>Sin embargo, ya en febrero de 2025 y tras la edici\u00f3n normal del a\u00f1o pasado, se comunic\u00f3 que la ceremonia MTV Europe estaba entre las cosas que iban a paralizarse, debido a la fusi\u00f3n de Paramount con Skydance, lo que se iba a traducir en recortes y despidos. As\u00ed lo informaba hace unos meses <a href=\"https:\/\/www.hollywoodreporter.com\/business\/business-news\/paramount-pause-events-cmt-music-awards-mtv-emas-1236122166\/\" rel=\"nofollow noopener\" target=\"_blank\">The Hollywood Reporter<\/a> y desde entonces nada m\u00e1s se supo. Nadie informa sobre si los premios volver\u00e1n en 2026 o se han marchado para siempre.<\/p>\n<p>Aunque en los \u00faltimos a\u00f1os se mimetizaron con los premios estadounidenses, los premios MTV Europe dieron grandes momentos a una audiencia m\u00e1s alternativa en sus inicios. Los primeros destinatarios del premio a Mejor Canci\u00f3n fueron Youssou N\u2019Dour y Neneh Cherry por \u20187 Seconds\u2019 (\u00a1Bravo!), Cranberries por \u2018Zombie\u2019 y Oasis por \u2018Wonderwall\u2019. <\/p>\n<p>Este fin de semana, BBC ha publicado que van a cerrar 5 de los canales vinculados a MTV Europe a trav\u00e9s de la filial brit\u00e1nica. Seg\u00fan <a href=\"https:\/\/www.bbc.com\/news\/articles\/cdr612yz8p0o\" rel=\"nofollow noopener\" target=\"_blank\">la BBC<\/a>, las cadenas que van a cerrar sus servicios en Reino Unido son\u00a0MTV Music,\u00a0MTV 80s,\u00a0MTV 90s,\u00a0Club MTV\u00a0y\u00a0MTV Live HD. Dejar\u00edan de operar el 31 de diciembre, aunque la cadena no est\u00e1 confirmando ni desmintiendo nada. La <a href=\"https:\/\/nypost.com\/2025\/10\/13\/business\/mtv-shutting-down-music-channels-across-europe-is-us-next\/\" rel=\"nofollow noopener\" target=\"_blank\">prensa estadounidense<\/a> empieza a preguntarse si la MTV americana no ser\u00e1 la pr\u00f3xima en caer, apuntando al final de una era.<\/p>\n<p>En\u00a0Espa\u00f1a, los canales musicales de MTV siguen de momento disponibles en los operadores\u00a0Movistar Plus+\u00a0y\u00a0Orange TV. Este verano abandonaron la plataforma de\u00a0Vodafone.\u00a0<\/p>\n","protected":false},"excerpt":{"rendered":"Los VMA\u2019s de MTV nos dejaron hace poco una buena ristra de momentos ic\u00f3nicos. En la ceremonia del&hellip;\n","protected":false},"author":2,"featured_media":174744,"comment_status":"","ping_status":"","sticky":false,"template":"","format":"standard","meta":{"footnotes":""},"categories":[170],"tags":[146,147,25,24,23496,184,185,23],"class_list":{"0":"post-174743","1":"post","2":"type-post","3":"status-publish","4":"format-standard","5":"has-post-thumbnail","7":"category-musica","8":"tag-entertainment","9":"tag-entretenimiento","10":"tag-es","11":"tag-espana","12":"tag-mtv","13":"tag-music","14":"tag-musica","15":"tag-spain"},"share_on_mastodon":{"url":"","error":""},"_links":{"self":[{"href":"https:\/\/www.europesays.com\/es\/wp-json\/wp\/v2\/posts\/174743","targetHints":{"allow":["GET"]}}],"collection":[{"href":"https:\/\/www.europesays.com\/es\/wp-json\/wp\/v2\/posts"}],"about":[{"href":"https:\/\/www.europesays.com\/es\/wp-json\/wp\/v2\/types\/post"}],"author":[{"embeddable":true,"href":"https:\/\/www.europesays.com\/es\/wp-json\/wp\/v2\/users\/2"}],"replies":[{"embeddable":true,"href":"https:\/\/www.europesays.com\/es\/wp-json\/wp\/v2\/comments?post=174743"}],"version-history":[{"count":0,"href":"https:\/\/www.europesays.com\/es\/wp-json\/wp\/v2\/posts\/174743\/revisions"}],"wp:featuredmedia":[{"embeddable":true,"href":"https:\/\/www.europesays.com\/es\/wp-json\/wp\/v2\/media\/174744"}],"wp:attachment":[{"href":"https:\/\/www.europesays.com\/es\/wp-json\/wp\/v2\/media?parent=174743"}],"wp:term":[{"taxonomy":"category","embeddable":true,"href":"https:\/\/www.europesays.com\/es\/wp-json\/wp\/v2\/categories?post=174743"},{"taxonomy":"post_tag","embeddable":true,"href":"https:\/\/www.europesays.com\/es\/wp-json\/wp\/v2\/tags?post=174743"}],"curies":[{"name":"wp","href":"https:\/\/api.w.org\/{rel}","templated":true}]}}