{"id":174760,"date":"2025-10-13T20:45:10","date_gmt":"2025-10-13T20:45:10","guid":{"rendered":"https:\/\/www.europesays.com\/es\/174760\/"},"modified":"2025-10-13T20:45:10","modified_gmt":"2025-10-13T20:45:10","slug":"espana-se-enfrenta-a-141-riesgos-climaticos-que-afectan-a-la-salud-la-economia-y-la-biodiversidad-miteco-gob-es","status":"publish","type":"post","link":"https:\/\/www.europesays.com\/es\/174760\/","title":{"rendered":"Espa\u00f1a se enfrenta a 141 riesgos clim\u00e1ticos que afectan a la salud, la econom\u00eda y la biodiversidad &#8211; miteco.gob.es"},"content":{"rendered":"<ol>\n<li><a href=\"https:\/\/news.google.com\/rss\/articles\/CBMi0AFBVV95cUxPMVRnandYLUs5aVQ4aXQzM1ljckl4UUlxaU00T1hmQ3hjaEEtcWJqanVRdDhWeklEdFhibHlnamtNcFJlNHN5TGJPdV9OdU9ZSmVyYy0tZ3RkblV0NTdhbDhYSi04cEZDeWhvTkkwSW4zS2N3d1pNNF8yUVp1aElWdGR1V2hLMEtsQnZHRmRrZlIyeWhXMWZEX2VfX2lRU2pLdW96Yk5WdFJLaHU1eVQ4NHczXzdzR2pfRUZhZVpMVVhacjE2OWw1WWV0YkI5U3JE?oc=5\" target=\"_blank\" rel=\"nofollow noopener\">Espa\u00f1a se enfrenta a 141 riesgos clim\u00e1ticos que afectan a la salud, la econom\u00eda y la biodiversidad<\/a>&nbsp;&nbsp;miteco.gob.es<\/li>\n<li><a href=\"https:\/\/news.google.com\/rss\/articles\/CBMi8wFBVV95cUxQU3ZVV09yZWxWNWJiU2V2TVhUSi1JdmRsZkxiaEtjMjZucHlMa3BIbElvTUVXb3I2aTgwT2FmOG9YQnV3djFIY3pYYnhTSVNxcVM1NjhvNmVRYWM1WmswdTdoYnpZQ1dXN1F6RVhDZUY4V3ZlUkZ4ekExeml5M2NidGhHa2U0UEVCNFctdmNyUW04ZGFQamRnZnBhaUUzWE1FS3Q0LWUxcVU1Q3E1MUhvTHVUM3NlcUNKSEtBRXlIelZxbTdMR09hQTMzSjBLZGU0dnBiOWxYdzdxc241SlpSWVRadWFRc3NMN3hQM1lRWXB5X1U?oc=5\" target=\"_blank\" rel=\"nofollow noopener\">De las sequ\u00edas a las inundaciones e incendios: los 51 riesgos clave para Espa\u00f1a ligados al calentamiento<\/a>&nbsp;&nbsp;EL PA\u00cdS<\/li>\n<li><a href=\"https:\/\/news.google.com\/rss\/articles\/CBMizwFBVV95cUxQSFR0SGlfVURsRmNjMW9adjlOc1VkZ2syYk92UkRWRDcyVFgtV0E3ZlZaN0w0b1llT19zUVp3cm9FeU5lenN5WkdDX1d6WFFmUEhTZWhJT1k3alp2aGMzWFdtdGxMSHM4aXJnNWpLWElKeC14UnRNdXRsSXVmRVdvNTQyZlhjN0JfS0F0WVQ3WGpMRDhGMG5TamV1VUdSaEstdXdibkdINjBEckpaZWRHNi16YjVneV85dFBQMXBxLWx3Q0FJTkhDTU9JRkU3Q3M?oc=5\" target=\"_blank\" rel=\"nofollow noopener\">El Gobierno califica de \u201curgencia m\u00e1xima\u201d el calor, la sequ\u00eda y las inundaciones causados por el cambio clim\u00e1tico<\/a>&nbsp;&nbsp;elDiario.es<\/li>\n<li><a href=\"https:\/\/news.google.com\/rss\/articles\/CBMisgFBVV95cUxPcVVSRnppQTRHUUQ3ZUFmV3VxdHdpQndkSHQtSkNRR1dsbVdrNXl0MzFFZHBMckMwSG9XVVNzdEZWWmRfSGhPakNyR0o0YVNfemROTzF6WGZESEludVBGQ285SFBzSHhEUnkzSlBXb1J6Q1NNZ1IzOXVDSnlSdjc2ZTVxQ3RFclBjbFpfMVl3el9BUmIyNTlzUXZDY2Y4b1BoNnFNbVZPc2VxeWJMT0sxUWN30gGyAUFVX3lxTE44Z3ZLT2FkRjB3c2k4RlRseE1fZ2sxalowUGVydFN1OHFVcXNFTkJtMUUtaGV2ajdQVndhZE5PVGYwajBYVm13UVN3T09fMi1La2xxNTNvY2c4STdMNjBzS2pKUnR6aDNGdGVHeWlVUmRYUi1DbWNXLUlfVFdhd3F0QUhFYXFCaXJneFhCa3pPOWM5cGlWZ3ZxRkJXN0c3eEE2d1RzQUVGYjFpWkxhQ3NWalE?oc=5\" target=\"_blank\" rel=\"nofollow noopener\">Inundaciones, sequ\u00edas y olas de calor: los peores escenarios clim\u00e1ticos ya son una realidad en Espa\u00f1a<\/a>&nbsp;&nbsp;RTVE.es<\/li>\n<li><a href=\"https:\/\/news.google.com\/rss\/articles\/CBMi0wFBVV95cUxOQm51OEJ3WHFGN2RrMnJtNENYT1dYRVozaE9QSFh4MndmaHhSejVmQWlaMU5NQjN1MTVDVWRTS2NzMF9fcEt1dGtBMkJRSVhaT29QalNFSGFkYlBfX25KVkJ4UXFUWnpsTzJHZTdHQWpHNEtZaDQ1bXprazNrMVN0TzNkZGVSbzByNFhBWFRScEwtOEh1WmtkX3Q3S3JnYmdlMS1Rcm1SNEVlb09ucVpXSHYySWZpZjM3WFFmdGhOV0N2TXh6Qmt4aUVwV1Z3ZE1sbV9N?oc=5\" target=\"_blank\" rel=\"nofollow noopener\">El primer informe de riesgos clim\u00e1ticos alerta sobre amenazas al suministro de agua, energ\u00eda y alimentos<\/a>&nbsp;&nbsp;infoLibre<\/li>\n<\/ol>\n","protected":false},"excerpt":{"rendered":"Espa\u00f1a se enfrenta a 141 riesgos clim\u00e1ticos que afectan a la salud, la econom\u00eda y la biodiversidad&nbsp;&nbsp;miteco.gob.es De&hellip;\n","protected":false},"author":2,"featured_media":32239,"comment_status":"","ping_status":"","sticky":false,"template":"","format":"standard","meta":{"footnotes":""},"categories":[5],"tags":[17,18,25,24,13,14,11,19,20,9,7207,10,15,16,23,12,21,22],"class_list":{"0":"post-174760","1":"post","2":"type-post","3":"status-publish","4":"format-standard","5":"has-post-thumbnail","7":"category-titulares","8":"tag-breaking-news","9":"tag-breakingnews","10":"tag-es","11":"tag-espana","12":"tag-featured-news","13":"tag-featurednews","14":"tag-headlines","15":"tag-latest-news","16":"tag-latestnews","17":"tag-news","18":"tag-notas-de-prensa","19":"tag-noticias","20":"tag-noticias-destacadas","21":"tag-noticiasdestacadas","22":"tag-spain","23":"tag-titulares","24":"tag-ultimas-noticias","25":"tag-ultimasnoticias"},"share_on_mastodon":{"url":"","error":""},"_links":{"self":[{"href":"https:\/\/www.europesays.com\/es\/wp-json\/wp\/v2\/posts\/174760","targetHints":{"allow":["GET"]}}],"collection":[{"href":"https:\/\/www.europesays.com\/es\/wp-json\/wp\/v2\/posts"}],"about":[{"href":"https:\/\/www.europesays.com\/es\/wp-json\/wp\/v2\/types\/post"}],"author":[{"embeddable":true,"href":"https:\/\/www.europesays.com\/es\/wp-json\/wp\/v2\/users\/2"}],"replies":[{"embeddable":true,"href":"https:\/\/www.europesays.com\/es\/wp-json\/wp\/v2\/comments?post=174760"}],"version-history":[{"count":0,"href":"https:\/\/www.europesays.com\/es\/wp-json\/wp\/v2\/posts\/174760\/revisions"}],"wp:featuredmedia":[{"embeddable":true,"href":"https:\/\/www.europesays.com\/es\/wp-json\/wp\/v2\/media\/32239"}],"wp:attachment":[{"href":"https:\/\/www.europesays.com\/es\/wp-json\/wp\/v2\/media?parent=174760"}],"wp:term":[{"taxonomy":"category","embeddable":true,"href":"https:\/\/www.europesays.com\/es\/wp-json\/wp\/v2\/categories?post=174760"},{"taxonomy":"post_tag","embeddable":true,"href":"https:\/\/www.europesays.com\/es\/wp-json\/wp\/v2\/tags?post=174760"}],"curies":[{"name":"wp","href":"https:\/\/api.w.org\/{rel}","templated":true}]}}