{"id":174771,"date":"2025-10-13T20:51:09","date_gmt":"2025-10-13T20:51:09","guid":{"rendered":"https:\/\/www.europesays.com\/es\/174771\/"},"modified":"2025-10-13T20:51:09","modified_gmt":"2025-10-13T20:51:09","slug":"lucia-gonzalez-y-gonzalo-inguanzo-se-imponen-en-el-ciclocross-internacional-xaxancx-de-la-copa-de-espana-esciclismo","status":"publish","type":"post","link":"https:\/\/www.europesays.com\/es\/174771\/","title":{"rendered":"Luc\u00eda Gonz\u00e1lez y Gonzalo Inguanzo se imponen en el Ciclocross Internacional XaxanCX de la Copa de Espa\u00f1a &#8211; Esciclismo"},"content":{"rendered":"<ol>\n<li><a href=\"https:\/\/news.google.com\/rss\/articles\/CBMia0FVX3lxTE5jd2xBXzM4MDFoT3lTakNBc3Bnd2xnMDJWaWxwLUdWblBtZVRDdHM0V3d4VXp4c2FFR2FxMkVWWkVpektWTmFjV19SWWRCYWtGdnJ1TlF3RVNIQ1VTakV3OHVHYk1SV3dpenI0?oc=5\" target=\"_blank\" rel=\"nofollow noopener\">Luc\u00eda Gonz\u00e1lez y Gonzalo Inguanzo se imponen en el Ciclocross Internacional XaxanCX de la Copa de Espa\u00f1a<\/a>&nbsp;&nbsp;Esciclismo<\/li>\n<li><a href=\"https:\/\/news.google.com\/rss\/articles\/CBMizgFBVV95cUxQSDJXVDVOQnpzclFpY28wWUVlOWJSWjFtUnFuYVphMUtaVnBiX0VCZ1BVX2xNWEtfX2ZWRExSX3lTOXNsZEJLX1RYUE0tN2g4b0JpNzU3NXViaVBiMERZZ0F6OTlKN195by1tTVRnVW5aTDBkeGw1ZWU2bkw4dDItY2E3bHRjbVhURGVzQ2M5cExUV1d1QklOVDVYZnVZeTIxczJ6el9qN3ByWFdERWtwSS05MDV0V09QMnhwYzItNXEtM2d4ekt5SmtaM3lVUdIB0wFBVV95cUxNbGg3Q19OZkRiQlNkRXFYM3BiMnEyZkt3MEN3ckRfaUZ1Z04wTnI5cXlMcFplTlZVTmJ2Ny1zZmJHbkZfTF9ZN2N2Q0ZDMF9qbWU1NUhFU2dKQ3htSDNUN2NoMXQwUmljeVpHdzV1WmtDLTN3WHowZ2ZBblY3UHFnX2IzV0VXcVl1X2haQXpaWGdmM3A2TEpkZS1FYlpRSVIzcXVaZzhHM1Z3dWtFZ3NOT3NwaTFhMTExajdoT1p0RW5YRkEwdzNkLVJ2UnRrb3B4ZnBv?oc=5\" target=\"_blank\" rel=\"nofollow noopener\">Gonzalo Inguanzo y Luc\u00eda Gonz\u00e1lez, ganadores del Ciclocross Internacional XaxanCX<\/a>&nbsp;&nbsp;pontevedraviva<\/li>\n<li><a href=\"https:\/\/news.google.com\/rss\/articles\/CBMiugFBVV95cUxQaUV1SU5MejlIYjE0cm1GMW9MVVVQLWI3aXVGMnpiODBGdDFrcWFQekx3SGZMRzNyNHc1MjJ1cUJQNkNvS0NNMWdOSndDS3ZoYWVabTJLeHpBdkJrNUUyLWMzZGYxdXdQNENXeTZYeFA2czlmVlNQR0JfNEF2TjBiR0lJQVZoVVNvS3ZZMVBhdGNuVWVPQUF0MHR0Z205SU5tdHVfVU5aanlYcHlVSndVaFBRSjcxaEs3ZnfSAb8BQVVfeXFMTlNBVXVuUlJlblFNUmRfb0NrcU1iTHF1NC01NFFXWTMxNGJPYV9OQWZwQS0zTm52aXF2b1lVeUFDbng0TzlQWUlBR0hYaGJEajk1bHVodTVUaWJIaUdsWG9rTVFnblQ0YnVubkQzTmtjMEU0RXBKOVloOU5sdlR1dFBWNHNremV0RXpwNFF5YXdRVXRyNURTVjMzMFlqeWx3QTJGX29lTW9RbVFaVTNvVkd5emNvb2FUTF9aUkR6dDA?oc=5\" target=\"_blank\" rel=\"nofollow noopener\">Luc\u00eda Gonz\u00e1lez y Gonzalo Inguanzo triunfan en la Copa de Espa\u00f1a de ciclocross de Xaxan<\/a>&nbsp;&nbsp;Ciclismo a fondo<\/li>\n<li><a href=\"https:\/\/news.google.com\/rss\/articles\/CBMipAFBVV95cUxNNUhtbUk4SnFSdHVTMnl2Z2ZRRjdtYmFVLXp1YUVPRFk5VnNBZVVpU05ubzFkeUFjOFl0UUJ1MFJVc2tiYzduNTR1SF9IZkhENHBHLXNVZVlDVzBmRThvOWpRU1NkQ2tuZll3am03Z0ZHV2U3aGxNOGIwQWJRTUtkV29ERXJteWsyVjVyMEFHd2JmWEpQbWlTSkRxS1FJUkE3ZHlnVtIBqgFBVV95cUxOdzJWQUdJc190VjdzZzF0andwUi1SaURtaU5HWjlUQVRBRzZMODhvRXBhdFpCMHg1SEJOaUxQZGExRTlqTEhYaHpFOXlCRDdCX1FsaUFzMkFBVktfdGNIb3JwdkR3cVlFdlh6UXZqV0FKa2dlbklEUE8xanpSeWFTMVplQXlOMTg2SWNkSjZHYUlfM3FCU0ZGcE44QnJQSDd1YlVQNERvNWV2dw?oc=5\" target=\"_blank\" rel=\"nofollow noopener\">Luc\u00eda Gonz\u00e1lez gana la segunda prueba, en Mar\u00edn<\/a>&nbsp;&nbsp;LNE<\/li>\n<li><a href=\"https:\/\/news.google.com\/rss\/articles\/CBMidEFVX3lxTE5pU29tZGNfQjEyNnAzQldLWnN1V3Y1NEVra0N2ZUNENWw5ZXl5RWpTUDRoY1Z6cV9NbE53Z202UzB2Z0RibUhrSHYzeDRTbDJwMmJsLXVhNGc4T1ZhdmpRallrZTBiVEprQ1lSR2VUQXlCN1Y1?oc=5\" target=\"_blank\" rel=\"nofollow noopener\">Copa Espa\u00f1a ciclocross: Directo Mar\u00edn<\/a>&nbsp;&nbsp;Ciclo21<\/li>\n<\/ol>\n","protected":false},"excerpt":{"rendered":"Luc\u00eda Gonz\u00e1lez y Gonzalo Inguanzo se imponen en el Ciclocross Internacional XaxanCX de la Copa de Espa\u00f1a&nbsp;&nbsp;Esciclismo Gonzalo&hellip;\n","protected":false},"author":2,"featured_media":174772,"comment_status":"","ping_status":"","sticky":false,"template":"","format":"standard","meta":{"footnotes":""},"categories":[273],"tags":[15983,313,1757,312,168,25,24,5976,1783,14231,23,167],"class_list":{"0":"post-174771","1":"post","2":"type-post","3":"status-publish","4":"format-standard","5":"has-post-thumbnail","7":"category-ciclismo","8":"tag-asturiana","9":"tag-ciclismo","10":"tag-ciclista","11":"tag-cycling","12":"tag-deportes","13":"tag-es","14":"tag-espana","15":"tag-gonzalez","16":"tag-la","17":"tag-lucia","18":"tag-spain","19":"tag-sports"},"share_on_mastodon":{"url":"","error":""},"_links":{"self":[{"href":"https:\/\/www.europesays.com\/es\/wp-json\/wp\/v2\/posts\/174771","targetHints":{"allow":["GET"]}}],"collection":[{"href":"https:\/\/www.europesays.com\/es\/wp-json\/wp\/v2\/posts"}],"about":[{"href":"https:\/\/www.europesays.com\/es\/wp-json\/wp\/v2\/types\/post"}],"author":[{"embeddable":true,"href":"https:\/\/www.europesays.com\/es\/wp-json\/wp\/v2\/users\/2"}],"replies":[{"embeddable":true,"href":"https:\/\/www.europesays.com\/es\/wp-json\/wp\/v2\/comments?post=174771"}],"version-history":[{"count":0,"href":"https:\/\/www.europesays.com\/es\/wp-json\/wp\/v2\/posts\/174771\/revisions"}],"wp:featuredmedia":[{"embeddable":true,"href":"https:\/\/www.europesays.com\/es\/wp-json\/wp\/v2\/media\/174772"}],"wp:attachment":[{"href":"https:\/\/www.europesays.com\/es\/wp-json\/wp\/v2\/media?parent=174771"}],"wp:term":[{"taxonomy":"category","embeddable":true,"href":"https:\/\/www.europesays.com\/es\/wp-json\/wp\/v2\/categories?post=174771"},{"taxonomy":"post_tag","embeddable":true,"href":"https:\/\/www.europesays.com\/es\/wp-json\/wp\/v2\/tags?post=174771"}],"curies":[{"name":"wp","href":"https:\/\/api.w.org\/{rel}","templated":true}]}}