{"id":174781,"date":"2025-10-13T20:57:09","date_gmt":"2025-10-13T20:57:09","guid":{"rendered":"https:\/\/www.europesays.com\/es\/174781\/"},"modified":"2025-10-13T20:57:09","modified_gmt":"2025-10-13T20:57:09","slug":"casa-editora-abril-de-cuba-presentara-tres-numeros-de-revista-zunzun","status":"publish","type":"post","link":"https:\/\/www.europesays.com\/es\/174781\/","title":{"rendered":"Casa Editora Abril de Cuba presentar\u00e1 tres n\u00fameros de revista ZunZ\u00fan"},"content":{"rendered":"<p>La Casa Editora Abril y el Instituto Cubano del Libro (ICL) presentar\u00e1n el pr\u00f3ximo mi\u00e9rcoles en el espacio Libro del mes tres n\u00fameros de la Revista ZunZ\u00fan, hoy una de las publicaciones seriadas por excelencia del p\u00fablico infantil.<\/p>\n<p>Desde 1980 la revista ha transmitido a los lectores m\u00e1s j\u00f3venes dis\u00edmiles ense\u00f1anzas a trav\u00e9s de secciones de curiosidades, consejos y cuentos protagonizados por personajes animados, explic\u00f3 el ICL en un comunicado.<\/p>\n<p>El encuentro se realizar\u00e1 en el marco del aniversario 45 de la editorial y de ZunZ\u00fan, fundada el 10 de octubre de 1980.<\/p>\n<p>Dos ediciones especiales y el n\u00famero 368 son las protagonistas el 15 de octubre del mes del libro; la editorial a\u00f1adi\u00f3 en redes sociales que las tres publicaciones est\u00e1n pensadas para las infancias que sue\u00f1an, crean y exploran.<\/p>\n<p>Con los saberes, personajes, historietas y colores que nos regal\u00f3 esta revista tan querida crecimos; nuestra generaci\u00f3n, la de nuestros y abuelos les debe mucho; ojal\u00e1 sigan volando con m\u00e1s fuerza para llegar a nuevos ni\u00f1os y ni\u00f1as que crezcan con la magia de la cuban\u00eda, comentaron a prop\u00f3sito del aniversario.<\/p>\n<p>La cita tendr\u00e1 lugar en la calle Madera, frente al Museo de la Ciudad (Palacio de los Capitanes Generales), ubicado en el centro hist\u00f3rico de la capital, a las 11:00 hora local.<\/p>\n<p>ZunZ\u00fan es una revista infantil cubana dirigida a estudiantes de la ense\u00f1anza primaria; combina el entretenimiento lector y el aprendizaje, con historietas de sus personajes caracter\u00edsticos (Claudia, el Capit\u00e1n Plin, Kukuy), secciones de curiosidades, textos hist\u00f3ricos y juegos como sopas de letras o crucigramas.<\/p>\n","protected":false},"excerpt":{"rendered":"La Casa Editora Abril y el Instituto Cubano del Libro (ICL) presentar\u00e1n el pr\u00f3ximo mi\u00e9rcoles en el espacio&hellip;\n","protected":false},"author":2,"featured_media":174782,"comment_status":"","ping_status":"","sticky":false,"template":"","format":"standard","meta":{"footnotes":""},"categories":[172],"tags":[224,146,147,25,24,225,23],"class_list":{"0":"post-174781","1":"post","2":"type-post","3":"status-publish","4":"format-standard","5":"has-post-thumbnail","7":"category-libros","8":"tag-books","9":"tag-entertainment","10":"tag-entretenimiento","11":"tag-es","12":"tag-espana","13":"tag-libros","14":"tag-spain"},"share_on_mastodon":{"url":"","error":""},"_links":{"self":[{"href":"https:\/\/www.europesays.com\/es\/wp-json\/wp\/v2\/posts\/174781","targetHints":{"allow":["GET"]}}],"collection":[{"href":"https:\/\/www.europesays.com\/es\/wp-json\/wp\/v2\/posts"}],"about":[{"href":"https:\/\/www.europesays.com\/es\/wp-json\/wp\/v2\/types\/post"}],"author":[{"embeddable":true,"href":"https:\/\/www.europesays.com\/es\/wp-json\/wp\/v2\/users\/2"}],"replies":[{"embeddable":true,"href":"https:\/\/www.europesays.com\/es\/wp-json\/wp\/v2\/comments?post=174781"}],"version-history":[{"count":0,"href":"https:\/\/www.europesays.com\/es\/wp-json\/wp\/v2\/posts\/174781\/revisions"}],"wp:featuredmedia":[{"embeddable":true,"href":"https:\/\/www.europesays.com\/es\/wp-json\/wp\/v2\/media\/174782"}],"wp:attachment":[{"href":"https:\/\/www.europesays.com\/es\/wp-json\/wp\/v2\/media?parent=174781"}],"wp:term":[{"taxonomy":"category","embeddable":true,"href":"https:\/\/www.europesays.com\/es\/wp-json\/wp\/v2\/categories?post=174781"},{"taxonomy":"post_tag","embeddable":true,"href":"https:\/\/www.europesays.com\/es\/wp-json\/wp\/v2\/tags?post=174781"}],"curies":[{"name":"wp","href":"https:\/\/api.w.org\/{rel}","templated":true}]}}