{"id":174783,"date":"2025-10-13T20:58:12","date_gmt":"2025-10-13T20:58:12","guid":{"rendered":"https:\/\/www.europesays.com\/es\/174783\/"},"modified":"2025-10-13T20:58:12","modified_gmt":"2025-10-13T20:58:12","slug":"su-mujer-sus-problemas-con-la-droga-y-el-record-de-espana-que-ostenta","status":"publish","type":"post","link":"https:\/\/www.europesays.com\/es\/174783\/","title":{"rendered":"su mujer, sus problemas con la droga y el r\u00e9cord de Espa\u00f1a que ostenta"},"content":{"rendered":"<p style=\"\">Arranca una nueva semana en la que los programas de televisi\u00f3n habituales vuelven con sus <a href=\"https:\/\/www.abc.es\/play\/television\/noticias\/rtve-mide-humor-eva-soriano-nuevo-programa-20251010160305-nt.html\" title=\"www.abc.es\" data-voc-vtm-id=\"in-text-traffic\" data-mrf-link=\"www.abc.es\" rel=\"nofollow noopener\" target=\"_blank\">novedades <\/a>diarias. Centr\u00e1ndonos de lleno en &#8216;El Hormiguero&#8217; de Antena 3, este lunes cuenta con <strong>dos invitados ya muy familiares <\/strong>para el formato.<\/p>\n<p style=\"\">Tal como se anuncia en la web  &#8230; del programa de Pablo Motos, ellos son<strong> J.J Vaquero y Goyo Jim\u00e9nez<\/strong>, que acuden para hablar de la nueva pel\u00edcula que han estrenado juntos, &#8216;Suj\u00e9tame el cubata&#8217;, una comedia llena de matices de realidad. <\/p>\n<p class=\"voc-p\" style=\"\">De los dos invitados,<strong> J.J Vaquero<\/strong> es el que m\u00e1s ligado est\u00e1 al programa de las hormigas, pues ha sido colaborador y guionista del mismo en temporadas anteriores. Para conocer un poco mejor al humorista, a continuaci\u00f3n te contamos algunos <strong>detalles de su vida profesional y personal. <\/strong><\/p>\n<p>\nJ.J Vaquero y su mujer: una boda en Nochevieja y dos hijas en com\u00fan\n<\/p>\n<p class=\"voc-p\" style=\"\">Jos\u00e9 Juan Vaquero Garc\u00eda es el nombre por el que pocos conocen al c\u00f3mico y monologuista J.J Vaquero, conocido por participar en programas como<strong> &#8216;El Club de la Comedia&#8217;, &#8216;El Hormiguero&#8217; <\/strong>o su \u00faltimo proyecto profesional que no ha tenido mucho \u00e9xito, &#8216;La garita&#8217;, entre muchos otros. <\/p>\n<p class=\"voc-p\" style=\"\">El vallisoletano es uno de los rostros m\u00e1s conocidos en el mundo de la comedia espa\u00f1ola pero su vida personal parece no haber trascendido tanto como la profesional. En lo que respecta a esta, Vaquero comparte su vida sentimental con <strong>su mujer, Nunci Fern\u00e1ndez, con la que mantiene una relaci\u00f3n desde hace m\u00e1s de 20 a\u00f1os. <\/strong><\/p>\n<p class=\"voc-p\" style=\"\">La pareja tiene<strong> dos hijas en <\/strong>com\u00fan y, como curiosidad de su romance, el humorista ha contado en m\u00e1s de una ocasi\u00f3n que su boda fue algo inusual, pues decidieron <strong>casarse la noche de Nochevieja<\/strong> de 2012, de modo que cada aniversario coincide con el cambio de a\u00f1o. <\/p>\n<p class=\"voc-p\" style=\"\">Seg\u00fan palabras del propio Vaquero en sus redes sociales: \u00ab<strong>Casarte en Nochevieja es un berenjenal<\/strong>, pero acabar cada a\u00f1o nuestro aniversario comiendo las uvas con la familia, mientras los vecinos del barrio tiran petardos y cohetes, es una puta virguer\u00eda\u00bb.<\/p>\n<p>\nUn cap\u00edtulo de excesos en el mundo de la noche\n<\/p>\n<p class=\"voc-p\" style=\"\">Aunque Vaquero comenz\u00f3 de manera paulatina y discreta en el mundo del espect\u00e1culo, pues antes era camarero, ya se ve\u00eda bastante seducido por las fiestas y salidas nocturnas. As\u00ed lo contaba en una entrevista para &#8216;Relevo&#8217;: <\/p>\n<p class=\"voc-p\" style=\"\">\u00abCuando yo era camarero, el d\u00eda de descanso sal\u00eda y <strong>me pegaba unas fiestas muy tochas con alcohol, droga\u2026 yo no le dec\u00eda que no a nada<\/strong>. Cuando me hice c\u00f3mico segu\u00ed en la misma din\u00e1mica, con la diferencia de que ah\u00ed era casi todos los d\u00edas, y aquello era una din\u00e1mica de no parar\u00bb, comentaba el humorista, reconociendo que tuvo que buscar una alternativa para poner freno a ese estilo de vida.<\/p>\n<p>\nEl deporte en el que J.J Vaquero ostenta el r\u00e9cord de Espa\u00f1a\n<\/p>\n<p class=\"voc-p\" style=\"\">As\u00ed, para intentar<strong> poner freno a sus excesos con la droga y el alcohol<\/strong>, el vallisoletano decidi\u00f3 retomar el deporte que practicaba de joven, el gimnasio y el culturismo: <\/p>\n<p class=\"voc-p\" style=\"\">\u00abComo s\u00e9 que me tengo que agarrar a algo para tener un poco de disciplina y <strong>el peso muerto y el powerlifting es una cosa que me gusta mucho<\/strong>, yo sab\u00eda que volviendo al gimnasio, o intent\u00e1ndolo, hab\u00eda una posibilidad de que yo dijera &#8216;no, hoy no me voy a quedar de fiesta, que ma\u00f1ana tengo que entrenar&#8217;. Quer\u00eda salir menos de fiesta, estar menos en la noche, <strong>tener menos contacto con el alcohol, con la droga, y lo consegu\u00ed<\/strong>. Me ha echado una mano para reconducir mi vida\u00bb, revelaba al mismo medio. <\/p>\n<p class=\"voc-p\" style=\"\">Su esfuerzo en entrenamientos y constancia hicieron que se convirtiera en<strong> r\u00e9cord de Espa\u00f1a en peso muerto en la categor\u00eda M\u00e1ster 2<\/strong> (mayores de 50 a\u00f1os y menos de 93 kilos) el pasado a\u00f1o, logrando levantar 273 kg. A ra\u00edz de ello, Vaquero tambi\u00e9n ha atravesado un gran cambio f\u00edsico, ganando m\u00fasculo y volvi\u00e9ndose m\u00e1s fuerte y \u00e1gil. <\/p>\n","protected":false},"excerpt":{"rendered":"Arranca una nueva semana en la que los programas de televisi\u00f3n habituales vuelven con sus novedades diarias. Centr\u00e1ndonos&hellip;\n","protected":false},"author":2,"featured_media":174784,"comment_status":"","ping_status":"","sticky":false,"template":"","format":"standard","meta":{"footnotes":""},"categories":[171],"tags":[13979,146,147,25,24,7398,315,2461,50202,45179,7403,11781,4722,23,214,6813,1793],"class_list":{"0":"post-174783","1":"post","2":"type-post","3":"status-publish","4":"format-standard","5":"has-post-thumbnail","7":"category-tv","8":"tag-droga","9":"tag-entertainment","10":"tag-entretenimiento","11":"tag-es","12":"tag-espana","13":"tag-grand","14":"tag-hoy","15":"tag-mujer","16":"tag-ostenta","17":"tag-padrino","18":"tag-prix","19":"tag-problemas","20":"tag-record","21":"tag-spain","22":"tag-tv","23":"tag-vaquero","24":"tag-verano"},"share_on_mastodon":{"url":"","error":""},"_links":{"self":[{"href":"https:\/\/www.europesays.com\/es\/wp-json\/wp\/v2\/posts\/174783","targetHints":{"allow":["GET"]}}],"collection":[{"href":"https:\/\/www.europesays.com\/es\/wp-json\/wp\/v2\/posts"}],"about":[{"href":"https:\/\/www.europesays.com\/es\/wp-json\/wp\/v2\/types\/post"}],"author":[{"embeddable":true,"href":"https:\/\/www.europesays.com\/es\/wp-json\/wp\/v2\/users\/2"}],"replies":[{"embeddable":true,"href":"https:\/\/www.europesays.com\/es\/wp-json\/wp\/v2\/comments?post=174783"}],"version-history":[{"count":0,"href":"https:\/\/www.europesays.com\/es\/wp-json\/wp\/v2\/posts\/174783\/revisions"}],"wp:featuredmedia":[{"embeddable":true,"href":"https:\/\/www.europesays.com\/es\/wp-json\/wp\/v2\/media\/174784"}],"wp:attachment":[{"href":"https:\/\/www.europesays.com\/es\/wp-json\/wp\/v2\/media?parent=174783"}],"wp:term":[{"taxonomy":"category","embeddable":true,"href":"https:\/\/www.europesays.com\/es\/wp-json\/wp\/v2\/categories?post=174783"},{"taxonomy":"post_tag","embeddable":true,"href":"https:\/\/www.europesays.com\/es\/wp-json\/wp\/v2\/tags?post=174783"}],"curies":[{"name":"wp","href":"https:\/\/api.w.org\/{rel}","templated":true}]}}