{"id":174787,"date":"2025-10-13T21:00:08","date_gmt":"2025-10-13T21:00:08","guid":{"rendered":"https:\/\/www.europesays.com\/es\/174787\/"},"modified":"2025-10-13T21:00:08","modified_gmt":"2025-10-13T21:00:08","slug":"sigourney-weaver-podria-volver-a-la-saga-alien-interpretando-a-la-teniente-ripley","status":"publish","type":"post","link":"https:\/\/www.europesays.com\/es\/174787\/","title":{"rendered":"Sigourney Weaver podr\u00eda volver a la saga &#8216;Alien&#8217; interpretando a la teniente Ripley"},"content":{"rendered":"<p class=\"c-paragraph\">Si tras <b>Alien: Romulus<\/b> dirigida por <b>Fede \u00c1lvarez<\/b>, prosiguiendo dignamente la saga cinematogr\u00e1fica de los xenomorfos, y la reciente serie <a href=\"https:\/\/www.20minutos.es\/cinemania\/series\/alien-planeta-tierra-critica-xenomorfos-disney_6233491_3.html\" title=\"Cr\u00edtica de &#039;Alien: Planeta Tierra&#039;: el creador de &#039;Fargo&#039; revive a los xenomorfos con una propuesta radical en Disney+\" rel=\"nofollow noopener\" target=\"_blank\">Alien: Planeta Tierra<\/a> de Disney+, nada parec\u00eda indicar que la teniente Ellen Ripley, el personaje humano m\u00e1s ic\u00f3nico de la franquicia, pudiera regresar en una nueva entrega y adem\u00e1s de nuevo interpretada por <b>Sigourney Weaver<\/b>. Pero, contra todo pron\u00f3stico, las puertas estar\u00edan abiertas de par en par para su retorno.<\/p>\n<p class=\"c-paragraph\">Y es que la tambi\u00e9n ic\u00f3nica actriz estuvo en la <b>Comic Con 2025 de Nueva York<\/b> y, seg\u00fan recogen medios como <a href=\"https:\/\/www.hollywoodreporter.com\/movies\/movie-news\/alien-star-sigourney-weaver-has-met-with-disney-1236397969\/\" rel=\"nofollow noreferrer noopener\" title=\"Sigourney Weaver Has Met With Disney About a New \u2018Alien\u2019 Script: \u201cIt\u2019s a Very Strong First 50 Pages\u201d\" target=\"_blank\">The Hollywood Reporter<\/a>, revel\u00f3 que hab\u00eda mantenido un encuentro con representantes de 20th Century Studios y Disney <b>sobre la posibilidad de retomar el papel<\/b>. El origen de esta opci\u00f3n, seg\u00fan ha contado Weaver, estar\u00eda en que un viejo amigo suyo y productor de la saga, el no menos m\u00edtico director y productor <b>Walter Hill<\/b>, habr\u00eda escrito una historia que tendr\u00eda a Ripley como protagonista.<\/p>\n<p class=\"c-paragraph\"><b>\u00abWalter Hill es muy buen amigo m\u00edo y ha escrito 50 p\u00e1ginas sobre donde estar\u00eda Ripley ahora, y son realmente extraordinarias\u00bb<\/b>, ha asegurado. <b>\u00abNo s\u00e9 si va a suceder, pero he tenido una reuni\u00f3n con Fox, Disney o como se llamen ahora\u00bb<\/b>, continu\u00f3 explicando y dejando claro que todo est\u00e1 a\u00fan en una fase en la que no hay nada concretado. <b>\u00abDije que nunca hab\u00eda sentido la necesidad<\/b>, <b>fue como pensar que deb\u00eda dejarla descansar, dejarla recuperarse. Pero lo que Walter ha escrito me parece muy cierto, es sobre una sociedad que encerrar\u00eda a alguien que ha ayudado a la humanidad, pero se ha convertido en un problema para ellos y prefieren mantenerla apartada\u00bb.<\/b><\/p>\n<p class=\"c-paragraph\">Vista la bomba que ha soltado Weaver entre los fans de la saga, queda por comprobar si el proyecto va concret\u00e1ndose y sigue adelante, <b>tambi\u00e9n sobre c\u00f3mo encajar\u00eda la nueva historia dentro de la l\u00ednea temporal de la saga<\/b>. Y, bien, probablemente tambi\u00e9n incidiendo en la idea de que aliens y humanos pueden competir en cuanto a maldad.<\/p>\n","protected":false},"excerpt":{"rendered":"Si tras Alien: Romulus dirigida por Fede \u00c1lvarez, prosiguiendo dignamente la saga cinematogr\u00e1fica de los xenomorfos, y la&hellip;\n","protected":false},"author":2,"featured_media":174788,"comment_status":"","ping_status":"","sticky":false,"template":"","format":"standard","meta":{"footnotes":""},"categories":[169],"tags":[177,15880,146,147,25,24,176,4417,6576,175,50203,23,15792],"class_list":{"0":"post-174787","1":"post","2":"type-post","3":"status-publish","4":"format-standard","5":"has-post-thumbnail","7":"category-cine","8":"tag-cine","9":"tag-cuando","10":"tag-entertainment","11":"tag-entretenimiento","12":"tag-es","13":"tag-espana","14":"tag-film","15":"tag-los","16":"tag-men","17":"tag-movies","18":"tag-regresaran","19":"tag-spain","20":"tag-x"},"share_on_mastodon":{"url":"","error":""},"_links":{"self":[{"href":"https:\/\/www.europesays.com\/es\/wp-json\/wp\/v2\/posts\/174787","targetHints":{"allow":["GET"]}}],"collection":[{"href":"https:\/\/www.europesays.com\/es\/wp-json\/wp\/v2\/posts"}],"about":[{"href":"https:\/\/www.europesays.com\/es\/wp-json\/wp\/v2\/types\/post"}],"author":[{"embeddable":true,"href":"https:\/\/www.europesays.com\/es\/wp-json\/wp\/v2\/users\/2"}],"replies":[{"embeddable":true,"href":"https:\/\/www.europesays.com\/es\/wp-json\/wp\/v2\/comments?post=174787"}],"version-history":[{"count":0,"href":"https:\/\/www.europesays.com\/es\/wp-json\/wp\/v2\/posts\/174787\/revisions"}],"wp:featuredmedia":[{"embeddable":true,"href":"https:\/\/www.europesays.com\/es\/wp-json\/wp\/v2\/media\/174788"}],"wp:attachment":[{"href":"https:\/\/www.europesays.com\/es\/wp-json\/wp\/v2\/media?parent=174787"}],"wp:term":[{"taxonomy":"category","embeddable":true,"href":"https:\/\/www.europesays.com\/es\/wp-json\/wp\/v2\/categories?post=174787"},{"taxonomy":"post_tag","embeddable":true,"href":"https:\/\/www.europesays.com\/es\/wp-json\/wp\/v2\/tags?post=174787"}],"curies":[{"name":"wp","href":"https:\/\/api.w.org\/{rel}","templated":true}]}}