{"id":174791,"date":"2025-10-13T21:02:32","date_gmt":"2025-10-13T21:02:32","guid":{"rendered":"https:\/\/www.europesays.com\/es\/174791\/"},"modified":"2025-10-13T21:02:32","modified_gmt":"2025-10-13T21:02:32","slug":"la-fundacion-la-caixa-promueve-la-investigacion-en-salud-mental-infoperiodistas","status":"publish","type":"post","link":"https:\/\/www.europesays.com\/es\/174791\/","title":{"rendered":"La Fundaci\u00f3n \u00abla Caixa\u00bb promueve la investigaci\u00f3n en salud mental INFOPERIODISTAS"},"content":{"rendered":"<p>        La Fundaci\u00f3n \u00abla Caixa\u00bb promueve la investigaci\u00f3n en salud mental para mejorar el tratamiento de enfermedades mentales.<br \/>\nEva Marabotto<\/p>\n<p>La <strong>salud mental<\/strong> se ha convertido en uno de los grandes retos del siglo XXI. Afecta a personas de todas las edades y condiciones. La pandemia de COVID-19 aceler\u00f3 una tendencia que ya preocupaba a los expertos. En este contexto, la Fundaci\u00f3n \u00abla Caixa\u00bb promueve la<strong> investigaci\u00f3n en salud mental<\/strong> para afrontar una realidad cada vez m\u00e1s urgente.<\/p>\n<p>En Espa\u00f1a, <strong>una de cada tres personas padece alg\u00fan trastorno mental<\/strong>, seg\u00fan el Informe del Sistema Nacional de Salud 2023. La ansiedad, los trastornos del sue\u00f1o y la depresi\u00f3n son los m\u00e1s comunes. Los casos aumentan entre los j\u00f3venes, lo que refuerza la necesidad de nuevas estrategias de prevenci\u00f3n y diagn\u00f3stico.<\/p>\n<p>Prevenir el suicidio con tecnolog\u00eda y evidencia<\/p>\n<p>El <strong>suicidio<\/strong> es una de las tres principales <strong>causas de mortalidad en el mundo<\/strong>. M\u00e1s del 90\u2009% de los casos est\u00e1 asociado a una enfermedad mental. En Europa, es una de las primeras causas de muerte entre los menores de 35 a\u00f1os.<\/p>\n<p>El doctor <strong>Enrique Baca-Garc\u00eda<\/strong>, jefe del Departamento de Psiquiatr\u00eda y Psicolog\u00eda Cl\u00ednica del <strong>Grupo Quir\u00f3nsalud<\/strong>, lidera un proyecto apoyado por <strong>CaixaResearch<\/strong>. Su objetivo es prevenir los intentos de suicidio con ayuda tecnol\u00f3gica. \u201cEmpleamos los m\u00f3viles para analizar el comportamiento y detectar cambios que anticipen el riesgo\u201d, explica el especialista.<\/p>\n<p>Seg\u00fan sus palabras, los resultados son alentadores. \u201cEn tres meses hemos conseguido reducir a la mitad los intentos suicidas. A largo plazo, buscamos disminuir los fallecimientos en un 75\u2009%\u201d, detalla. Este avance muestra c\u00f3mo la ciencia aplicada puede salvar vidas.<\/p>\n<p>Depresi\u00f3n: nuevas dianas terap\u00e9uticas<\/p>\n<p>La<strong> depresi\u00f3n afecta a m\u00e1s de 300 millones de personas en el mundo<\/strong>. Muchos pacientes no responden a los tratamientos actuales. Por eso, La Fundaci\u00f3n \u00abla Caixa\u00bb promueve la investigaci\u00f3n en salud mental para explorar nuevos mecanismos.<\/p>\n<p>El investigador <strong>Jo\u00e3o Filipe Oliveira<\/strong>, de la Universidade do Minho, estudia el papel de los astrocitos, c\u00e9lulas del cerebro que influyen en los s\u00edntomas depresivos. \u201cCuando silenciamos funciones de los astrocitos, los ratones muestran resistencia a la enfermedad\u201d, comenta. Este hallazgo podr\u00eda abrir la puerta a terapias innovadoras.<\/p>\n<p>El equipo portugu\u00e9s, apoyado por CaixaResearch, busca comprender c\u00f3mo el<strong> estr\u00e9s cr\u00f3nico altera la actividad cerebral<\/strong>. Manipular esas c\u00e9lulas podr\u00eda cambiar la evoluci\u00f3n de la enfermedad. \u201cTenemos esperanzas de desarrollar nuevas posibilidades terap\u00e9uticas en un futuro\u201d, afirma Oliveira.<\/p>\n<p>Microbiota y salud mental: una conexi\u00f3n prometedora<\/p>\n<p>El estudio de la <strong>microbiota intestinal<\/strong> ofrece una nueva v\u00eda para comprender las <strong>enfermedades mentales.<\/strong> La doctora<strong> Mireia Vall\u00e8s-Colomer, de la Universidad Pompeu Fabra,<\/strong> investiga c\u00f3mo las bacterias del intestino influyen en el cerebro. Su trabajo cuenta con apoyo de La Fundaci\u00f3n \u00abla Caixa\u00bb, que financia proyectos de j\u00f3venes investigadores.<\/p>\n<p>\u201cSabemos que las personas con depresi\u00f3n tienen menos bacterias que producen butirato\u201d, explica Vall\u00e8s-Colomer. Este metabolito ayuda a regular funciones cerebrales clave. \u201cCon una intervenci\u00f3n adecuada, podr\u00edan mejorar, aunque a\u00fan no sabemos si funcionar\u00e1 igual en todos los pacientes\u201d, a\u00f1ade.<\/p>\n<p>Los resultados apuntan a que el microbioma podr\u00eda convertirse en una <strong>herramienta diagn\u00f3stica<\/strong>. El futuro de la psiquiatr\u00eda podr\u00eda pasar por<strong> tratamientos basados en la modulaci\u00f3n bacteriana<\/strong>. As\u00ed, la ciencia abre nuevas esperanzas para millones de personas.<\/p>\n<p>La Fundaci\u00f3n \u00abla Caixa\u00bb promueve la investigaci\u00f3n en salud mental no solo como un compromiso institucional, sino como una inversi\u00f3n en bienestar colectivo. Con proyectos que combinan tecnolog\u00eda, neurociencia y biolog\u00eda, la entidad impulsa un cambio de paradigma en la atenci\u00f3n y prevenci\u00f3n de los trastornos mentales.<\/p>\n<p>\u00a0<\/p>\n","protected":false},"excerpt":{"rendered":"La Fundaci\u00f3n \u00abla Caixa\u00bb promueve la investigaci\u00f3n en salud mental para mejorar el tratamiento de enfermedades mentales. Eva&hellip;\n","protected":false},"author":2,"featured_media":174792,"comment_status":"","ping_status":"","sticky":false,"template":"","format":"standard","meta":{"footnotes":""},"categories":[92],"tags":[4251,50204,119,2378,50205,25,2586,24,50206,165,47701,47702,50207,5545,50208,50209,13096,166,4474,23,12421,50210,50211],"class_list":{"0":"post-174791","1":"post","2":"type-post","3":"status-publish","4":"format-standard","5":"has-post-thumbnail","7":"category-salud","8":"tag-bienestar","9":"tag-caixaresearch","10":"tag-ciencia","11":"tag-depresion","12":"tag-enrique-baca-garca","13":"tag-es","14":"tag-espaa","15":"tag-espana","16":"tag-fundacin-la-caixa","17":"tag-health","18":"tag-infoperiodistas","19":"tag-investigacin-cientfica","20":"tag-joo-filipe-oliveira","21":"tag-microbiota","22":"tag-mireia-valls-colomer","23":"tag-prevencin","24":"tag-quironsalud","25":"tag-salud","26":"tag-salud-mental","27":"tag-spain","28":"tag-suicidio","29":"tag-universidad-pompeu-fabra","30":"tag-universidade-do-minho"},"share_on_mastodon":{"url":"","error":""},"_links":{"self":[{"href":"https:\/\/www.europesays.com\/es\/wp-json\/wp\/v2\/posts\/174791","targetHints":{"allow":["GET"]}}],"collection":[{"href":"https:\/\/www.europesays.com\/es\/wp-json\/wp\/v2\/posts"}],"about":[{"href":"https:\/\/www.europesays.com\/es\/wp-json\/wp\/v2\/types\/post"}],"author":[{"embeddable":true,"href":"https:\/\/www.europesays.com\/es\/wp-json\/wp\/v2\/users\/2"}],"replies":[{"embeddable":true,"href":"https:\/\/www.europesays.com\/es\/wp-json\/wp\/v2\/comments?post=174791"}],"version-history":[{"count":0,"href":"https:\/\/www.europesays.com\/es\/wp-json\/wp\/v2\/posts\/174791\/revisions"}],"wp:featuredmedia":[{"embeddable":true,"href":"https:\/\/www.europesays.com\/es\/wp-json\/wp\/v2\/media\/174792"}],"wp:attachment":[{"href":"https:\/\/www.europesays.com\/es\/wp-json\/wp\/v2\/media?parent=174791"}],"wp:term":[{"taxonomy":"category","embeddable":true,"href":"https:\/\/www.europesays.com\/es\/wp-json\/wp\/v2\/categories?post=174791"},{"taxonomy":"post_tag","embeddable":true,"href":"https:\/\/www.europesays.com\/es\/wp-json\/wp\/v2\/tags?post=174791"}],"curies":[{"name":"wp","href":"https:\/\/api.w.org\/{rel}","templated":true}]}}