{"id":174810,"date":"2025-10-13T21:15:12","date_gmt":"2025-10-13T21:15:12","guid":{"rendered":"https:\/\/www.europesays.com\/es\/174810\/"},"modified":"2025-10-13T21:15:12","modified_gmt":"2025-10-13T21:15:12","slug":"la-tajante-opinion-de-un-referente-de-la-f1-sobre-el-conflicto-russell-mercedes","status":"publish","type":"post","link":"https:\/\/www.europesays.com\/es\/174810\/","title":{"rendered":"La tajante opini\u00f3n de un referente de la F1 sobre el conflicto Russell-Mercedes"},"content":{"rendered":"<p>Una de las pol\u00e9micas que ronda alrededor de la F\u00f3rmula 1 en esta etapa es la continuidad de <strong>George Russell <\/strong>en Mercedes de cara a las pr\u00f3ximas temporadas. Ahora, un referente de la categor\u00eda dio su opini\u00f3n sobre este tema.<\/p>\n<p>&#13;<br \/>\n&#13;<\/p>\n<p>Quien habl\u00f3 fue Gunther Steiner, que expuso: \u00ab<strong>Ese contrato lo va a tener<\/strong>. Si no es en Mercedes, ser\u00e1 en otro lugar. Pero George sabe lo que vale. No quiere aceptar sin m\u00e1s las condiciones de Mercedes, quiere lo mejor para s\u00ed mismo\u00bb.<\/p>\n<p>&#13;<br \/>\n&#13;<\/p>\n<p><strong>Leer adem\u00e1s:\u00a0<a href=\"https:\/\/www.carburando.com\/notas\/f1-el-resonante-apodo-que-le-puso-la-prensa-italiana-a-colapinto-y-fue-aprobado-por-los-fanaticos\" title=\"F1: el resonante apodo que le puso la prensa italiana a Colapinto y fue aprobado por los fan\u00e1ticos\" rel=\"nofollow noopener\" target=\"_blank\">F1: el resonante apodo que le puso la prensa italiana a Colapinto y fue aprobado por los fan\u00e1ticos<\/a><\/strong><\/p>\n<p>&#13;<br \/>\n&#13;<\/p>\n<p><img decoding=\"async\" alt=\"Por qu\u00e9 Steiner prefiere que sus pilotos de F1 no tengan &quot;ning\u00fan sitio  donde esconderse&quot;\" src=\"https:\/\/www.europesays.com\/es\/wp-content\/uploads\/2025\/10\/formula-1-canadian-gp-2022-gue-2.jpg\"\/><\/p>\n<p>&#13;<br \/>\n&#13;<\/p>\n<p>Al seguir analizando el tema, detall\u00f3: \u00abEl a\u00f1o pasado todo el mundo tem\u00eda: &#8216;Lewis se va, \u00bftomar\u00e1 George el liderazgo?&#8217; No hay ninguna duda. Lo hizo de forma excelente. <strong>Ahora est\u00e1 esperando su contrato, pero probablemente quiera algo m\u00e1s que un acuerdo por un solo a\u00f1o<\/strong>\u00ab.<\/p>\n<p>&#13;<br \/>\n&#13;<\/p>\n<p>\u00abCreo que Toto est\u00e1 jugando con la idea de darle a George solo un a\u00f1o de contrato, para que en 2027 haya un hueco para Max si decide irse de Red Bull\u00bb, tambi\u00e9n explay\u00f3. \u00ab<strong>Pero para George esa no es una situaci\u00f3n ideal. En este momento, \u00e9l es quien est\u00e1 rindiendo bien, as\u00ed que tiene una buena posici\u00f3n para negociar<\/strong>\u00ab, finaliz\u00f3.<\/p>\n","protected":false},"excerpt":{"rendered":"Una de las pol\u00e9micas que ronda alrededor de la F\u00f3rmula 1 en esta etapa es la continuidad de&hellip;\n","protected":false},"author":2,"featured_media":174811,"comment_status":"","ping_status":"","sticky":false,"template":"","format":"standard","meta":{"footnotes":""},"categories":[270],"tags":[168,25,24,4636,306,271,272,23,167],"class_list":{"0":"post-174810","1":"post","2":"type-post","3":"status-publish","4":"format-standard","5":"has-post-thumbnail","7":"category-formula-1","8":"tag-deportes","9":"tag-es","10":"tag-espana","11":"tag-frmula-1","12":"tag-f1","13":"tag-formula-1","14":"tag-formula1","15":"tag-spain","16":"tag-sports"},"share_on_mastodon":{"url":"","error":""},"_links":{"self":[{"href":"https:\/\/www.europesays.com\/es\/wp-json\/wp\/v2\/posts\/174810","targetHints":{"allow":["GET"]}}],"collection":[{"href":"https:\/\/www.europesays.com\/es\/wp-json\/wp\/v2\/posts"}],"about":[{"href":"https:\/\/www.europesays.com\/es\/wp-json\/wp\/v2\/types\/post"}],"author":[{"embeddable":true,"href":"https:\/\/www.europesays.com\/es\/wp-json\/wp\/v2\/users\/2"}],"replies":[{"embeddable":true,"href":"https:\/\/www.europesays.com\/es\/wp-json\/wp\/v2\/comments?post=174810"}],"version-history":[{"count":0,"href":"https:\/\/www.europesays.com\/es\/wp-json\/wp\/v2\/posts\/174810\/revisions"}],"wp:featuredmedia":[{"embeddable":true,"href":"https:\/\/www.europesays.com\/es\/wp-json\/wp\/v2\/media\/174811"}],"wp:attachment":[{"href":"https:\/\/www.europesays.com\/es\/wp-json\/wp\/v2\/media?parent=174810"}],"wp:term":[{"taxonomy":"category","embeddable":true,"href":"https:\/\/www.europesays.com\/es\/wp-json\/wp\/v2\/categories?post=174810"},{"taxonomy":"post_tag","embeddable":true,"href":"https:\/\/www.europesays.com\/es\/wp-json\/wp\/v2\/tags?post=174810"}],"curies":[{"name":"wp","href":"https:\/\/api.w.org\/{rel}","templated":true}]}}