{"id":174838,"date":"2025-10-13T21:30:09","date_gmt":"2025-10-13T21:30:09","guid":{"rendered":"https:\/\/www.europesays.com\/es\/174838\/"},"modified":"2025-10-13T21:30:09","modified_gmt":"2025-10-13T21:30:09","slug":"guerra-abierta-entre-la-rae-y-el-cervantes-para-inaugurar-el-cile-de-arequipa","status":"publish","type":"post","link":"https:\/\/www.europesays.com\/es\/174838\/","title":{"rendered":"Guerra abierta entre la RAE y el Cervantes para inaugurar el CILE de Arequipa"},"content":{"rendered":"<p style=\"\">Arequipa es una ciudad que se levanta sobre el Cintur\u00f3n de Fuego del Pac\u00edfico, a dos mil trescientos metros de altura, un privilegio que se paga con m\u00e1s de un centenar de terremotos al a\u00f1o y un clima seco apaciguado por la brisa. La mayor\u00eda  &#8230; de los se\u00edsmos, repiten los locales, son tan leves que no se notan, pero suceden. El que ha sacudido el inicio del X Congreso Internacional de la Lengua (CILE), en cambio, ha sido de los evidentes: una guerra abierta entre el Instituto Cervantes y la Real Academia Espa\u00f1ola (RAE), las dos entidades organizadoras del evento m\u00e1s importante de la lengua espa\u00f1ola, despu\u00e9s de que el director de la primera atacara verbalmente al de la segunda. Esto, claro, a\u00fan abre todas las conversaciones entre acad\u00e9micos y periodistas en este lugar del mapa. Se lanzan preguntas as\u00ed: \u00bfcu\u00e1ndo se iniciaron realmente las hostilidades? \u00bfFue en C\u00e1diz o en C\u00f3rdoba? \u00bfY si es una orden pol\u00edtica? \u00bfO ser\u00e1 solo algo personal? \u00bfEs calent\u00f3n o estrategia? Todo eso sobrevolaba la rueda de prensa de inicio del CILE, donde no estaban sobre la mesa tanto los temas del congreso (mestizaje, inteligencia artificial y lenguaje claro) como la duda de si los directores de ambas instituciones firmar\u00edan la paz o continuar\u00edan la guerra. Antes, se hac\u00edan hasta bromas sobre si todo se resolver\u00eda con un duelo bajo el justiciero sol arequipe\u00f1o. Y aunque el sarao fue en interior, hubo mucho de eso.<\/p>\n<p class=\"voc-p\" style=\"\">Todas las dudas se despejaron tras el encuentro, celebrado en el sal\u00f3n de la Municipalidad Provincial de Arequipa: la rutputura entre las instituciones, o los directores, que es lo mismo, es total. Garc\u00eda Montero y Mu\u00f1oz Machado se sentaron separados por el alcalde de Arequipa, V\u00edctor Hugo Rivera. Ten\u00edan los gestos serios antes de empezar a hablar: era esa seriedad que antecede a las grandes citas. Entre el p\u00fablico hab\u00eda muchos acad\u00e9micos: Clara S\u00e1nchez, Carme Riera, Juan Luis Cebri\u00e1n, Soledad Pu\u00e9rtolas, Paloma Diaz-M\u00e1s, Salvador Guti\u00e9rrez Ord\u00f3\u00f1ez&#8230; Eran tantas las expectativas que los protagonistas solo pod\u00eda decepcionar. Hubo que esperar al turno de preguntas para que hablaran del conflicto. \u00bfServir\u00e1 este CILE, un lugar de di\u00e1logo, para apaciguar la relaci\u00f3n entre las instituciones? <\/p>\n<p class=\"voc-p\" style=\"\">Primero respondi\u00f3 Garc\u00eda Montero: \u00abPor lo que a m\u00ed me toca, desde el Instituto Cercvantes estoy interesado en colaborar con las instituciones de Arequipa y de Per\u00fa para que este congreso salga lo mejor posible. Las diferencias, que son muchas, las podremos conversar mucho despu\u00e9s, ya desde Espa\u00f1a\u00bb. Mu\u00f1oz Machado, tambi\u00e9n preguntado, no quiso mojarse en p\u00fablico: \u00abLas cuestiones que me preguntan no tienen nada que ver con el CILE, son accidentes perif\u00e9ricos, de combate. Y no tengo inter\u00e9s en responderlas en esta rueda de prensa ni a lo largo de este congreso\u00bb. Otra vez Garc\u00eda Montero: \u00abYa habr\u00e1 tiempo de hablar no solo sobre el director de la Real Academia Espa\u00f1ola, sino sobre el sucesor que est\u00e1n preparando, que tiene que ver mucho el comunicado que la RAE hizo la semana pasada\u00bb. \u00bfPor qu\u00e9 se enfrentan? \u00abNi idea, ni idea\u00bb, repiti\u00f3 Mu\u00f1oz Machado. Las elecciones de la RAE deber\u00edan ser a finales de 2026. Alguien mencion\u00f3 a Cebri\u00e1n como sucesor\u2026<\/p>\n<p>\nEl origen del conflicto\n<\/p>\n<p class=\"voc-p\" style=\"\">Para entender todo esto hay que retroceder unos d\u00edas. El conflicto empez\u00f3 el jueves, cuando Luis Garc\u00eda Montero, director del Cervantes, entidad dependiente del ministerio de Exteriores, lanz\u00f3 su ofensiva diciendo que \u00e9l estaba acostumbrado a hablar en la RAE con grandes fil\u00f3logos y hombres de la cultura como Fernando L\u00e1zaro Carreter, V\u00edctor Garc\u00eda de la Concha o Dar\u00edo Villanueva y que ahora, en cambio, la situaci\u00f3n hab\u00eda cambiado a peor. \u00abLa RAE est\u00e1 en manos de un catedr\u00e1tico de Derecho Administrativo [Santiago Mu\u00f1oz Machado] experto en llevar negocios desde su despacho para empresas multimillonarias y eso, personalmente, tambi\u00e9n crea distancias\u00ab, dijo, durante un desayuno de prensa. <\/p>\n<p class=\"voc-p\" style=\"\">Esa misma tarde, el pleno de la Academia respondi\u00f3 con contundencia al poeta. \u00abEl pleno ha acordado por unanimidad manifestar su absoluta repulsa por las incomprensibles manifestaciones del se\u00f1or Garc\u00eda Montero, por completo desafortunadas e inoportunas en la v\u00edspera del comienzo del X CILE. Esta es una ocasi\u00f3n fundamental para la cultura y la lengua espa\u00f1olas, que re\u00fane representaciones de todas las naciones hispanohablantes, que el director del Instituto Cervantes ha enturbiado con sus declaraciones\u00bb. As\u00ed ha sido hasta el momento: las cr\u00f3nicas van en esa direcci\u00f3n como moscas a la luz.<\/p>\n<p class=\"voc-p\" style=\"\">A esta fiesta de agravios, por cierto, tambi\u00e9n se sum\u00f3 <a href=\"https:\/\/www.abc.es\/cultura\/alvaro-pombo-imaginario-cutre-poeta-experiencia-blanda-20251012042356-nt.html\" data-voc-vtm-id=\"in-text-traffic\" title=\"\u00c1lvaro Pombo\" rel=\"nofollow noopener\" target=\"_blank\">\u00c1lvaro Pombo<\/a>, \u00faltimo premio Cervantes, con un art\u00edculo contra Garc\u00eda Montero en el que lo llamaba bur\u00f3crata y otras cosas bonitas. \u00abLo que necesita Luis Garc\u00eda Montero a todo trance es un empleo m\u00e1s tranquilo a\u00fan y menos significativo que el que ya tiene, y un mecenas. La falta de mecenas estremece al p\u00fablico socialista comunista espa\u00f1ol. Cada vez hay menos mecenas privados y m\u00e1s dinero p\u00fablico invertido en poetas menores\u00bb, sentenciaba. Garc\u00eda Montero volvi\u00f3 a repetir sus ataques en una entrevista publicada este fin de semana en los peri\u00f3dicos regionales de Vocento\u2026 Y seguimos en la misma. Garc\u00eda Montero, antes de cerrar la rueda de prensa, record\u00f3 que \u00e9l s\u00ed es fil\u00f3logo.<\/p>\n<p class=\"voc-p\" style=\"\">Esta es una guerra que enturbia un CILE ya enturbiado por la situaci\u00f3n pol\u00edtica de Per\u00fa. Al poco de estallar la guerra RAE-Cervantes, la presidenta de Per\u00fa, Dina Boluarte, fue destituida por su \u00abincapacidad moral\u00bb para gobernar despu\u00e9s de una moci\u00f3n de censura promovida por los mismos diputados que la hab\u00edan permitido gobernar estos \u00faltimos tres a\u00f1os. Nadie parece echarla de menos: apenas contaba con el 2% de popularidad, la peor cifra en la historia reciente de Per\u00fa&#8230; Su sustituto, Jos\u00e9 Jer\u00ed, ya carga con acusaciones de violaci\u00f3n y, tras un seguimiento en redes sociales, lo han tachado de fiel seguidor de p\u00e1ginas pornogr\u00e1ficas en Instagram. A\u00fan no se sabe si acudir\u00e1 a la apertura oficial del CILE de este mi\u00e9rcoles, donde como es tradici\u00f3n estar\u00e1 el Rey Felipe, y donde iba a estar Boluarte. Las malas lenguas dicen que ya solo falta que entre en erupci\u00f3n el volc\u00e1n Misti, uno de los tres que rodean Arequipa, para terminar de inaugurar el CILE. En fin, es una fiesta. Una fiesta volc\u00e1nica. O s\u00edsmica.<\/p>\n","protected":false},"excerpt":{"rendered":"Arequipa es una ciudad que se levanta sobre el Cintur\u00f3n de Fuego del Pac\u00edfico, a dos mil trescientos&hellip;\n","protected":false},"author":2,"featured_media":174839,"comment_status":"","ping_status":"","sticky":false,"template":"","format":"standard","meta":{"footnotes":""},"categories":[8],"tags":[3109,48448,17,18,36447,50222,25,24,13,14,69,11,50221,19,20,9,10,15,16,670,23,12,21,22],"class_list":{"0":"post-174838","1":"post","2":"type-post","3":"status-publish","4":"format-standard","5":"has-post-thumbnail","7":"category-espana","8":"tag-abierta","9":"tag-arequipa","10":"tag-breaking-news","11":"tag-breakingnews","12":"tag-cervantes","13":"tag-cile","14":"tag-es","15":"tag-espana","16":"tag-featured-news","17":"tag-featurednews","18":"tag-guerra","19":"tag-headlines","20":"tag-inaugurar","21":"tag-latest-news","22":"tag-latestnews","23":"tag-news","24":"tag-noticias","25":"tag-noticias-destacadas","26":"tag-noticiasdestacadas","27":"tag-rae","28":"tag-spain","29":"tag-titulares","30":"tag-ultimas-noticias","31":"tag-ultimasnoticias"},"share_on_mastodon":{"url":"","error":""},"_links":{"self":[{"href":"https:\/\/www.europesays.com\/es\/wp-json\/wp\/v2\/posts\/174838","targetHints":{"allow":["GET"]}}],"collection":[{"href":"https:\/\/www.europesays.com\/es\/wp-json\/wp\/v2\/posts"}],"about":[{"href":"https:\/\/www.europesays.com\/es\/wp-json\/wp\/v2\/types\/post"}],"author":[{"embeddable":true,"href":"https:\/\/www.europesays.com\/es\/wp-json\/wp\/v2\/users\/2"}],"replies":[{"embeddable":true,"href":"https:\/\/www.europesays.com\/es\/wp-json\/wp\/v2\/comments?post=174838"}],"version-history":[{"count":0,"href":"https:\/\/www.europesays.com\/es\/wp-json\/wp\/v2\/posts\/174838\/revisions"}],"wp:featuredmedia":[{"embeddable":true,"href":"https:\/\/www.europesays.com\/es\/wp-json\/wp\/v2\/media\/174839"}],"wp:attachment":[{"href":"https:\/\/www.europesays.com\/es\/wp-json\/wp\/v2\/media?parent=174838"}],"wp:term":[{"taxonomy":"category","embeddable":true,"href":"https:\/\/www.europesays.com\/es\/wp-json\/wp\/v2\/categories?post=174838"},{"taxonomy":"post_tag","embeddable":true,"href":"https:\/\/www.europesays.com\/es\/wp-json\/wp\/v2\/tags?post=174838"}],"curies":[{"name":"wp","href":"https:\/\/api.w.org\/{rel}","templated":true}]}}