{"id":174878,"date":"2025-10-13T21:53:11","date_gmt":"2025-10-13T21:53:11","guid":{"rendered":"https:\/\/www.europesays.com\/es\/174878\/"},"modified":"2025-10-13T21:53:11","modified_gmt":"2025-10-13T21:53:11","slug":"trump-lanza-un-mensaje-a-sanchez-en-plena-cumbre-de-paz-en-gaza-estais-trabajando-sobre-el-pib","status":"publish","type":"post","link":"https:\/\/www.europesays.com\/es\/174878\/","title":{"rendered":"Trump lanza un mensaje a S\u00e1nchez en plena cumbre de paz en Gaza: \u00ab\u00bfEst\u00e1is trabajando sobre el PIB?\u00bb"},"content":{"rendered":"<p>          <img decoding=\"async\" class=\"c-ad__placeholder__logo\" src=\"https:\/\/static.euronews.com\/website\/images\/logos\/logo-euronews-stacked-outlined-72x72-grey-9.svg\" width=\"72\" height=\"72\" alt=\"\" loading=\"lazy\"\/><br \/>\n          PUBLICIDAD<\/p>\n<p>En medio de la esperada cumbre para la firma de la paz en Gaza, <strong>Donald Trump<\/strong> aprovech\u00f3 su intervenci\u00f3n para lanzar una nueva provocaci\u00f3n diplom\u00e1tica, esta vez dirigida al presidente del Gobierno espa\u00f1ol, <a href=\"https:\/\/es.euronews.com\/2025\/10\/11\/pedro-sanchez-asistira-a-la-cumbre-de-lideres-mundiales-en-egipto-para-conmemorar-el-fin-d\" rel=\"nofollow noopener\" target=\"_blank\"><strong>Pedro S\u00e1nchez<\/strong><\/a><strong>.<\/strong><\/p>\n<p><strong>\u00ab\u00bfEst\u00e1is trabajando sobre el PIB?\u00bb,<\/strong> pregunt\u00f3 el mandatario estadounidense, en alusi\u00f3n a los compromisos de gasto en Defensa de Espa\u00f1a. \u00abBueno, ya llegaremos a eso. Est\u00e1is haciendo un trabajo fant\u00e1stico\u00bb, a\u00f1adi\u00f3 con tono ir\u00f3nico, arrancando algunas sonrisas entre los asistentes y dejando clara su molestia con la negativa del Ejecutivo espa\u00f1ol a elevar la inversi\u00f3n militar al nivel exigido por Washington.<\/p>\n<p>Del Parlamento israel\u00ed a la cumbre egipcia<\/p>\n<p>El comentario tuvo lugar poco despu\u00e9s del discurso que Trump pronunci\u00f3 en el parlamento israel\u00ed, donde asegur\u00f3 ver un \u00abfuturo brillante\u00bb para Israel y Oriente Pr\u00f3ximo tras el <a href=\"https:\/\/es.euronews.com\/2025\/10\/13\/el-plan-de-paz-para-gaza-de-trump-ya-esta-en-marcha-y-ahora-que\" rel=\"nofollow noopener\" target=\"_blank\">alto el fuego alcanzado en Gaza<\/a>. El acto fue interrumpido por dos diputados de izquierda, que reclamaron reconocimiento para Palestina antes de ser desalojados.<\/p>\n<p>Tras su paso por Jerusal\u00e9n, el presidente estadounidense viaj\u00f3 a <strong>Egipto<\/strong>, donde se reuni\u00f3 con el mandatario Abdel Fattah al-Sisi y particip\u00f3 en la <strong>firma del acuerdo de paz en Gaza<\/strong>.<\/p>\n<p>Espa\u00f1a, bajo presi\u00f3n por el gasto militar<\/p>\n<p>El trasfondo de la frase va m\u00e1s all\u00e1 del gesto. Desde hace meses, Washington y varios <a href=\"https:\/\/es.euronews.com\/2025\/10\/10\/bolanos-asegura-que-espana-seguira-siendo-un-socio-leal-y-de-pleno-derecho-de-la-otan\" rel=\"nofollow noopener\" target=\"_blank\">aliados de la OTAN<\/a> presionan a Espa\u00f1a para que aumente su gasto en Defensa. En la <strong>cumbre de la OTAN de junio en La Haya<\/strong>, los pa\u00edses miembros acordaron un objetivo del <strong>5 % del PIB<\/strong> en el horizonte de 2035. Espa\u00f1a consigui\u00f3 una <strong>exenci\u00f3n parcial<\/strong>, comprometi\u00e9ndose \u00fanicamente a alcanzar el <strong>2,1 %<\/strong>, una cifra que el Gobierno considera \u00abcompatible con su modelo social\u00bb y su capacidad presupuestaria.<\/p>\n<p>La Casa Blanca, sin embargo, insiste en que Madrid \u00abdebe contribuir m\u00e1s\u00bb al esfuerzo com\u00fan y ha se\u00f1alado p\u00fablicamente a Espa\u00f1a como uno de los \u00abrezagados\u00bb de la <strong>Alianza Atl\u00e1ntica<\/strong>. Trump ha sido especialmente cr\u00edtico: incluso lleg\u00f3 a sugerir que los pa\u00edses que no cumplan las metas de gasto \u00abno deber\u00edan beneficiarse de la protecci\u00f3n de la OTAN\u00bb.<\/p>\n","protected":false},"excerpt":{"rendered":"PUBLICIDAD En medio de la esperada cumbre para la firma de la paz en Gaza, Donald Trump aprovech\u00f3&hellip;\n","protected":false},"author":2,"featured_media":174879,"comment_status":"","ping_status":"","sticky":false,"template":"","format":"standard","meta":{"footnotes":""},"categories":[8],"tags":[17,18,352,25,24,13,14,1256,11,74,19,20,9,10,15,16,11506,2959,23,12,21,22],"class_list":{"0":"post-174878","1":"post","2":"type-post","3":"status-publish","4":"format-standard","5":"has-post-thumbnail","7":"category-espana","8":"tag-breaking-news","9":"tag-breakingnews","10":"tag-donald-trump","11":"tag-es","12":"tag-espana","13":"tag-featured-news","14":"tag-featurednews","15":"tag-franja-de-gaza","16":"tag-headlines","17":"tag-israel","18":"tag-latest-news","19":"tag-latestnews","20":"tag-news","21":"tag-noticias","22":"tag-noticias-destacadas","23":"tag-noticiasdestacadas","24":"tag-paz","25":"tag-pedro-sanchez","26":"tag-spain","27":"tag-titulares","28":"tag-ultimas-noticias","29":"tag-ultimasnoticias"},"share_on_mastodon":{"url":"","error":""},"_links":{"self":[{"href":"https:\/\/www.europesays.com\/es\/wp-json\/wp\/v2\/posts\/174878","targetHints":{"allow":["GET"]}}],"collection":[{"href":"https:\/\/www.europesays.com\/es\/wp-json\/wp\/v2\/posts"}],"about":[{"href":"https:\/\/www.europesays.com\/es\/wp-json\/wp\/v2\/types\/post"}],"author":[{"embeddable":true,"href":"https:\/\/www.europesays.com\/es\/wp-json\/wp\/v2\/users\/2"}],"replies":[{"embeddable":true,"href":"https:\/\/www.europesays.com\/es\/wp-json\/wp\/v2\/comments?post=174878"}],"version-history":[{"count":0,"href":"https:\/\/www.europesays.com\/es\/wp-json\/wp\/v2\/posts\/174878\/revisions"}],"wp:featuredmedia":[{"embeddable":true,"href":"https:\/\/www.europesays.com\/es\/wp-json\/wp\/v2\/media\/174879"}],"wp:attachment":[{"href":"https:\/\/www.europesays.com\/es\/wp-json\/wp\/v2\/media?parent=174878"}],"wp:term":[{"taxonomy":"category","embeddable":true,"href":"https:\/\/www.europesays.com\/es\/wp-json\/wp\/v2\/categories?post=174878"},{"taxonomy":"post_tag","embeddable":true,"href":"https:\/\/www.europesays.com\/es\/wp-json\/wp\/v2\/tags?post=174878"}],"curies":[{"name":"wp","href":"https:\/\/api.w.org\/{rel}","templated":true}]}}