{"id":174950,"date":"2025-10-13T22:34:27","date_gmt":"2025-10-13T22:34:27","guid":{"rendered":"https:\/\/www.europesays.com\/es\/174950\/"},"modified":"2025-10-13T22:34:27","modified_gmt":"2025-10-13T22:34:27","slug":"el-aumento-de-las-infecciones-de-transmision-sexual-tambien-golpea-a-los-recien-nacidos-con-dos-fallecidos-por-sifilis-congenita-sociedad","status":"publish","type":"post","link":"https:\/\/www.europesays.com\/es\/174950\/","title":{"rendered":"El aumento de las infecciones de transmisi\u00f3n sexual tambi\u00e9n golpea a los reci\u00e9n nacidos, con dos fallecidos por s\u00edfilis cong\u00e9nita | Sociedad"},"content":{"rendered":"<p class=\"\"><a href=\"https:\/\/elpais.com\/sociedad\/2024-10-21\/las-infecciones-de-transmision-sexual-siguen-disparadas-la-gonorrea-crece-un-42-y-la-sifilis-un-24.html\" rel=\"nofollow noopener\" title=\"https:\/\/elpais.com\/sociedad\/2024-10-21\/las-infecciones-de-transmision-sexual-siguen-disparadas-la-gonorrea-crece-un-42-y-la-sifilis-un-24.html\" target=\"_blank\">El aumento de las infecciones de transmisi\u00f3n sexual (ITS)<\/a>, un problema de salud p\u00fablica sobre el que alertan desde hace a\u00f1os organismos internacionales y autoridades sanitarias, tambi\u00e9n golpea con fuerza a los reci\u00e9n nacidos. Este es el aviso lanzado por investigadores del <a href=\"https:\/\/cne.isciii.es\/\" rel=\"nofollow noopener\" title=\"https:\/\/cne.isciii.es\/\" target=\"_blank\">Centro Nacional de Epidemiolog\u00eda (CNE)<\/a>, que han observado que desde 2016 se ha triplicado en Espa\u00f1a la incidencia de la s\u00edfilis cong\u00e9nita. <\/p>\n<p class=\"\">Este grave cuadro cl\u00ednico tiene su origen en la transmisi\u00f3n de la bacteria causante de la enfermedad, <a href=\"https:\/\/elpais.com\/elpais\/2019\/11\/30\/ciencia\/1575129049_989399.html\" target=\"_self\" rel=\"nofollow noopener\" title=\"https:\/\/elpais.com\/elpais\/2019\/11\/30\/ciencia\/1575129049_989399.html\">la Treponema pallidum<\/a>, de la madre al beb\u00e9 a trav\u00e9s de la placenta durante el embarazo y puede provocar graves secuelas en el reci\u00e9n nacido \u2014problemas neurol\u00f3gicos, p\u00e9rdida de visi\u00f3n, sordera, malformaciones, hepatitis cr\u00f3nica&#8230;\u2014 e incluso la muerte. Un total de 38 neonatos, de los que dos han fallecido, han sufrido la infecci\u00f3n en Espa\u00f1a entre 2016 y 2024, con una marcada tendencia al alza que ha ido paralela al incremento de los contagios de <a href=\"https:\/\/elpais.com\/sociedad\/2024-03-07\/el-aumento-sustancial-de-las-infecciones-de-transmision-sexual-alarma-a-las-autoridades-sanitarias-europeas.html\" rel=\"nofollow noopener\" title=\"https:\/\/elpais.com\/sociedad\/2024-03-07\/el-aumento-sustancial-de-las-infecciones-de-transmision-sexual-alarma-a-las-autoridades-sanitarias-europeas.html\" target=\"_blank\">s\u00edfilis y otras ITS en toda Europa<\/a>. <\/p>\n<p class=\"\">Los 10 casos registrados en Espa\u00f1a el a\u00f1o pasado han disparado la incidencia de la s\u00edfilis cong\u00e9nita hasta 2,72 casos por cada 100.000 ni\u00f1os nacidos vivos, la m\u00e1s elevada registrada en todo el siglo XXI, seg\u00fan los datos del CNE (adscrito al Instituto de Salud Carlos III). Los casos hace una d\u00e9cada oscilaban entre uno y cuatro al a\u00f1o.<\/p>\n<p class=\"\">\u201cUn pa\u00eds como Espa\u00f1a, con su nivel de desarrollo, no deber\u00eda tener estos casos. La enfermedad es prevenible mediante el cribado en el embarazo y el tratamiento adecuado. Cada diagn\u00f3stico revela que la gestaci\u00f3n no ha sido bien atendida en el sistema sanitario, lo que sugiere barreras de acceso a la sanidad p\u00fablica y una situaci\u00f3n de vulnerabilidad de las madres\u201d, afirman Victoria Hernando y Asunci\u00f3n D\u00edaz, del CNE. Ambas han presentado un estudio, del que la primera es la autora principal, con los \u00faltimos datos de los sistemas de vigilancia en el <a href=\"https:\/\/www.reunionanualsee.org\/index.php?go=inicio\" rel=\"nofollow noopener\" title=\"https:\/\/www.reunionanualsee.org\/index.php?go=inicio\" target=\"_blank\">reciente congreso de la Sociedad Espa\u00f1ola de Epidemiolog\u00eda (SEE)<\/a>, celebrado en Las Palmas de Gran Canaria. <\/p>\n<p class=\"\">El trabajo muestra que solo una de cada cuatro gestantes que dieron a luz a un beb\u00e9 con s\u00edfilis cong\u00e9nita participaron en el cribado para descartar la infecci\u00f3n, seg\u00fan los datos disponibles. \u201cEs una proporci\u00f3n baj\u00edsima. Esta prueba debe hacerse a todas las mujeres en el primer trimestre del embarazo. En el caso de que el equipo que atiende a la paciente observe una situaci\u00f3n de riesgo, la prueba debe repetirse en el tercer trimestre\u201d, explica \u00d3scar Mart\u00ednez, presidente del Grupo Espa\u00f1ol de Seguridad Obst\u00e9trica.<\/p>\n<p class=\"\">Entre las mujeres diagnosticadas, adem\u00e1s, en menos de una tercera parte de los casos hay registros de que se cumpliera el tratamiento indicado. Gema Fern\u00e1ndez Rivas, portavoz de la Sociedad Espa\u00f1ola de Enfermedades Infecciosas y Microbiolog\u00eda Cl\u00ednica (SEIMC), destaca la importancia de este punto: \u201cLa s\u00edfilis cong\u00e9nita es evitable si la madre recibe el tratamiento con antibi\u00f3ticos. La clave est\u00e1 en el diagn\u00f3stico y tratamiento precoz\u201d.<\/p>\n<p class=\"\">Esta experta coincide con las autoras del estudio en la necesidad de extremar la vigilancia para prevenir todos los casos de s\u00edfilis cong\u00e9nita. \u201cEn una enfermedad tan grave, pero a la vez prevenible con los medios diagn\u00f3sticos y tratamientos disponibles, que un solo caso en Espa\u00f1a puede considerarse demasiado\u201d, afirma.<\/p>\n<p class=\"\">De los 38 beb\u00e9s diagnosticados, adem\u00e1s de los dos fallecimientos, seis sufrieron afectaciones del sistema nervioso central, siete lesiones mucocut\u00e1neas, seis anemia, 12 hepatoesplenomegalia (agrandamiento del h\u00edgado y el bazo) y 13 que han sido agrupadas bajo la categor\u00eda de \u201cotras\u201d.<\/p>\n<p class=\"\">El estudio ofrece claves que sugieren la relaci\u00f3n entre los casos diagnosticados y situaciones de vulnerabilidad social. Una de ellas es el lugar de origen de la madre. Entre las nacidas fuera de Espa\u00f1a, la s\u00edfilis cong\u00e9nita es m\u00e1s frecuente (16 casos por 12 de madre espa\u00f1ola) y reciben en menor proporci\u00f3n el tratamiento indicado (19% de las veces en comparaci\u00f3n al 33%).<\/p>\n<p class=\"\">Otro dato relevante es la edad de las madres. La mediana entre las nacidas en Espa\u00f1a es de 23 a\u00f1os (rango de 19 a 33), mientras que entre las originarias de otros pa\u00edses es de 25 (rango 22 a 29). Seg\u00fan datos del Instituto Nacional de Estad\u00edstica, la edad media de la maternidad en Espa\u00f1a es de \u201c33,1 a\u00f1os para las madres espa\u00f1olas y de 30,5 a\u00f1os para las madres extranjeras\u201d. <\/p>\n<p class=\"\">Con estos y otros datos analizados, las autoras sostienen que es necesario impulsar acciones para hacer frente a esta enfermedad: \u201cLa informaci\u00f3n recogida en la Red Nacional de Vigilancia Epidemiol\u00f3gica debe mejorarse para identificar posibles grupos vulnerables que ayuden a establecer medidas de prevenci\u00f3n y control de la s\u00edfilis cong\u00e9nita\u201d.<\/p>\n<p class=\"\">Jordi Casabona, coordinador del grupo de trabajo sobre ITS y VIH de la SEE, destaca la complejidad del problema. \u201cEstamos viendo un incremento de la s\u00edfilis cong\u00e9nita en Espa\u00f1a y el resto de Europa. Cuando hay un caso, quiere decir que algo ha ido mal en relaci\u00f3n con el diagn\u00f3stico y tratamiento de la s\u00edfilis en la madre antes o durante el embarazo. Lo primero que debe hacerse, por tanto, es revisar los protocolos y asegurarse de que se aplican de forma sistem\u00e1tica en todos los niveles sanitarios\u201d, defiende.<\/p>\n<p class=\"\">Este abordaje requiere reforzar planes y circuitos sanitarios, as\u00ed como sensibilizar a todos los profesionales para identificar a las mujeres con mayor riesgo. \u201cUn segundo punto a tener en cuenta es que, l\u00f3gicamente, hay m\u00e1s riesgo de que el sistema falle si entre la poblaci\u00f3n general hay m\u00e1s mujeres infectadas. La segunda actuaci\u00f3n debe estar dirigida a disminuir la incidencia y prevalencia de la s\u00edfilis y otras ITS en la comunidad. <a href=\"https:\/\/elpais.com\/elpais\/2019\/11\/30\/ciencia\/1575129049_989399.html\" target=\"_self\" rel=\"nofollow noopener\" title=\"https:\/\/elpais.com\/elpais\/2019\/11\/30\/ciencia\/1575129049_989399.html\">Y aqu\u00ed entran las campa\u00f1as de prevenci\u00f3n, la educaci\u00f3n sexual, el uso del preservativo<\/a>, los estudios de contactos cuando se detecta un caso, los cribados\u2026\u201d, a\u00f1ade Casabona.<\/p>\n<p class=\"\">Los llamamientos para reforzar la lucha contra las ITS han sido constantes en los \u00faltimos a\u00f1os. El Centro Europeo para el Control y Prevenci\u00f3n de Enfermedades (ECDC) inst\u00f3 en marzo de 2024 a los pa\u00edses a <a href=\"https:\/\/elpais.com\/sociedad\/2024-03-07\/el-aumento-sustancial-de-las-infecciones-de-transmision-sexual-alarma-a-las-autoridades-sanitarias-europeas.html\" target=\"_self\" rel=\"nofollow noopener\" title=\"https:\/\/elpais.com\/sociedad\/2024-03-07\/el-aumento-sustancial-de-las-infecciones-de-transmision-sexual-alarma-a-las-autoridades-sanitarias-europeas.html\">abordar de forma \u201curgente el incremento sustancial<\/a>\u201d de dolencias como la s\u00edfilis y la gonorrea, que en el a\u00f1o anterior hab\u00edan crecido en el continente el 34% y el 48%, respectivamente. <\/p>\n<p class=\"\">En Espa\u00f1a, el Ministerio de Sanidad y las principales sociedades cient\u00edfico-m\u00e9dicas <a href=\"https:\/\/elpais.com\/sociedad\/2024-10-23\/la-nueva-guia-de-sanidad-para-frenar-la-explosion-de-infecciones-de-transmision-sexual-mas-cribados-y-atencion-especial-a-adolescentes.html\" rel=\"nofollow noopener\" target=\"_blank\">presentaron el pasado mes de octubre una nueva gu\u00eda<\/a> para hacer frente a este auge, que incluye entre sus principales medidas un incremento de los cribados y una atenci\u00f3n especial a los adolescentes. Una investigaci\u00f3n del Hospital de Basurto presentada el a\u00f1o pasado en el congreso de la SEIMC pon\u00eda el foco en este \u00faltimo grupo y <a href=\"https:\/\/elpais.com\/sociedad\/2024-06-10\/la-epidemia-oculta-de-infecciones-sexuales-en-adolescentes-mas-casos-menos-visitas-al-medico-y-carencias-educativas.html\" rel=\"nofollow noopener\" target=\"_blank\">alertaba de la \u201cepidemia oculta\u201d de ITS<\/a> que sufre y que est\u00e1 relacionada con carencias educativas, un menor uso del preservativo que los mayores y una escasa disposici\u00f3n de acudir a los servicios sanitarios. <\/p>\n<p class=\"\">Un informe del ECDC publicado en febrero con datos de 2023 revel\u00f3 que <a href=\"https:\/\/www.ecdc.europa.eu\/en\/publications-data\/congenital-syphilis-annual-epidemiological-report-2023\" rel=\"nofollow noopener\" target=\"_blank\">78 beb\u00e9s hab\u00edan nacido con s\u00edfilis cong\u00e9nita ese a\u00f1o<\/a> en el continente \u2014cinco m\u00e1s que en 2022, aunque no todos los pa\u00edses reportan sus datos\u2014 e hizo un llamamiento a los gobiernos a mejorar los sistemas de informaci\u00f3n y las medidas destinadas a identificar y tratar los casos de s\u00edfilis en toda la poblaci\u00f3n, con una especial atenci\u00f3n a las mujeres embarazadas.<\/p>\n","protected":false},"excerpt":{"rendered":"El aumento de las infecciones de transmisi\u00f3n sexual (ITS), un problema de salud p\u00fablica sobre el que alertan&hellip;\n","protected":false},"author":2,"featured_media":174951,"comment_status":"","ping_status":"","sticky":false,"template":"","format":"standard","meta":{"footnotes":""},"categories":[92],"tags":[3473,929,1293,8995,25,24,20374,165,1913,166,1452,1811,492,23],"class_list":{"0":"post-174950","1":"post","2":"type-post","3":"status-publish","4":"format-standard","5":"has-post-thumbnail","7":"category-salud","8":"tag-bebes","9":"tag-embarazo","10":"tag-enfermedades","11":"tag-enfermedades-infecciosas","12":"tag-es","13":"tag-espana","14":"tag-ets","15":"tag-health","16":"tag-maternidad","17":"tag-salud","18":"tag-salud-publica","19":"tag-sanidad","20":"tag-sociedad","21":"tag-spain"},"share_on_mastodon":{"url":"","error":""},"_links":{"self":[{"href":"https:\/\/www.europesays.com\/es\/wp-json\/wp\/v2\/posts\/174950","targetHints":{"allow":["GET"]}}],"collection":[{"href":"https:\/\/www.europesays.com\/es\/wp-json\/wp\/v2\/posts"}],"about":[{"href":"https:\/\/www.europesays.com\/es\/wp-json\/wp\/v2\/types\/post"}],"author":[{"embeddable":true,"href":"https:\/\/www.europesays.com\/es\/wp-json\/wp\/v2\/users\/2"}],"replies":[{"embeddable":true,"href":"https:\/\/www.europesays.com\/es\/wp-json\/wp\/v2\/comments?post=174950"}],"version-history":[{"count":0,"href":"https:\/\/www.europesays.com\/es\/wp-json\/wp\/v2\/posts\/174950\/revisions"}],"wp:featuredmedia":[{"embeddable":true,"href":"https:\/\/www.europesays.com\/es\/wp-json\/wp\/v2\/media\/174951"}],"wp:attachment":[{"href":"https:\/\/www.europesays.com\/es\/wp-json\/wp\/v2\/media?parent=174950"}],"wp:term":[{"taxonomy":"category","embeddable":true,"href":"https:\/\/www.europesays.com\/es\/wp-json\/wp\/v2\/categories?post=174950"},{"taxonomy":"post_tag","embeddable":true,"href":"https:\/\/www.europesays.com\/es\/wp-json\/wp\/v2\/tags?post=174950"}],"curies":[{"name":"wp","href":"https:\/\/api.w.org\/{rel}","templated":true}]}}