{"id":174982,"date":"2025-10-13T22:54:15","date_gmt":"2025-10-13T22:54:15","guid":{"rendered":"https:\/\/www.europesays.com\/es\/174982\/"},"modified":"2025-10-13T22:54:15","modified_gmt":"2025-10-13T22:54:15","slug":"joakinovsky-y-perrukov-oye-como-va","status":"publish","type":"post","link":"https:\/\/www.europesays.com\/es\/174982\/","title":{"rendered":"Joakinovsky y Perrukov &#8211; \u00a1Oye c\u00f3mo va!"},"content":{"rendered":"<p>Ni D\u00eda de la Raza, ni D\u00eda de la Hispanidad, ni D\u00eda del Descubrimiento, ni milongas parecidas. Hoy, 12 de octubre, Joakinovsky y Perrukov quieren instaurar el D\u00eda del Oye C\u00f3mo va. La cosa es muy sencilla: t\u00fa te encuentras con una persona con la que compartes idioma, ancestros, cari\u00f1os y culturas y le dices \u201cOye c\u00f3mo va\u201d, y esa persona te cuenta c\u00f3mo le va, o se lo cuentas t\u00fa, y, de paso, os tom\u00e1is unos tacos o una tortillas o unas arepas o unos tamales o tres buenos piscos o cuatro incakolas mientras retumban rumbosas canciones y os hac\u00e9is cada vez m\u00e1s amigos. \u00bfQui\u00e9n no querr\u00eda apuntarse al D\u00eda del Oye C\u00f3mo va? <\/p>\n","protected":false},"excerpt":{"rendered":"Ni D\u00eda de la Raza, ni D\u00eda de la Hispanidad, ni D\u00eda del Descubrimiento, ni milongas parecidas. Hoy,&hellip;\n","protected":false},"author":2,"featured_media":174983,"comment_status":"","ping_status":"","sticky":false,"template":"","format":"standard","meta":{"footnotes":""},"categories":[170],"tags":[50244,146,147,25,24,50243,184,185,133,1448,1986,1987,23],"class_list":{"0":"post-174982","1":"post","2":"type-post","3":"status-publish","4":"format-standard","5":"has-post-thumbnail","7":"category-musica","8":"tag-oye-como-va","9":"tag-entertainment","10":"tag-entretenimiento","11":"tag-es","12":"tag-espana","13":"tag-joakinovsky-y-perrukov","14":"tag-music","15":"tag-musica","16":"tag-online","17":"tag-radio","18":"tag-rne","19":"tag-rtve-play","20":"tag-spain"},"share_on_mastodon":{"url":"","error":""},"_links":{"self":[{"href":"https:\/\/www.europesays.com\/es\/wp-json\/wp\/v2\/posts\/174982","targetHints":{"allow":["GET"]}}],"collection":[{"href":"https:\/\/www.europesays.com\/es\/wp-json\/wp\/v2\/posts"}],"about":[{"href":"https:\/\/www.europesays.com\/es\/wp-json\/wp\/v2\/types\/post"}],"author":[{"embeddable":true,"href":"https:\/\/www.europesays.com\/es\/wp-json\/wp\/v2\/users\/2"}],"replies":[{"embeddable":true,"href":"https:\/\/www.europesays.com\/es\/wp-json\/wp\/v2\/comments?post=174982"}],"version-history":[{"count":0,"href":"https:\/\/www.europesays.com\/es\/wp-json\/wp\/v2\/posts\/174982\/revisions"}],"wp:featuredmedia":[{"embeddable":true,"href":"https:\/\/www.europesays.com\/es\/wp-json\/wp\/v2\/media\/174983"}],"wp:attachment":[{"href":"https:\/\/www.europesays.com\/es\/wp-json\/wp\/v2\/media?parent=174982"}],"wp:term":[{"taxonomy":"category","embeddable":true,"href":"https:\/\/www.europesays.com\/es\/wp-json\/wp\/v2\/categories?post=174982"},{"taxonomy":"post_tag","embeddable":true,"href":"https:\/\/www.europesays.com\/es\/wp-json\/wp\/v2\/tags?post=174982"}],"curies":[{"name":"wp","href":"https:\/\/api.w.org\/{rel}","templated":true}]}}