{"id":175001,"date":"2025-10-13T23:04:07","date_gmt":"2025-10-13T23:04:07","guid":{"rendered":"https:\/\/www.europesays.com\/es\/175001\/"},"modified":"2025-10-13T23:04:07","modified_gmt":"2025-10-13T23:04:07","slug":"guarico-campeon-nacional-de-balonmano","status":"publish","type":"post","link":"https:\/\/www.europesays.com\/es\/175001\/","title":{"rendered":"Gu\u00e1rico campe\u00f3n nacional de Balonmano"},"content":{"rendered":"\n<p>La selecci\u00f3n de<strong>\u00a0Gu\u00e1rico se coron\u00f3 en el Campeonato Nacional Juvenil de Balonmano masculino<\/strong>\u00a0<strong>al derrotar 46-37 a\u00a0Carabobo\u00a0en la final<\/strong>, disputada en el Complejo Deportivo Bicentenario \u00abSim\u00f3n Bol\u00edvar\u00bb, en el municipio Naguanagua, Carabobo.<\/p>\n<p>El campeonato se<strong>\u00a0celebr\u00f3 el pasado fin de semana bajo el formato de todos contra todos<\/strong>\u00a0donde los representantes de Caracas, Carabobo, Gu\u00e1rico y Anzo\u00e1tegui jugaron un total de\u00a0<strong>3 encuentros cada uno<\/strong>\u00a0y completaron\u00a0<strong>12 partidos en la ronda clasificatoria<\/strong>.<\/p>\n<p><strong>El torneo cont\u00f3 con la evaluaci\u00f3n de la comisi\u00f3n t\u00e9cnica<\/strong>\u00a0con el objetivo\u00a0 de captar nuevos talentos que ser\u00e1n llamados a conformar la preselecci\u00f3n juvenil nacional.<\/p>\n<p>Camino al t\u00edtulo<\/p>\n<p>El equipo de\u00a0<strong>Gu\u00e1rico inici\u00f3 su camino\u00a0<\/strong>al campeonato con un<strong>\u00a0registro perfecto de 3 victorias<\/strong>\u00a0en igual n\u00famero de partidos, asegurando su boleto a la final.<\/p>\n<p>Por su parte,\u00a0<strong>Carabobo accedi\u00f3 a la final con un registro de 2-1<\/strong>, perdiendo su \u00fanico partido precisamente ante Gu\u00e1rico con marcador de 28-35.<\/p>\n<p><strong>Leer tambi\u00e9n: <a href=\"https:\/\/www.liderendeportes.com\/noticias\/mas-deportes\/paratenis-de-mesa-acumulo-par-de-bronces\/\" rel=\"nofollow noopener\" target=\"_blank\">Paratenis de mesa acumul\u00f3 par de bronces<\/a><\/strong><\/p>\n<p>La gran final<\/p>\n<p>El duelo por el t\u00edtulo fue intenso.\u00a0<strong>Los llaneros repitieron la dosis, esta vez por 46-37 al conjunto carabobe\u00f1o\u00a0<\/strong>a pesar de los esfuerzos de estos \u00faltimos que ofrecieron m\u00e1s resistencia.<\/p>\n<p><strong>El ritmo contundente de los guarique\u00f1os\u00a0<\/strong>sobrepas\u00f3 el esfuerzo de sus contrincantes para titularse campeones.<\/p>\n<p><strong>El tercer lugar y la medalla de bronce fue para la selecci\u00f3n de Caracas\u00a0<\/strong>al imponerse a la representaci\u00f3n de Anzo\u00e1tegui con un marcador de 47-36.<\/p>\n<p>Destacados<\/p>\n<p>La distinci\u00f3n de\u00a0<strong>m\u00e1ximo goleador del torneo<\/strong>\u00a0qued\u00f3 en manos del\u00a0<strong>guarique\u00f1o Jes\u00fas Ojeda con 31 goles\u00a0<\/strong>en 4 partidos.<\/p>\n<p>Mientras que el\u00a0<strong>premio al mejor portero\u00a0<\/strong>recay\u00f3 en el tambi\u00e9n guarique\u00f1o\u00a0<strong>Wilder Alburjas con 26 paradas en 62 minutos de juego<\/strong>.<\/p>\n<p><strong>Felipe Ram\u00edrez \/ Prensa Mindeporte<\/strong><\/p>\n","protected":false},"excerpt":{"rendered":"La selecci\u00f3n de\u00a0Gu\u00e1rico se coron\u00f3 en el Campeonato Nacional Juvenil de Balonmano masculino\u00a0al derrotar 46-37 a\u00a0Carabobo\u00a0en la final,&hellip;\n","protected":false},"author":2,"featured_media":175002,"comment_status":"","ping_status":"","sticky":false,"template":"","format":"standard","meta":{"footnotes":""},"categories":[278],"tags":[376,168,25,24,375,23,167],"class_list":{"0":"post-175001","1":"post","2":"type-post","3":"status-publish","4":"format-standard","5":"has-post-thumbnail","7":"category-balonmano","8":"tag-balonmano","9":"tag-deportes","10":"tag-es","11":"tag-espana","12":"tag-handball","13":"tag-spain","14":"tag-sports"},"share_on_mastodon":{"url":"","error":""},"_links":{"self":[{"href":"https:\/\/www.europesays.com\/es\/wp-json\/wp\/v2\/posts\/175001","targetHints":{"allow":["GET"]}}],"collection":[{"href":"https:\/\/www.europesays.com\/es\/wp-json\/wp\/v2\/posts"}],"about":[{"href":"https:\/\/www.europesays.com\/es\/wp-json\/wp\/v2\/types\/post"}],"author":[{"embeddable":true,"href":"https:\/\/www.europesays.com\/es\/wp-json\/wp\/v2\/users\/2"}],"replies":[{"embeddable":true,"href":"https:\/\/www.europesays.com\/es\/wp-json\/wp\/v2\/comments?post=175001"}],"version-history":[{"count":0,"href":"https:\/\/www.europesays.com\/es\/wp-json\/wp\/v2\/posts\/175001\/revisions"}],"wp:featuredmedia":[{"embeddable":true,"href":"https:\/\/www.europesays.com\/es\/wp-json\/wp\/v2\/media\/175002"}],"wp:attachment":[{"href":"https:\/\/www.europesays.com\/es\/wp-json\/wp\/v2\/media?parent=175001"}],"wp:term":[{"taxonomy":"category","embeddable":true,"href":"https:\/\/www.europesays.com\/es\/wp-json\/wp\/v2\/categories?post=175001"},{"taxonomy":"post_tag","embeddable":true,"href":"https:\/\/www.europesays.com\/es\/wp-json\/wp\/v2\/tags?post=175001"}],"curies":[{"name":"wp","href":"https:\/\/api.w.org\/{rel}","templated":true}]}}