{"id":175003,"date":"2025-10-13T23:09:10","date_gmt":"2025-10-13T23:09:10","guid":{"rendered":"https:\/\/www.europesays.com\/es\/175003\/"},"modified":"2025-10-13T23:09:10","modified_gmt":"2025-10-13T23:09:10","slug":"el-biofrutal-sport-de-monzon-se-consagra-en-casa-como-el-mejor-club-de-pump-track","status":"publish","type":"post","link":"https:\/\/www.europesays.com\/es\/175003\/","title":{"rendered":"El Biofrutal Sport de Monz\u00f3n se consagra en casa como el mejor club de pump track"},"content":{"rendered":"<p class=\"paragraph\">El circuito del Parque de la Azucarera de <a href=\"https:\/\/www.heraldo.es\/tags\/lugares\/monzon.html\" title=\"Monz\u00f3n\" rel=\"nofollow noopener\" target=\"_blank\">Monz\u00f3n<\/a> se convirti\u00f3 el s\u00e1bado en el epicentro nacional del pump track con la celebraci\u00f3n del <b>Campeonato de Espa\u00f1a, una cita que reuni\u00f3 a cerca de 180 participantes de todo el pa\u00eds<\/b> -incluidos corredores de los dos archipi\u00e9lagos- bajo una climatolog\u00eda perfecta y con gran afluencia de p\u00fablico. La jornada, organizada por el Club Deportivo Biofrutal Sport con el apoyo del Ayuntamiento de Monz\u00f3n, bati\u00f3 el r\u00e9cord de participaci\u00f3n de esta disciplina en Espa\u00f1a y confirm\u00f3 a la ciudad como un referente nacional.<\/p>\n<p class=\"paragraph\">El gran protagonista fue precisamente el club anfitri\u00f3n, Biofrutal Sport, <b>que se coron\u00f3 como el m\u00e1s laureado del pa\u00eds en este Campeonato de Espa\u00f1a<\/b> tras sumar tres oros, una plata, un cuarto puesto y tres quintos puestos. El equipo montisonense, que ya hab\u00eda cerrado semanas atr\u00e1s la Copa de Espa\u00f1a como el club con m\u00e1s victorias, consolid\u00f3 as\u00ed su dominio en el pump track nacional.<\/p>\n<p class=\"paragraph\">Por la ma\u00f1ana se disputaron las categor\u00edas sub-12, en las que el montisonense <b>Marcos Barranco brill\u00f3 con luz propia al ser el m\u00e1s r\u00e1pido de toda la ma\u00f1ana y proclamarse campe\u00f3n de Espa\u00f1a por tercera vez consecutiva. <\/b>Por la tarde fue el turno de los mayores, donde Adri\u00e1n Mart\u00edn, tambi\u00e9n del club anfitri\u00f3n\u00a0 hijo del exatleta Eliseo Mart\u00edn, logr\u00f3 el mejor tiempo absoluto del campeonato (13.880 segundos) y se adjudic\u00f3 el t\u00edtulo j\u00fanior masculino, mientras su compa\u00f1ero Marcos Lorenzo fue subcampe\u00f3n nacional. Junto a ellos, Alex Serrano, de Albalate de Cinca, sum\u00f3 otro oro para el club altoaragon\u00e9s. Estos tres t\u00edtulos, junto con el gran papel del resto de competidores, situaron a Biofrutal Sport como el club m\u00e1s destacado de la jornada.<\/p>\n<p class=\"paragraph\"><b>El campeonato tambi\u00e9n dej\u00f3 otras actuaciones destacadas del equipo montisonense:<\/b> Valeria Barranco fue cuarta en cadete femenino tras regresar de una larga lesi\u00f3n, mientras Pol Baquero, Yan Baquero y Edu Clavera (quinto clasificado) rozaron los podios en sus respectivas categor\u00edas. Tambi\u00e9n participaron con gran nivel \u00c1ngel Sall\u00e1n, Sergio y Noe Bl\u00e1zquez, Eva y V\u00edctor Bartolom\u00e9, adem\u00e1s de la familia Oto, que, aunque compite con otro equipo, pertenece igualmente al entorno del club.<\/p>\n<p class=\"paragraph\"><b>En la categor\u00eda \u00e9lite-sub23 masculina, el t\u00edtulo fue para Sergio Veiga, que se impuso con un tiempo de 13.970 segundos,<\/b> nueve cent\u00e9simas m\u00e1s r\u00e1pido que \u00c1ngel Heras, segundo clasificado, y V\u00edctor L\u00f3pez, tercero. Entre las mujeres, la nueva campeona de Espa\u00f1a fue Alba Fern\u00e1ndez, con 16.200 segundos, superando a Ruth Frutos y Yuli Paola Rey.<\/p>\n<p class=\"paragraph\"><b>En el resto de categor\u00edas, los t\u00edtulos nacionales <\/b>fueron para Alex Serrano y Ona Oto (promesas 5-6 a\u00f1os), Aleix Mart\u00ednez y Mika Bulhak (promesas 7-8), Aritz Gonz\u00e1lez y Maya Barrios (principiante), Marcos Barranco y M\u00eda Ayats (alev\u00edn), Albert Sala y Alejandra \u00d3nega (infantil), Alex Toledo y Ainoa Posada (cadete), Adri\u00e1n Mart\u00edn y Berta Mart\u00ednez (j\u00fanior), Sergio Veiga y Alba Fern\u00e1ndez (\u00e9lite-sub23), adem\u00e1s de Javier Rem\u00edrez, Hugo Ronald Jaramillo, V\u00edctor S\u00e1enz, Jos\u00e9 Carlos Baier, Jorge Gil, Josep Escayolas y V\u00edctor Bar\u00f3n en las distintas divisiones m\u00e1ster.<\/p>\n<p class=\"paragraph\">El club Biofrutal Sport cerr\u00f3 una jornada hist\u00f3rica y ya tiene la mirada puesta en su pr\u00f3ximo objetivo:<b> la pen\u00faltima prueba de la Copa Arag\u00f3n, que se celebrar\u00e1 el 1 de noviembre en Albalate de Cinca.<\/b><\/p>\n","protected":false},"excerpt":{"rendered":"El circuito del Parque de la Azucarera de Monz\u00f3n se convirti\u00f3 el s\u00e1bado en el epicentro nacional del&hellip;\n","protected":false},"author":2,"featured_media":175004,"comment_status":"","ping_status":"","sticky":false,"template":"","format":"standard","meta":{"footnotes":""},"categories":[273],"tags":[50254,313,42011,312,168,25,24,1684,29426,23,167,17485],"class_list":{"0":"post-175003","1":"post","2":"type-post","3":"status-publish","4":"format-standard","5":"has-post-thumbnail","7":"category-ciclismo","8":"tag-biofrutal","9":"tag-ciclismo","10":"tag-consagra","11":"tag-cycling","12":"tag-deportes","13":"tag-es","14":"tag-espana","15":"tag-mejor","16":"tag-monzon","17":"tag-spain","18":"tag-sports","19":"tag-track"},"share_on_mastodon":{"url":"","error":""},"_links":{"self":[{"href":"https:\/\/www.europesays.com\/es\/wp-json\/wp\/v2\/posts\/175003","targetHints":{"allow":["GET"]}}],"collection":[{"href":"https:\/\/www.europesays.com\/es\/wp-json\/wp\/v2\/posts"}],"about":[{"href":"https:\/\/www.europesays.com\/es\/wp-json\/wp\/v2\/types\/post"}],"author":[{"embeddable":true,"href":"https:\/\/www.europesays.com\/es\/wp-json\/wp\/v2\/users\/2"}],"replies":[{"embeddable":true,"href":"https:\/\/www.europesays.com\/es\/wp-json\/wp\/v2\/comments?post=175003"}],"version-history":[{"count":0,"href":"https:\/\/www.europesays.com\/es\/wp-json\/wp\/v2\/posts\/175003\/revisions"}],"wp:featuredmedia":[{"embeddable":true,"href":"https:\/\/www.europesays.com\/es\/wp-json\/wp\/v2\/media\/175004"}],"wp:attachment":[{"href":"https:\/\/www.europesays.com\/es\/wp-json\/wp\/v2\/media?parent=175003"}],"wp:term":[{"taxonomy":"category","embeddable":true,"href":"https:\/\/www.europesays.com\/es\/wp-json\/wp\/v2\/categories?post=175003"},{"taxonomy":"post_tag","embeddable":true,"href":"https:\/\/www.europesays.com\/es\/wp-json\/wp\/v2\/tags?post=175003"}],"curies":[{"name":"wp","href":"https:\/\/api.w.org\/{rel}","templated":true}]}}