{"id":175007,"date":"2025-10-13T23:11:08","date_gmt":"2025-10-13T23:11:08","guid":{"rendered":"https:\/\/www.europesays.com\/es\/175007\/"},"modified":"2025-10-13T23:11:08","modified_gmt":"2025-10-13T23:11:08","slug":"el-lucentum-ya-tiene-sustituto-para-davison-tucker-richardson","status":"publish","type":"post","link":"https:\/\/www.europesays.com\/es\/175007\/","title":{"rendered":"El Lucentum ya tiene sustituto para Davison: Tucker Richardson"},"content":{"rendered":"<p class=\"ft-text ft-helper-closenews\">El <strong>HLA Alicante<\/strong> ha anunciado este lunes la contrataci\u00f3n del estadounidense <strong>Tucker Richardson<\/strong>, un escolta-alero de 26 a\u00f1os que llega procedente del Brussels Basketball belga, con el objetivo de suplir en la plantilla dirigida por Rub\u00e9n Perello a su compatriota <a class=\"ft-link ft-link--decoration\" href=\"https:\/\/www.informacion.es\/deportes\/2025\/09\/29\/brad-davison-marcha-hla-alicante-122069798.html\" target=\"_blank\" rel=\"nofollow noopener\">Brad Davison<\/a>, que caus\u00f3 baja hace unas semanas tras haber regresado a la disciplina lucentina este verano.<\/p>\n<p class=\"ft-text\">El nuevo jugador del HLA firm\u00f3 su contrato el domingo y se pondr\u00e1 a las \u00f3rdenes de Perell\u00f3, con el encuentro del pr\u00f3ximo domingo (18:30 horas) en Madrid contra el <strong>Movistar Estudiantes<\/strong> en el horizonte. \u00ab<strong>Richardson es un\u00a0jugador exterior vers\u00e1til, capaz de desempe\u00f1arse tanto en la posici\u00f3n de\u00a0escolta\u00a0como de\u00a0alero<\/strong>\u00ab, destaca el club alicantino en su comunicado de presentaci\u00f3n.<\/p>\n<p class=\"ft-text\">Tucker Richardson (Flemington, Nueva Jersey, 15\/8\/1999) promedi\u00f3 <strong>9,7 puntos; 5,9 rebotes y 2,9 asistencias por partido en el Brussels Basketball<\/strong> de la liga belga, destacando de manera especial tanto por su intensidad como por su aportaci\u00f3n en ambos lados de la pista.<\/p>\n<p>Finlandia y NCAA<\/p>\n<p class=\"ft-text\">Adem\u00e1s de en el club belga milit\u00f3 en el BC Nokia finland\u00e9s, con el que gan\u00f3 la liga y se dispar\u00f3 hasta los 16,5 puntos; 7,4 rebotes y 4,7 asistencias de media por encuentro. Antes de iniciar su carrera como baloncestista profesional complet\u00f3 su formaci\u00f3n en la Universidad de Colgate, donde jug\u00f3 cinco temporadas. En el \u00faltimo de ellos, la temporada 2022-2023 firm\u00f3 unos destacados 13,7 puntos; 5,2 rebotes y 5,7 asistencias.<\/p>\n<p class=\"ft-text\">En este \u00faltimo curso en la NCAA, Richardson recibi\u00f3 los reconocimiento a Jugador del A\u00f1o y Jugador Defensivo del A\u00f1o en la Patriot League. Ahora pasa a reforzar la plantilla del HLA Alicante en la Primera FEB espa\u00f1ola. Un jugador con capacidad para generar juego, intensidad defensiva y liderazgo en el per\u00edmetro con una dif\u00edcil misi\u00f3n: hacer olvidar a Brad Davison.<\/p>\n<p data-close=\"closedContent\" class=\"subscribeHideForDisplay\">Suscr\u00edbete para seguir leyendo<\/p>\n","protected":false},"excerpt":{"rendered":"El HLA Alicante ha anunciado este lunes la contrataci\u00f3n del estadounidense Tucker Richardson, un escolta-alero de 26 a\u00f1os&hellip;\n","protected":false},"author":2,"featured_media":175008,"comment_status":"","ping_status":"","sticky":false,"template":"","format":"standard","meta":{"footnotes":""},"categories":[269],"tags":[299,298,45027,168,25,24,4992,4994,42045,23,167,10579,50255],"class_list":{"0":"post-175007","1":"post","2":"type-post","3":"status-publish","4":"format-standard","5":"has-post-thumbnail","7":"category-baloncesto","8":"tag-baloncesto","9":"tag-basketball","10":"tag-davison","11":"tag-deportes","12":"tag-es","13":"tag-espana","14":"tag-hla-alicante","15":"tag-lucentum","16":"tag-richardson","17":"tag-spain","18":"tag-sports","19":"tag-sustituto","20":"tag-tucker"},"share_on_mastodon":{"url":"","error":""},"_links":{"self":[{"href":"https:\/\/www.europesays.com\/es\/wp-json\/wp\/v2\/posts\/175007","targetHints":{"allow":["GET"]}}],"collection":[{"href":"https:\/\/www.europesays.com\/es\/wp-json\/wp\/v2\/posts"}],"about":[{"href":"https:\/\/www.europesays.com\/es\/wp-json\/wp\/v2\/types\/post"}],"author":[{"embeddable":true,"href":"https:\/\/www.europesays.com\/es\/wp-json\/wp\/v2\/users\/2"}],"replies":[{"embeddable":true,"href":"https:\/\/www.europesays.com\/es\/wp-json\/wp\/v2\/comments?post=175007"}],"version-history":[{"count":0,"href":"https:\/\/www.europesays.com\/es\/wp-json\/wp\/v2\/posts\/175007\/revisions"}],"wp:featuredmedia":[{"embeddable":true,"href":"https:\/\/www.europesays.com\/es\/wp-json\/wp\/v2\/media\/175008"}],"wp:attachment":[{"href":"https:\/\/www.europesays.com\/es\/wp-json\/wp\/v2\/media?parent=175007"}],"wp:term":[{"taxonomy":"category","embeddable":true,"href":"https:\/\/www.europesays.com\/es\/wp-json\/wp\/v2\/categories?post=175007"},{"taxonomy":"post_tag","embeddable":true,"href":"https:\/\/www.europesays.com\/es\/wp-json\/wp\/v2\/tags?post=175007"}],"curies":[{"name":"wp","href":"https:\/\/api.w.org\/{rel}","templated":true}]}}