{"id":175025,"date":"2025-10-13T23:21:19","date_gmt":"2025-10-13T23:21:19","guid":{"rendered":"https:\/\/www.europesays.com\/es\/175025\/"},"modified":"2025-10-13T23:21:19","modified_gmt":"2025-10-13T23:21:19","slug":"la-vida-lejos-del-foco-de-alvaro-falco-que-espera-su-segundo-hijo-con-isabelle-junot-una-carrera-en-el-mundo-del-marketing-intimo-de-alonso-aznar-y-un-marquesado-del-que-nunca-ha-presumido","status":"publish","type":"post","link":"https:\/\/www.europesays.com\/es\/175025\/","title":{"rendered":"La vida lejos del foco de \u00c1lvaro Falc\u00f3, que espera su segundo hijo con Isabelle Junot: una carrera en el mundo del marketing, \u00edntimo de Alonso Aznar y un marquesado del que nunca ha presumido"},"content":{"rendered":"<p>Este 20 de octubre se cumplen cinco a\u00f1os de la muerte de <strong><a href=\"https:\/\/www.revistavanityfair.es\/sociedad\/articulos\/muere-fernando-falco-tio-tamara-mujer-marta-chavarri-esther-koplowitz-hijo-familia-infancia-vida\/47232\" rel=\"nofollow noopener\" target=\"_blank\">Fernando Falc\u00f3, marqu\u00e9s de Cubas<\/a>,<\/strong> que falleci\u00f3 tan solo siete meses despu\u00e9s de la muerte de su hermano <strong><a href=\"https:\/\/www.revistavanityfair.es\/sociedad\/articulos\/carlos-falco-mujeres-isabel-preysler-esther-dona\/44048\" rel=\"nofollow noopener\" target=\"_blank\">Carlos Falc\u00f3<\/a>, <a href=\"https:\/\/www.revistavanityfair.es\/sociedad\/articulos\/carlos-falco-isabel-preysler-vida-en-imagenes\/44066\" rel=\"nofollow noopener\" target=\"_blank\">padre de Tamara Falc\u00f3<\/a><\/strong>, y unos meses despu\u00e9s de la p\u00e9rdida de <strong><a href=\"https:\/\/www.revistavanityfair.es\/sociedad\/articulos\/muere-jaime-carvajal-marido-xandra-falco\/46535\" rel=\"nofollow noopener\" target=\"_blank\">Jaime Hoyos de Carvajal<\/a>, marido de <a href=\"https:\/\/www.revistavanityfair.es\/articulos\/manuela-falco-corsini-quien-es-sobrina-tamara\" rel=\"nofollow noopener\" target=\"_blank\">Xandra Falc\u00f3<\/a><\/strong>. En ese momento, <a href=\"https:\/\/www.revistavanityfair.es\/articulos\/marta-chavarri-amigas-natalia-figueroa-paloma-segrelles\" rel=\"nofollow noopener\" target=\"_blank\">\u00c1lvaro Falc\u00f3<\/a> se convert\u00eda en nuevo marqu\u00e9s de Cubas, algo que para \u00e9l es m\u00e1s un t\u00edtulo sentimental que algo que utilice en su d\u00eda a d\u00eda, marcado por la discreci\u00f3n. Pero esta no ha sido la \u00fanica p\u00e9rdida del primo de <a href=\"https:\/\/www.revistavanityfair.es\/articulos\/tamara-falco-curiosidades\" rel=\"nofollow noopener\" target=\"_blank\">Tamara Falc\u00f3<\/a> en los \u00faltimos a\u00f1os, ya que <a href=\"https:\/\/www.revistavanityfair.es\/articulos\/muere-marta-chavarri-madre-de-alvaro-falco-a-los-62-anos\" rel=\"nofollow noopener\" target=\"_blank\">el 21 de julio de 2023 fallec\u00eda su madre<\/a>, <strong><a href=\"https:\/\/www.revistavanityfair.es\/articulos\/marta-chavarri-hermanos-fernando-carlos\" rel=\"nofollow noopener\" target=\"_blank\">Marta Ch\u00e1varri<\/a>,<\/strong> una noticia absolutamente inesperada y que sumi\u00f3 en una gran tristeza a toda la familia. Apenas un mes antes hab\u00eda nacido la peque\u00f1a Philippa.<\/p>\n<p><img decoding=\"async\" alt=\"Isabelle Junot y \u00c1lvaro Falc\u00f3 dan la bienvenida a su primera hija.\" loading=\"lazy\" class=\"ResponsiveImageContainer-eNxvmU cfBbTk responsive-image__image\"   src=\"https:\/\/www.europesays.com\/es\/wp-content\/uploads\/2025\/10\/contactophoto-0463532349.jpg\"\/><\/p>\n<p>\u00c1lvaro Falc\u00f3 e Isabelle Junot se conocieron en 2016 en Gstaad.<\/p>\n<ul>\n<li>\/ Europa Press \/ ContactoPhoto<\/li>\n<\/ul>\n<p>Centrado en su trabajo y sus amigos de siempre<\/p>\n<p><a href=\"https:\/\/www.revistavanityfair.es\/sociedad\/articulos\/alvaro-falco-novia-isabelle-junot-vida-padre-madre-marta-chavarri-padre-fernando\/47848\" rel=\"nofollow noopener\" target=\"_blank\">\u00c1lvaro Falc\u00f3<\/a> siempre ha querido mantenerse al margen de los focos y apenas lo hemos visto en alguna fiesta o evento junto a su mujer. Estudi\u00f3 en el internado <a href=\"https:\/\/www.revistavanityfair.es\/sociedad\/articulos\/internados-suiza-precios-le-rosey-opiniones\/41101\" rel=\"nofollow noopener\" target=\"_blank\"><strong>Le Rosey de Suiza<\/strong><\/a> y de vuelta a Espa\u00f1a se gradu\u00f3 en <strong>Administraci\u00f3n y Direcci\u00f3n de Empresas<\/strong> en la Universidad Francisco de Vitoria en el a\u00f1o 2008 y luego hizo un m\u00e1ster en Comunicaci\u00f3n Corporativa en IE Business School. Su trayectoria siempre ha estado relacionada con el marketing digital y la comunicaci\u00f3n. En 2009 comenz\u00f3 como ejecutivo de cuentas senior en la agencia Comunica +A y luego fue jefe de Desarrollo de Negocio en MacGuffin, una agencia de eventos y comunicaci\u00f3n.<\/p>\n<p>Desde 2013, ocupa el cargo de director de ventas en Arkeero, empresa especializada en marketing digital de la que tambi\u00e9n es socio, y en 2023 <strong>fue nombrado CEO de las plataformas Peoople y 21Buttons<\/strong>, que la empresa hab\u00eda adquirido meses antes. Adem\u00e1s, \u00c1lvaro se encarga de la gesti\u00f3n del patrimonio heredado de sus progenitores y tiene inversiones en otros sectores, como el de la moda, gracias a sus amigos <a href=\"https:\/\/www.revistavanityfair.es\/sociedad\/articulos\/felipe-cortina-y-amelia-millan-quienes-son\/50680\" rel=\"nofollow noopener\" target=\"_blank\"><strong>Felipe Cortina<\/strong><\/a> y <a href=\"https:\/\/www.revistavanityfair.es\/sociedad\/celebrities\/articulos\/alvaro-gomis-amigo-discreto-alonso-aznar-socio-jimmy-lion\/27265\" rel=\"nofollow noopener\" target=\"_blank\"><strong>\u00c1lvaro Gomis<\/strong><\/a>, fundadores de la marca de calcetines Jimmy Lion.<\/p>\n<p>Poco dado a la vida social, \u00c1lvaro Falc\u00f3 prefiere seguir manteniendo sus amigos de toda la vida, entre los que se encuentran <a href=\"https:\/\/www.revistavanityfair.es\/articulos\/alonso-aznar-y-renata-collado-se-casan-en-mexico-amigos-quienes-son\" rel=\"nofollow noopener\" target=\"_blank\"><strong>Alonso Aznar<\/strong><\/a>, los hermanos <a href=\"https:\/\/www.revistavanityfair.es\/sociedad\/celebrities\/articulos\/carlos-y-felipe-cortina-lapique-hermanos-solteros-de-oro-vip-triunfan-negocios\/27146\" rel=\"nofollow noopener\" target=\"_blank\"><strong>Felipe y Carlos Cortina<\/strong><\/a>, y los empresarios <strong><a href=\"https:\/\/www.revistavanityfair.es\/articulos\/amaia-salamanca-y-rosauro-varo-vida-frente-al-mar-en-marbella\" rel=\"nofollow noopener\" target=\"_blank\">Rosauro Varo<\/a> y <a href=\"https:\/\/www.revistavanityfair.es\/articulos\/boda-ramon-hermosilla-karla-covarrubias\" rel=\"nofollow noopener\" target=\"_blank\">Ram\u00f3n Hermosilla G\u00f3mez-Cu\u00e9tara<\/a><\/strong>. Adem\u00e1s, tanto \u00e9l como su mujer mantienen una relaci\u00f3n muy cercana con <a href=\"https:\/\/www.revistavanityfair.es\/articulos\/tamara-falco-entrevista-aniversario-boda-inigo-onieva-marido-matrimonio-luna-de-miel\" rel=\"nofollow noopener\" target=\"_blank\">Tamara Falc\u00f3 e <strong>\u00cd\u00f1igo Onieva<\/strong><\/a>. A finales de septiembre, los dos matrimonios se escapaban a Reggio Emilia, en Italia, para asistir a una carrera protagonizada por \u00cd\u00f1igo y luego disfrutaban de un par de d\u00edas en la zona cenando en buenos restaurantes y haciendo algo de turismo.<\/p>\n","protected":false},"excerpt":{"rendered":"Este 20 de octubre se cumplen cinco a\u00f1os de la muerte de Fernando Falc\u00f3, marqu\u00e9s de Cubas, que&hellip;\n","protected":false},"author":2,"featured_media":175026,"comment_status":"","ping_status":"","sticky":false,"template":"","format":"standard","meta":{"footnotes":""},"categories":[91],"tags":[50107,146,147,25,24,39747,50261,23,5184],"class_list":{"0":"post-175025","1":"post","2":"type-post","3":"status-publish","4":"format-standard","5":"has-post-thumbnail","7":"category-entretenimiento","8":"tag-alvaro-falco","9":"tag-entertainment","10":"tag-entretenimiento","11":"tag-es","12":"tag-espana","13":"tag-isabelle-junot","14":"tag-marta-chavarri","15":"tag-spain","16":"tag-tamara-falco"},"share_on_mastodon":{"url":"","error":""},"_links":{"self":[{"href":"https:\/\/www.europesays.com\/es\/wp-json\/wp\/v2\/posts\/175025","targetHints":{"allow":["GET"]}}],"collection":[{"href":"https:\/\/www.europesays.com\/es\/wp-json\/wp\/v2\/posts"}],"about":[{"href":"https:\/\/www.europesays.com\/es\/wp-json\/wp\/v2\/types\/post"}],"author":[{"embeddable":true,"href":"https:\/\/www.europesays.com\/es\/wp-json\/wp\/v2\/users\/2"}],"replies":[{"embeddable":true,"href":"https:\/\/www.europesays.com\/es\/wp-json\/wp\/v2\/comments?post=175025"}],"version-history":[{"count":0,"href":"https:\/\/www.europesays.com\/es\/wp-json\/wp\/v2\/posts\/175025\/revisions"}],"wp:featuredmedia":[{"embeddable":true,"href":"https:\/\/www.europesays.com\/es\/wp-json\/wp\/v2\/media\/175026"}],"wp:attachment":[{"href":"https:\/\/www.europesays.com\/es\/wp-json\/wp\/v2\/media?parent=175025"}],"wp:term":[{"taxonomy":"category","embeddable":true,"href":"https:\/\/www.europesays.com\/es\/wp-json\/wp\/v2\/categories?post=175025"},{"taxonomy":"post_tag","embeddable":true,"href":"https:\/\/www.europesays.com\/es\/wp-json\/wp\/v2\/tags?post=175025"}],"curies":[{"name":"wp","href":"https:\/\/api.w.org\/{rel}","templated":true}]}}