{"id":17503,"date":"2025-08-01T01:19:04","date_gmt":"2025-08-01T01:19:04","guid":{"rendered":"https:\/\/www.europesays.com\/es\/17503\/"},"modified":"2025-08-01T01:19:04","modified_gmt":"2025-08-01T01:19:04","slug":"la-vuelta-a-colombia-preparada-para-su-75a-edicion-con-cartel-de-lujo-y-recorrido-exigente-previa","status":"publish","type":"post","link":"https:\/\/www.europesays.com\/es\/17503\/","title":{"rendered":"La Vuelta a Colombia, preparada para su 75\u00aa edici\u00f3n con cartel de lujo y recorrido exigente [Previa]"},"content":{"rendered":"<p>&#13;<br \/>\n&#13;<\/p>\n<p><img loading=\"lazy\" decoding=\"async\" src=\"https:\/\/www.europesays.com\/es\/wp-content\/uploads\/2025\/08\/rodrigo-contreras-vuelta-colombia-podio-final-2024-fedecolombia-wh.jpg\" width=\"556\" height=\"418\" class=\"setborder\" alt=\"La Vuelta a Colombia, preparada para su 75\u00aa edici\u00f3n con cartel de lujo y recorrido exigente [Previa]\" title=\"La Vuelta a Colombia, preparada para su 75\u00aa edici\u00f3n con cartel de lujo y recorrido exigente [Previa]\"\/><br \/>\n&#13;<br \/>\n &#13;<br \/>\n<a href=\"https:\/\/ad.doubleclick.net\/ddm\/jump\/N5132.5722061ESCICLISMO_ES\/B33715388.423978254;sz=1x1;ord=[timestamp];dc_sdk_apis=[APIFRAMEWORKS];dc_omid_p=[OMIDPARTNER];gdpr=${GDPR};gdpr_consent=${GDPR_CONSENT_755};dc_tdv=1?\" target=\"_blank\" rel=\"nofollow noopener\" onclick=\" gtag(&#039;event&#039;, &#039;evento&#039;, { &#039;event_category&#039;: &#039;publicidad&#039;, &#039;event_action&#039;: &#039;clic&#039;, &#039;event_label&#039;: &#039;Continental-Faldon&#039;, &#039;value&#039;: &#039;clic&#039;}); \"><img loading=\"lazy\" decoding=\"async\" src=\"https:\/\/www.europesays.com\/es\/wp-content\/uploads\/2025\/07\/logo-continental-noticia-150.png\" alt=\"Continental\" width=\"670\" height=\"34\" onload=\" gtag('event', 'evento', { 'event_category': 'publicidad', 'event_action': 'impresion', 'event_label': 'Continental-Faldon', 'value': 'view'}); \"\/><\/a><\/p>\n<p><a href=\"https:\/\/www.esciclismo.com\/actualidad\/esciclismo\/\" rel=\"nofollow noopener\" target=\"_blank\">EsCiclismo.com<\/a> \u00b7 <a href=\"https:\/\/www.esciclismo.com\/actualidad\/carretera\/\" rel=\"nofollow noopener\" target=\"_blank\">Competici\u00f3n Carretera<\/a>  \u00b7 31\/07\/2025<\/p>\n<p>La Vuelta a Colombia celebra este a\u00f1o sus 75 a\u00f1os de historia consolidada como la gran cita del calendario ciclista nacional. La prueba, puntuable para el UCI Am\u00e9rica Tour, reunir\u00e1 a 163 ciclistas de 24 equipos entre el 1 y el 10 de agosto para afrontar un recorrido de 1.639,2 kil\u00f3metros entre Yopal y Bogot\u00e1, a trav\u00e9s de diez etapas cargadas de monta\u00f1a, contrarreloj y terreno quebrado, en una edici\u00f3n que promete emociones fuertes hasta el \u00faltimo d\u00eda.<\/p>\n<p>&#13;<br \/>\nUn pelot\u00f3n de estrellas con gran presencia colombiana&#13;<\/p>\n<p>La ronda cafetera contar\u00e1 con la presencia de grandes nombres del ciclismo colombiano e internacional. Entre los favoritos a la victoria final destaca el vigente campe\u00f3n, Rodrigo Contreras (Nu Colombia), que buscar\u00e1 repetir el t\u00edtulo logrado en 2024 y sumar su segunda Vuelta a Colombia. Le acompa\u00f1ar\u00e1 en el mismo equipo Sergio Henao, otro de los escaladores m\u00e1s experimentados del pelot\u00f3n.<\/p>\n<p>&#13;<\/p>\n<p><b id=\"P2\"\/>El Medell\u00edn-EPM se presenta como uno de los bloques m\u00e1s potentes con \u00d3scar Sevilla, triple ganador hist\u00f3rico de la carrera (2013, 2014 y 2015), Wilmar Paredes y Diego Andr\u00e9s Camargo, subcampe\u00f3n en la pasada edici\u00f3n. No faltar\u00e1n corredores de talla internacional como el costarricense Sebasti\u00e1n Brenes (Canel&#8217;s-Java), el guatemalteco Juan Mardoqueo V\u00e1squez (Hino-One-La Red-Suzuki) y Robinson L\u00f3pez (GW Erco Shimano), todos ellos aspirantes a brillar en la monta\u00f1a.<\/p>\n<p>&#13;<\/p>\n<p>Otros nombres a seguir ser\u00e1n Alejandro Osorio (Orgullo Paisa), Javier Jamaica (Nu Colombia), Wilson Pe\u00f1a (Sistecr\u00e9dito) y los ecuatorianos Bayr\u00f3n Guam\u00e1 y Richard Huera, que liderar\u00e1n al Movistar-Best PC, \u00fanico equipo continental de Ecuador presente en esta edici\u00f3n.<\/p>\n<p>&#13;<br \/>\nUn recorrido exigente con monta\u00f1a y contrarreloj decisivas&#13;<\/p>\n<p>La carrera arrancar\u00e1 el viernes 1 de agosto en Yopal con una etapa de 206 kil\u00f3metros en circuito y seguir\u00e1 al d\u00eda siguiente con la primera llegada en alto en el Alto del Porvenir. La tercera jornada ser\u00e1 una contrarreloj individual de 33 kil\u00f3metros entre Curis\u00ed y Toquilla, que marcar\u00e1 las primeras diferencias entre los favoritos.<\/p>\n<p>&#13;<\/p>\n<p><b id=\"P4\"\/>El cuarto y quinto d\u00eda se correr\u00e1n etapas quebradas en Boyac\u00e1 y Cundinamarca, antes de afrontar el gran desaf\u00edo monta\u00f1oso: la sexta etapa de 232 kil\u00f3metros entre Mosquera y el m\u00edtico Alto de La L\u00ednea, a 3.265 metros de altitud, donde se esperan grandes batallas entre los aspirantes al t\u00edtulo.<\/p>\n<p>&#13;<\/p>\n<p>La recta final de la <a href=\"https:\/\/www.esciclismo.com\/especiales\/vuelta-colombia\/\" rel=\"nofollow noopener\" target=\"_blank\">Vuelta a Colombia<\/a> ofrecer\u00e1 oportunidades para velocistas y cazadores de etapas, pero el pen\u00faltimo d\u00eda volver\u00e1 la monta\u00f1a con la exigente subida al Alto del Vino (217 km), antes del cierre en Bogot\u00e1 con una fracci\u00f3n de 139 kil\u00f3metros, donde se coronar\u00e1 al nuevo campe\u00f3n de la ronda colombiana.<\/p>\n<p>&#13;<br \/>\nRodrigo Contreras y \u00d3scar Sevilla, \u00faltimos reyes de la Vuelta a Colombia&#13;<\/p>\n<p>Rodrigo Contreras llega como campe\u00f3n defensor tras su victoria en 2024, mientras que en 2023 Miguel \u00c1ngel L\u00f3pez y el propio Contreras se repartieron los t\u00edtulos de una edici\u00f3n especial. Fabio Duarte (2022), Jos\u00e9 Tito Hern\u00e1ndez (2021) y los hist\u00f3ricos triunfos de Arist\u00f3bulo Cala (2017), Mauricio Ortega (2016) y \u00d3scar Sevilla (2013, 2014 y 2015) completan el palmar\u00e9s reciente de la carrera.<\/p>\n<p>&#13;<\/p>\n<p>Con nombres ilustres en el punto de partida y un recorrido lleno de trampas, la Vuelta a Colombia 2025 promete ser un espect\u00e1culo total, con el objetivo de escribir un nuevo cap\u00edtulo en la historia del ciclismo colombiano y mantener el prestigio de una prueba que ha visto coronarse a leyendas como Rafael Ni\u00f1o (m\u00e1ximo vencedor con 6 t\u00edtulos) y \u00d3scar Sevilla (10 victorias de etapa y tres generales).<\/p>\n<p>&#13;<br \/>\nEtapas de la Vuelta a Colombia 2025&#13;<\/p>\n<p>1\u00aa etapa &#8211; Viernes 1 de agosto: Yopal &#8211; Yopal \/ 206 km<br \/>&#13;<br \/>\n2\u00aa etapa &#8211; S\u00e1bado 2 de agosto: Yopal &#8211; Alto del Porvenir \/ 152,7 km<br \/>&#13;<br \/>\n3\u00aa etapa &#8211; Domingo 3 de agosto: Curis\u00ed &#8211; Toquilla \/ 33 km (CRI)<br \/>&#13;<br \/>\n4\u00aa etapa &#8211; Lunes 4 de agosto: Duitama &#8211; Duitama \/ 152 km<br \/>&#13;<br \/>\n5\u00aa etapa &#8211; Martes 5 de agosto: Duitama &#8211; Tocancip\u00e1 \/ 150,9 km<br \/>&#13;<br \/>\n6\u00aa etapa &#8211; Mi\u00e9rcoles 6 de agosto: Mosquera &#8211; Alto de La L\u00ednea \/ 232 km<br \/>&#13;<br \/>\n7\u00aa etapa &#8211; Jueves 7 de agosto: Armenia &#8211; Cali \/ 185,2 km<br \/>&#13;<br \/>\n8\u00aa etapa &#8211; Viernes 8 de agosto: Cali &#8211; La Tebaida \/ 171,4 km<br \/>&#13;<br \/>\n9\u00aa etapa &#8211; S\u00e1bado 9 de agosto: Alvarado &#8211; Alto del Vino \/ 217 km<br \/>&#13;<br \/>\n10\u00aa etapa &#8211; Domingo 10 de agosto: Sop\u00f3 &#8211; Bogot\u00e1 \/ 139 km.<\/p>\n<p>&#13;<br \/>\n&#13;<br \/>\n&#13;<br \/>\nEsCiclismo &#8211; Todos los derechos reservados. Est\u00e1 prohibido todo tipo de reproducci\u00f3n sin autorizaci\u00f3n expresa escrita.<br \/>&#13;<br \/>\n&#13;<\/p>\n","protected":false},"excerpt":{"rendered":"&#13; &#13; &#13; &#13; EsCiclismo.com \u00b7 Competici\u00f3n Carretera \u00b7 31\/07\/2025 La Vuelta a Colombia celebra este a\u00f1o sus&hellip;\n","protected":false},"author":2,"featured_media":17504,"comment_status":"","ping_status":"","sticky":false,"template":"","format":"standard","meta":{"footnotes":""},"categories":[273],"tags":[11215,296,889,1611,988,5207,6783,11217,6951,313,1757,2838,7716,1803,11212,11218,312,168,1630,6440,25,24,7167,3956,448,5215,1783,5329,813,2761,11213,1786,9509,23,167,11219,316,3230,11214,1357,11216],"class_list":{"0":"post-17503","1":"post","2":"type-post","3":"status-publish","4":"format-standard","5":"has-post-thumbnail","7":"category-ciclismo","8":"tag-afrontar","9":"tag-agosto","10":"tag-america","11":"tag-ano","12":"tag-anos","13":"tag-bogota","14":"tag-calendario","15":"tag-cargadas","16":"tag-celebra","17":"tag-ciclismo","18":"tag-ciclista","19":"tag-ciclistas","20":"tag-cita","21":"tag-colombia","22":"tag-consolidada","23":"tag-contrarreloj","24":"tag-cycling","25":"tag-deportes","26":"tag-diez","27":"tag-equipos","28":"tag-es","29":"tag-espana","30":"tag-etapas","31":"tag-gran","32":"tag-historia","33":"tag-kilometros","34":"tag-la","35":"tag-montana","36":"tag-nacional","37":"tag-prueba","38":"tag-puntuable","39":"tag-recorrido","40":"tag-reunira","41":"tag-spain","42":"tag-sports","43":"tag-t","44":"tag-tour","45":"tag-traves","46":"tag-uci","47":"tag-vuelta","48":"tag-yopal"},"share_on_mastodon":{"url":"","error":""},"_links":{"self":[{"href":"https:\/\/www.europesays.com\/es\/wp-json\/wp\/v2\/posts\/17503","targetHints":{"allow":["GET"]}}],"collection":[{"href":"https:\/\/www.europesays.com\/es\/wp-json\/wp\/v2\/posts"}],"about":[{"href":"https:\/\/www.europesays.com\/es\/wp-json\/wp\/v2\/types\/post"}],"author":[{"embeddable":true,"href":"https:\/\/www.europesays.com\/es\/wp-json\/wp\/v2\/users\/2"}],"replies":[{"embeddable":true,"href":"https:\/\/www.europesays.com\/es\/wp-json\/wp\/v2\/comments?post=17503"}],"version-history":[{"count":0,"href":"https:\/\/www.europesays.com\/es\/wp-json\/wp\/v2\/posts\/17503\/revisions"}],"wp:featuredmedia":[{"embeddable":true,"href":"https:\/\/www.europesays.com\/es\/wp-json\/wp\/v2\/media\/17504"}],"wp:attachment":[{"href":"https:\/\/www.europesays.com\/es\/wp-json\/wp\/v2\/media?parent=17503"}],"wp:term":[{"taxonomy":"category","embeddable":true,"href":"https:\/\/www.europesays.com\/es\/wp-json\/wp\/v2\/categories?post=17503"},{"taxonomy":"post_tag","embeddable":true,"href":"https:\/\/www.europesays.com\/es\/wp-json\/wp\/v2\/tags?post=17503"}],"curies":[{"name":"wp","href":"https:\/\/api.w.org\/{rel}","templated":true}]}}