{"id":175055,"date":"2025-10-13T23:47:08","date_gmt":"2025-10-13T23:47:08","guid":{"rendered":"https:\/\/www.europesays.com\/es\/175055\/"},"modified":"2025-10-13T23:47:08","modified_gmt":"2025-10-13T23:47:08","slug":"el-sistema-ees-entra-en-vigor-en-el-espacio-schengen","status":"publish","type":"post","link":"https:\/\/www.europesays.com\/es\/175055\/","title":{"rendered":"El sistema EES entra en vigor en el espacio Schengen"},"content":{"rendered":"<p>Los pa\u00edses de la Uni\u00f3n Europea <a href=\"https:\/\/travel-europe.europa.eu\/ees\" rel=\"nofollow noopener\" target=\"_blank\">han comenzado<\/a> a implantar este domingo el nuevo Sistema de Entradas y Salidas (EES, por sus siglas en ingl\u00e9s), dirigido a los ciudadanos de terceros pa\u00edses que crucen las fronteras del Espacio Schengen para una estancia de corta duraci\u00f3n.\u00a0<\/p>\n<ul class=\"wp-block-list\">\n<li>Este sistema <a href=\"https:\/\/x.com\/interiorgob\/status\/1977307870950518903?ref_src=twsrc%5Etfw%7Ctwcamp%5Etweetembed%7Ctwterm%5E1977307870950518903%7Ctwgr%5E3c701e54e776a2c9485ec3446229d3d3997c491f%7Ctwcon%5Es1_&amp;ref_url=https%3A%2F%2Fwww.rtve.es%2Fnoticias%2F20251012%2Fadios-sellado-pasaportes-ue-entra-vigor-nuevo-sistema-electronico-para-registro-extranjeros%2F16767317.shtml\" rel=\"nofollow\">se encuentra disponible<\/a> desde este domingo en el Aeropuerto Adolfo Su\u00e1rez Madrid-Barajas. En las cuatro primeras horas de funcionamiento del EES ya se hab\u00edan registrado un total de 1.819 viajeros.\u00a0<\/li>\n<\/ul>\n<p><strong>Qu\u00e9 es el EES. <\/strong>Se trata de un <a href=\"https:\/\/travel-europe.europa.eu\/ees\/what-is-the-ees\" rel=\"nofollow noopener\" target=\"_blank\">sistema inform\u00e1tico<\/a> concebido para registrar a los ciudadanos de terceros pa\u00edses que accedan a alg\u00fan pa\u00eds dentro del espacio Schengen para estancias de corta duraci\u00f3n, es decir, de hasta 90 d\u00edas dentro de un per\u00edodo de 180 d\u00edas.<\/p>\n<ul class=\"wp-block-list\">\n<li><strong>El espacio Schengen est\u00e1 compuesto por 29 pa\u00edses.<\/strong> <a href=\"https:\/\/www.newtral.es\/espacio-schengen-paises-componen\/20250103\/\" rel=\"nofollow noopener\" target=\"_blank\">Estos son<\/a> todos los territorios que forman parte de la UE, excepto Irlanda y Chipre, y los miembros de la Asociaci\u00f3n Europea de Libre Comercio, que son Islandia, Noruega, Suiza y Liechtenstein.<\/li>\n<\/ul>\n<p>El EES busca modernizar los controles fronterizos sustituyendo el tradicional sellado manual de pasaportes por un registro digital, con el objetivo de agilizar los cruces fronterizos, prevenir la inmigraci\u00f3n irregular y recopilar informaci\u00f3n de todo el que acceda al Espacio Schengen desde pa\u00edses externos. De este modo:<\/p>\n<ul class=\"wp-block-list\">\n<li>Las entradas, salidas o denegaciones de entrada en las fronteras del espacio Schengen quedar\u00e1n registradas electr\u00f3nicamente<\/li>\n<\/ul>\n<ul class=\"wp-block-list\">\n<li>El sistema archivar\u00e1 los datos personales de cada persona, una imagen de su rostro, su huella dactilar y registros de sus estancias en estos pa\u00edses.<\/li>\n<\/ul>\n<p><strong>A qui\u00e9n afecta. <\/strong>El sistema EES est\u00e1 destinado a los ciudadanos de terceros pa\u00edses que traten de acceder al espacio Schengen para estancias de corta duraci\u00f3n tanto si necesitan visado como si no. Los ciudadanos europeos no tendr\u00e1n que pasar por este registro.<\/p>\n<p>Asimismo, se contemplan otras <a href=\"https:\/\/travel-europe.europa.eu\/ees\/to-whom-does-ees-not-apply##\" rel=\"nofollow noopener\" target=\"_blank\">excepciones<\/a> para aquellas personas procedentes de pa\u00edses externos al espacio Schengen:\u00a0<\/p>\n<ul class=\"wp-block-list\">\n<li>No tendr\u00e1n que registrarse en este sistema inform\u00e1tico las personas extranjeras que tengan una tarjeta de residencia de la UE o est\u00e9n relacionados directamente con un ciudadano europeo.<\/li>\n<\/ul>\n<ul class=\"wp-block-list\">\n<li>Tampoco aquellas personas que acudan con un visado de larga duraci\u00f3n o para realizar estancias de investigaci\u00f3n, estudios, etc.<\/li>\n<\/ul>\n<ul class=\"wp-block-list\">\n<li>Tambi\u00e9n est\u00e1n exentos los ciudadanos de Chipre e Irlanda por pertenecer a la UE y los nacionales de Andorra, M\u00f3naco, San Marino y titulares de un pasaporte expedido por el Estado de la Ciudad del Vaticano.<\/li>\n<\/ul>\n<ul class=\"wp-block-list\">\n<li>Personas exentas de controles fronterizos o con privilegios especiales en las fronteras, como jefes de Estado, diplom\u00e1ticos acreditados o trabajadores transfronterizos.<\/li>\n<\/ul>\n<p><strong>Despliegue.<\/strong> Tras <a href=\"https:\/\/www.europapress.es\/internacional\/noticia-ue-retrasa-nuevo-sistema-fronteras-inteligente-falta-preparacion-alemania-paises-bajos-francia-20241010191408.html\" rel=\"nofollow noopener\" target=\"_blank\">varios retrasos<\/a> en la fecha de entrada en vigor del EES, los 29 pa\u00edses que forman parte del espacio Schengen han empezado a implantar de forma gradual el sistema en sus diferentes fronteras desde este 12 de octubre.\u00a0<\/p>\n<p>Este proceso deber\u00e1 haber culminado el 10 de abril de 2026, fecha en la que el sistema deber\u00e1 estar plenamente operativo y el sellado de pasaportes se sustituir\u00e1 de forma definitiva por el registro electr\u00f3nico.\u00a0<\/p>\n<ul class=\"wp-block-list\">\n<li>Durante estos seis meses de despliegue progresivo, los Estados miembros podr\u00e1n decidir en qu\u00e9 pasos fronterizos empezar\u00e1n a aplicar el sistema y cu\u00e1ndo.\u00a0<\/li>\n<\/ul>\n<ul class=\"wp-block-list\">\n<li>En el caso de Espa\u00f1a, el EES se comenzar\u00e1 a utilizar primero en aeropuertos, seguido de las fronteras terrestres y, por \u00faltimo, en las mar\u00edtimas, seg\u00fan el <a href=\"https:\/\/www.interior.gob.es\/opencms\/es\/detalle\/articulo\/La-Union-Europea-activa-su-nuevo-sistema-de-control-de-fronteras-el-12-de-octubre\/\" rel=\"nofollow noopener\" target=\"_blank\">Ministerio del Interior<\/a>.\u00a0<\/li>\n<\/ul>\n<p>\n            Fuentes\n        <\/p>\n<ul class=\"post-sources-list\">\n<li class=\"post-sources-list-item post-title-4\">\n                                            Uni\u00f3n Europea                                    <\/li>\n<li class=\"post-sources-list-item post-title-4\">\n                                            Ministerio del Interior                                    <\/li>\n<\/ul>\n","protected":false},"excerpt":{"rendered":"Los pa\u00edses de la Uni\u00f3n Europea han comenzado a implantar este domingo el nuevo Sistema de Entradas y&hellip;\n","protected":false},"author":2,"featured_media":175056,"comment_status":"","ping_status":"","sticky":false,"template":"","format":"standard","meta":{"footnotes":""},"categories":[42],"tags":[17,18,50273,13,14,2069,11,61,62,63,64,19,20,9,10,15,16,12,21,22,1617,65,66,67],"class_list":{"0":"post-175055","1":"post","2":"type-post","3":"status-publish","4":"format-standard","5":"has-post-thumbnail","7":"category-internacional","8":"tag-breaking-news","9":"tag-breakingnews","10":"tag-espacio-schengen","11":"tag-featured-news","12":"tag-featurednews","13":"tag-fronteras","14":"tag-headlines","15":"tag-internacional","16":"tag-international","17":"tag-international-news","18":"tag-internationalnews","19":"tag-latest-news","20":"tag-latestnews","21":"tag-news","22":"tag-noticias","23":"tag-noticias-destacadas","24":"tag-noticiasdestacadas","25":"tag-titulares","26":"tag-ultimas-noticias","27":"tag-ultimasnoticias","28":"tag-union-europea","29":"tag-world","30":"tag-world-news","31":"tag-worldnews"},"share_on_mastodon":{"url":"","error":""},"_links":{"self":[{"href":"https:\/\/www.europesays.com\/es\/wp-json\/wp\/v2\/posts\/175055","targetHints":{"allow":["GET"]}}],"collection":[{"href":"https:\/\/www.europesays.com\/es\/wp-json\/wp\/v2\/posts"}],"about":[{"href":"https:\/\/www.europesays.com\/es\/wp-json\/wp\/v2\/types\/post"}],"author":[{"embeddable":true,"href":"https:\/\/www.europesays.com\/es\/wp-json\/wp\/v2\/users\/2"}],"replies":[{"embeddable":true,"href":"https:\/\/www.europesays.com\/es\/wp-json\/wp\/v2\/comments?post=175055"}],"version-history":[{"count":0,"href":"https:\/\/www.europesays.com\/es\/wp-json\/wp\/v2\/posts\/175055\/revisions"}],"wp:featuredmedia":[{"embeddable":true,"href":"https:\/\/www.europesays.com\/es\/wp-json\/wp\/v2\/media\/175056"}],"wp:attachment":[{"href":"https:\/\/www.europesays.com\/es\/wp-json\/wp\/v2\/media?parent=175055"}],"wp:term":[{"taxonomy":"category","embeddable":true,"href":"https:\/\/www.europesays.com\/es\/wp-json\/wp\/v2\/categories?post=175055"},{"taxonomy":"post_tag","embeddable":true,"href":"https:\/\/www.europesays.com\/es\/wp-json\/wp\/v2\/tags?post=175055"}],"curies":[{"name":"wp","href":"https:\/\/api.w.org\/{rel}","templated":true}]}}