{"id":175057,"date":"2025-10-13T23:48:09","date_gmt":"2025-10-13T23:48:09","guid":{"rendered":"https:\/\/www.europesays.com\/es\/175057\/"},"modified":"2025-10-13T23:48:09","modified_gmt":"2025-10-13T23:48:09","slug":"peinado-prorroga-la-investigacion-contra-begona-gomez-hasta-casi-el-final-de-su-carrera-como-juez","status":"publish","type":"post","link":"https:\/\/www.europesays.com\/es\/175057\/","title":{"rendered":"Peinado prorroga la investigaci\u00f3n contra Bego\u00f1a G\u00f3mez hasta casi el final de su carrera como juez"},"content":{"rendered":"<p style=\"\">El magistrado Juan Carlos Peinado ha decidido prorrogar la investigaci\u00f3n contra <a href=\"https:\/\/www.abc.es\/noticias\/begona-gomez-fernandez\/\" title=\"www.abc.es\" data-voc-vtm-id=\"in-text-traffic\" data-mrf-link=\"www.abc.es\" rel=\"nofollow noopener\" target=\"_blank\">Bego\u00f1a G\u00f3mez<\/a>, la esposa del presidente del Gobierno, hasta el 16 abril de 2026, esto es, hasta que<strong> queden escasos meses para que cumpla los 72 a\u00f1os,<\/strong> momento en el que  &#8230; se tendr\u00e1 que jubilar forzosamente. <\/p>\n<p class=\"voc-p\" style=\"\">Peinado <strong>se ata as\u00ed a una causa a la que ha dedicado una actividad instructora voraz<\/strong> desde que decidiera en abril de 2024 incoar diligencias tras recibir una denuncia del sindicato Manos Limpias en la que apuntaban a la esposa de Pedro S\u00e1nchez por cometer presuntamente un delito de tr\u00e1fico de influencias. <\/p>\n<p class=\"voc-p\" style=\"\">Ahora, el magistrado acuerda seguir con la instrucci\u00f3n otros seis meses porque, indica en el auto al que ha tenido acceso ABC, \u00abla l\u00f3gica y la emp\u00edrica demuestran claramente que es m\u00e1s que previsible que para el pr\u00f3ximo d\u00eda 16 de octubre de 2025 -fecha en la que cumple la anterior pr\u00f3rroga- <strong>no hayan podido concluirse las actividades pendientes<\/strong> que dar\u00edan lugar a la conclusi\u00f3n de las presentes diligencias previas\u00bb. <\/p>\n<p>\nTestifical de Pedro S\u00e1nchez\n<\/p>\n<p class=\"voc-p\" style=\"\">Apunta que hay una serie de diligencias pendientes de ser recabadas y otras pedidas por las partes sobre las que est\u00e1 pendiente de decidir. \u00c9stas \u00faltimas, entre las que est\u00e1n las <strong>testificales de Pedro S\u00e1nchez o el ministro F\u00e9lix Bola\u00f1os<\/strong>, son las que solicitaron en la vistilla que se celebr\u00f3 al cambiar el procedimiento para que siga por el Tribunal del Jurado, algo que llevar\u00eda a que los investigados fueran juzgados por un jurado popular en caso de llegar a juicio. <\/p>\n<p class=\"voc-p\" style=\"\">Peinado tambi\u00e9n recuerda que recientemente la Audiencia Provincial le ha ordenado investigar el delito de malversaci\u00f3n junto al resto de delitos y no por separado. Explica que dado que de tramitar en un \u00fanico procedimiento debe<strong> dictar nuevas resoluciones \u00abpara acomodar\u00bb<\/strong> lo que ha ido haciendo en esa pieza separada a la pieza principal.<\/p>\n<p class=\"voc-p\" style=\"\">En el auto, indica que toma esta decisi\u00f3n de extender la instrucci\u00f3n con el fin de evitar que caduque, lo que equivaldr\u00eda, apunta, a un sobreseimiento o archivo de la causa en la que indaga en si G\u00f3mez se benefici\u00f3 de su condici\u00f3n de esposa del presidente para sus negocios privados.<\/p>\n<p class=\"voc-p\" style=\"\">Entre las diligencias pendientes, el juez espera un informe de la Unidad Central Operativa (UCO) de la Guardia Civil sobre los convenios de la Universidad Complutense de Madrid (UCM) para comparar el relativo al  M\u00e1ster de Transformaci\u00f3n Social Competitiva que codirig\u00eda G\u00f3mez con otros convenios de creaci\u00f3n de otras c\u00e1tedras extraordinarias. Tambi\u00e9n espera el an\u00e1lisis policial de los repositorios aportados por Minsait, Flat 101, Google, Devoteam y Telef\u00f3nica. <\/p>\n<p class=\"voc-p\" style=\"\">Adem\u00e1s, suma a esto que tiene que recibir de la Escuela de Gobierno de la UCM y de Amazon los correos electr\u00f3nicos emitidos y recibidos desde cuentas asociadas a los dominios del m\u00e1ster, para su posterior an\u00e1lisis e informe por la UCO. Y que est\u00e1 pendiente de que Presidencia del Gobierno informe de las personas que han desempe\u00f1ado el cargo de secretario general de Presidencia del Gobierno desde el 11 de julio de 2018, as\u00ed como de las personas que han venido autorizando, aprobando y ordenando el pago de retribuciones desde su nombramiento a la asistente de la esposa del S\u00e1nchez, Cristina \u00c1lvarez. Tambi\u00e9n espera recibir desde La Moncloa una copia de los correos electr\u00f3nicos recibidos y enviados desde la cuenta de correo oficial asignada a Bego\u00f1a G\u00f3mez.<\/p>\n<p>\nMarlaska responde\n<\/p>\n<p class=\"voc-p\" style=\"\">El ministro del Interior, Fernando Grande-Marlaska, ha afirmado este lunes que considera que el juez Peinado ha tenido tiempo suficiente para investigar a la esposa del presidente del Gobierno, Bego\u00f1a G\u00f3mez. As\u00ed reaccion\u00f3 hoy al anuncio del magistrado de ampliar seis meses m\u00e1s la investigaci\u00f3n, lo que sit\u00faa en dos a\u00f1os el plazo para completarla.<\/p>\n<p class=\"voc-p\" style=\"\">Grande-Marlaska consider\u00f3 que no se hallar\u00e1n cuestiones de \u201cm\u00e1s relevancia\u201d que las encontradas hasta la fecha en esa pr\u00f3rroga. As\u00ed lo ha manifestado en Ponferrada, donde ha acudido a la apertura de la Convenci\u00f3n por un Pacto de Estado frente a la Emergencia Clim\u00e1tica.<\/p>\n","protected":false},"excerpt":{"rendered":"El magistrado Juan Carlos Peinado ha decidido prorrogar la investigaci\u00f3n contra Bego\u00f1a G\u00f3mez, la esposa del presidente del&hellip;\n","protected":false},"author":2,"featured_media":175058,"comment_status":"","ping_status":"","sticky":false,"template":"","format":"standard","meta":{"footnotes":""},"categories":[8],"tags":[7421,17,18,4860,25,24,13,14,1058,4190,11,1294,7531,19,20,9,10,15,16,24182,50274,23,12,21,22],"class_list":{"0":"post-175057","1":"post","2":"type-post","3":"status-publish","4":"format-standard","5":"has-post-thumbnail","7":"category-espana","8":"tag-begona","9":"tag-breaking-news","10":"tag-breakingnews","11":"tag-carrera","12":"tag-es","13":"tag-espana","14":"tag-featured-news","15":"tag-featurednews","16":"tag-final","17":"tag-gomez","18":"tag-headlines","19":"tag-investigacion","20":"tag-judicial","21":"tag-latest-news","22":"tag-latestnews","23":"tag-news","24":"tag-noticias","25":"tag-noticias-destacadas","26":"tag-noticiasdestacadas","27":"tag-peinado","28":"tag-prorroga","29":"tag-spain","30":"tag-titulares","31":"tag-ultimas-noticias","32":"tag-ultimasnoticias"},"share_on_mastodon":{"url":"","error":""},"_links":{"self":[{"href":"https:\/\/www.europesays.com\/es\/wp-json\/wp\/v2\/posts\/175057","targetHints":{"allow":["GET"]}}],"collection":[{"href":"https:\/\/www.europesays.com\/es\/wp-json\/wp\/v2\/posts"}],"about":[{"href":"https:\/\/www.europesays.com\/es\/wp-json\/wp\/v2\/types\/post"}],"author":[{"embeddable":true,"href":"https:\/\/www.europesays.com\/es\/wp-json\/wp\/v2\/users\/2"}],"replies":[{"embeddable":true,"href":"https:\/\/www.europesays.com\/es\/wp-json\/wp\/v2\/comments?post=175057"}],"version-history":[{"count":0,"href":"https:\/\/www.europesays.com\/es\/wp-json\/wp\/v2\/posts\/175057\/revisions"}],"wp:featuredmedia":[{"embeddable":true,"href":"https:\/\/www.europesays.com\/es\/wp-json\/wp\/v2\/media\/175058"}],"wp:attachment":[{"href":"https:\/\/www.europesays.com\/es\/wp-json\/wp\/v2\/media?parent=175057"}],"wp:term":[{"taxonomy":"category","embeddable":true,"href":"https:\/\/www.europesays.com\/es\/wp-json\/wp\/v2\/categories?post=175057"},{"taxonomy":"post_tag","embeddable":true,"href":"https:\/\/www.europesays.com\/es\/wp-json\/wp\/v2\/tags?post=175057"}],"curies":[{"name":"wp","href":"https:\/\/api.w.org\/{rel}","templated":true}]}}