{"id":175078,"date":"2025-10-14T00:10:11","date_gmt":"2025-10-14T00:10:11","guid":{"rendered":"https:\/\/www.europesays.com\/es\/175078\/"},"modified":"2025-10-14T00:10:11","modified_gmt":"2025-10-14T00:10:11","slug":"la-derecha-portuguesa-gana-en-lisboa-y-oporto-pero-los-socialistas-recuperan-aire-frente-a-chega-el-salto","status":"publish","type":"post","link":"https:\/\/www.europesays.com\/es\/175078\/","title":{"rendered":"La derecha portuguesa gana en Lisboa y Oporto, pero los socialistas recuperan aire frente a Chega &#8211; El Salto"},"content":{"rendered":"<ol>\n<li><a href=\"https:\/\/news.google.com\/rss\/articles\/CBMivAFBVV95cUxQOFJzZ2MtbVh3bklmWnFMUll6bldPNXJIWll5VFVUN3MxXzNyT1hNeDJycHNNNDZMU1JNM3RXM3pqRlZzd0VOQVJFUjRoeHdwYlNfX1kyZk9NamJsMnRnSnQzbnhLal9HVUt5Ym1pUTVwWmZydkl5WGtfNkROTWRPTDJScEl6MFJWUGVxcDc1cm02OWxVTG5ZMjhZVm5oXzhoY1pmWHhJRFFUMWJ6SUliWndNcG00NllialpBNQ?oc=5\" target=\"_blank\" rel=\"nofollow noopener\">La derecha portuguesa gana en Lisboa y Oporto, pero los socialistas recuperan aire frente a Chega<\/a>&nbsp;&nbsp;El Salto<\/li>\n<li><a href=\"https:\/\/news.google.com\/rss\/articles\/CBMigwFBVV95cUxOdXNBVDVGR0lqMEo5dlk4Ml9sWEppTGRjbm9xUVpzS2otejZSNFM5WDEyazY3cVY0QUhhQzFWSDA1MW5EcHd0NFJlZ2ktTW50ajRFM0hSdFF1dzFNV0psZG1pN20xaHZIUm5BVE9iMlhib0Y4YmVHQzhxakF5cS1nNHpZY9IBgwFBVV95cUxPRkJ6THdWM1RXRFNHb2RsTGNWXzJJdlFNWXVfWUZ5VWZGVlFmQVZnYndLOTZBaHh4MzdJelhGU0QtOVVKNUZHU090V2dxMkcxRTlwVHMyU3IyOWh6UG1FLW1JUTVhM2NUaHVXMGV3VE9TQVFVTEVoajdhdHM2MkVMVkNaZw?oc=5\" target=\"_blank\" rel=\"nofollow noopener\">El PSD (centroderecha) gana las elecciones municipales de Portugal y se lleva Lisboa tras estar empatado con el PS casi hasta el final<\/a>&nbsp;&nbsp;El Mundo<\/li>\n<li><a href=\"https:\/\/news.google.com\/rss\/articles\/CBMi4gFBVV95cUxQQ0pMSDF2aGRNY0JHTlVNbXFlenZDTkdBcjhqYnZCaHZIT0VBb09SbzVZaEtkQU80dF9GdVVYNTQtRWNCdnFsb3ItRlBva25NVWEwT3N0X3NpWnI0dDM4cmNLcU1KWWdzWDNZNkRVS25mb2xtaEl2SnpwSDZETEoyaU9MMlBLWXNwQVBrTDRFTFljY0tJWjU0bnUyNkg4ZUVsRnJTVWRneFlwLUdOTHMwckUtOEtWWUJfcTNrdWcyUGlRUVhDaEZ3VVlTUDYtZDlzaG0yX0ZNaF8zeUJac3pPbm1B0gH-AUFVX3lxTE5hLVNyVUtQTWxpRlJnS3RjbS03QjJMclY2ZEdrYzRHR1hjTTBJODVmMnhyUUpZczRsVTRLNTdoWW1XR01UVXlmbmNNdTNrX3VPN2NHWnJ2eFd4OW1XcGJjc1hRd091bnBSYW52azZUQVpFeS03ZHZseXdSZDdXVFkwblJaOFZWcXRybmtmNXp1T1dmVGl0WnZiQkwyb0xQbXNkSzVtYUc1MnhvTUZrNUQ1Tm9KTGhpZ3BpWXpnWkt1TGotVTBXaF9tUlg5SHdzWXhGQ3c2cDl0S0s2ekh3Z0RxeW9zWE5PNHR6SUhfSVNCdTFqYktRR2h5VlkwMDFR?oc=5\" target=\"_blank\" rel=\"nofollow noopener\">Los conservadores ganan por la m\u00ednima las alcald\u00edas de Oporto y Lisboa, mientras que la extrema derecha queda lejos de sus expectativas<\/a>&nbsp;&nbsp;La Voz de Galicia<\/li>\n<li><a href=\"https:\/\/news.google.com\/rss\/articles\/CBMiwgFBVV95cUxQTTJTNDBkS3lTS0w1Qjc5T1RhTHZXdVBxenRaeTNuVTZpTzY1TWpLTmh0eFowdzR4WG5SUWZ4UHU3RWNjaHVsVk1pUHBKN0RVZGRnVFdPRUFUZWt4eXVCYXExVUhyX1NlOTlDODhRR0loRXJPVm9KVUFtTHRPZndfWjJVUkZndnU2TFp6MTJyRk8zeTdNejZGNU42T3p6bHUzc0ZWMmJkaG92cjl1eEQxenhOa1BmMmhjamU0a2twcERuZw?oc=5\" target=\"_blank\" rel=\"nofollow noopener\">La derecha radical avanza en las municipales portuguesas y refuerza su implantaci\u00f3n territorial<\/a>&nbsp;&nbsp;ABC<\/li>\n<li><a href=\"https:\/\/news.google.com\/rss\/articles\/CBMi2gFBVV95cUxOR3l1TjJsOTM5X2pGX1JPNnlNX3JvVFhUNHBkMVhLOEU2NG9od3pPdFZJenJNMjVhVEMtMW0wckRHUnpDMVVmVGw3dEtBM0psRlRwbzBodDNScVdCQlJ4ZEhVSmszTC1zc0M2aElmb3VodGVpeDdWVlVpTFpCQnpmWE1HYWNCUG52RVdMRmVFdjRDWnNSWTdDSEJLODc4Nkk2WXVUeENuQWJaTkluWm5OWjJ0U3Q0T1hpM2dHd2kwdkhIVVFfNFVRX1hHYkZlNmhnVk41cVdvc1Vodw?oc=5\" target=\"_blank\" rel=\"nofollow noopener\">El Partido Socialista portugu\u00e9s recupera Coimbra y Faro y logra un empate t\u00e9cnico en Lisboa y Oporto, seg\u00fan los sondeos<\/a>&nbsp;&nbsp;elDiario.es<\/li>\n<\/ol>\n","protected":false},"excerpt":{"rendered":"La derecha portuguesa gana en Lisboa y Oporto, pero los socialistas recuperan aire frente a Chega&nbsp;&nbsp;El Salto El&hellip;\n","protected":false},"author":2,"featured_media":175079,"comment_status":"","ping_status":"","sticky":false,"template":"","format":"standard","meta":{"footnotes":""},"categories":[42],"tags":[17,18,50293,13,14,4975,11,61,62,63,64,19,20,9,10,15,16,12,21,22,65,66,67],"class_list":{"0":"post-175078","1":"post","2":"type-post","3":"status-publish","4":"format-standard","5":"has-post-thumbnail","7":"category-internacional","8":"tag-breaking-news","9":"tag-breakingnews","10":"tag-elecciones-internacional","11":"tag-featured-news","12":"tag-featurednews","13":"tag-global","14":"tag-headlines","15":"tag-internacional","16":"tag-international","17":"tag-international-news","18":"tag-internationalnews","19":"tag-latest-news","20":"tag-latestnews","21":"tag-news","22":"tag-noticias","23":"tag-noticias-destacadas","24":"tag-noticiasdestacadas","25":"tag-titulares","26":"tag-ultimas-noticias","27":"tag-ultimasnoticias","28":"tag-world","29":"tag-world-news","30":"tag-worldnews"},"share_on_mastodon":{"url":"","error":""},"_links":{"self":[{"href":"https:\/\/www.europesays.com\/es\/wp-json\/wp\/v2\/posts\/175078","targetHints":{"allow":["GET"]}}],"collection":[{"href":"https:\/\/www.europesays.com\/es\/wp-json\/wp\/v2\/posts"}],"about":[{"href":"https:\/\/www.europesays.com\/es\/wp-json\/wp\/v2\/types\/post"}],"author":[{"embeddable":true,"href":"https:\/\/www.europesays.com\/es\/wp-json\/wp\/v2\/users\/2"}],"replies":[{"embeddable":true,"href":"https:\/\/www.europesays.com\/es\/wp-json\/wp\/v2\/comments?post=175078"}],"version-history":[{"count":0,"href":"https:\/\/www.europesays.com\/es\/wp-json\/wp\/v2\/posts\/175078\/revisions"}],"wp:featuredmedia":[{"embeddable":true,"href":"https:\/\/www.europesays.com\/es\/wp-json\/wp\/v2\/media\/175079"}],"wp:attachment":[{"href":"https:\/\/www.europesays.com\/es\/wp-json\/wp\/v2\/media?parent=175078"}],"wp:term":[{"taxonomy":"category","embeddable":true,"href":"https:\/\/www.europesays.com\/es\/wp-json\/wp\/v2\/categories?post=175078"},{"taxonomy":"post_tag","embeddable":true,"href":"https:\/\/www.europesays.com\/es\/wp-json\/wp\/v2\/tags?post=175078"}],"curies":[{"name":"wp","href":"https:\/\/api.w.org\/{rel}","templated":true}]}}