{"id":175088,"date":"2025-10-14T00:20:07","date_gmt":"2025-10-14T00:20:07","guid":{"rendered":"https:\/\/www.europesays.com\/es\/175088\/"},"modified":"2025-10-14T00:20:07","modified_gmt":"2025-10-14T00:20:07","slug":"el-breogan-anuncia-la-salida-del-ala-pivot-dario-dreznjak-uno-de-los-fichajes-estivales","status":"publish","type":"post","link":"https:\/\/www.europesays.com\/es\/175088\/","title":{"rendered":"El\u00a0Breog\u00e1n anuncia\u00a0la salida del ala-p\u00edvot Dario Dreznjak, uno de los fichajes estivales"},"content":{"rendered":"<p>\t\t\t\t\t\tEl jugador croata no convenci\u00f3 en la pretemporada y fue el descarte de Luis Casimiro para el encuentro del Valencia<br \/>\n\t\t\t\t\t\t\t\t\t\t\t\t<strong>13 oct 2025<\/strong> . Actualizado a las 20:09 h.\t\t\t\t\t\t<\/p>\n<p class=\"first-paragraph txt\">Apenas 24 horas despu\u00e9s de la derrota en el Pazo ante el<strong> Valencia Basket<\/strong>, el<strong> R\u00edo Breog\u00e1n<\/strong> hac\u00eda oficial la <strong>salida del equipo de Dario Dreznjak<\/strong>, acordada amistosamente por ambas partes. \u00abDesde o Club Baloncesto Breog\u00e1n queremos agradecer a Dario Dreznjak o seu traballo, compromiso e profesionalidade durante estes meses, as\u00ed como desexarlle o maior dos \u00e9xitos no seu futuro, tanto persoal como profesional\u00bb.<\/p>\n<p class=\"txt\">As\u00ed despidi\u00f3 el club en su escueto comunicado al<strong> ala-p\u00edvot croata de 27 a\u00f1os<\/strong>, que no convenci\u00f3 en la pretemporada, tampoco en el primer compromiso liguero en la cancha del Hiopos Lleida y que fue el jugador descartado por <strong>Luis Casimiro<\/strong> para el encuentro del pasado domingo en el Pazo.<\/p>\n<p class=\"txt\">\n<p>\t\t\t\t\t\t\t\t\t\t\t\t&#13;<br \/>\n\t\t\t\t\t\t\t\t&#13;<br \/>\n&#13;<br \/>\n&#13;<\/p>\n<p>\t\t\t&#13;<br \/>\n\t&#13;<\/p>\n<p>\t\t\t<a href=\"https:\/\/www.lavozdegalicia.es\/noticia\/forzabreo\/2025\/10\/13\/mayor-bombardeo-aro-breogan-acb-ultimos-30-anos\/00031760378779971134739.htm\" data-analytics=\"link-embed\" rel=\"nofollow noopener\" target=\"_blank\">El mayor bombardeo al aro del Breog\u00e1n en la ACB de los \u00faltimos 30 a\u00f1os<\/a><\/p>\n<p class=\"a-min-author\">\n<p>\t\t\t\t\t\t\t\t\t\t\t<a href=\"https:\/\/www.lavozdegalicia.es\/firmas\/ignacio-meitin-bujan\" rel=\"nofollow noopener\" target=\"_blank\"> \tI. MEIT\u00cdN BUJ\u00c1N<\/a><\/p>\n<p>\t&#13;<br \/>\n\t&#13;<br \/>\n&#13;<\/p>\n<p class=\"txt\">Dreznjak se hab\u00eda incorporado el pasado verano a la disciplina breoganista despu\u00e9s de un a\u00f1o compitiendo en Italia (<strong>GeVi Napoli y Vanoli Cremona<\/strong>) y el campeonato chipriota (<strong>Keravnos BC<\/strong>). Durante el proceso de rodaje fue de los peores jugadores de la plantilla en los ensayos tanto en anotaci\u00f3n (6,5 de media) como en valoraci\u00f3n (4,7).<\/p>\n<p>&#13;<br \/>\n\tArchivado en:&#13;<br \/>\n\t\t\t\t\t<a href=\"https:\/\/www.lavozdegalicia.es\/temas\/cb-breogan\/\" target=\"_blank\" class=\"mg-l\" rel=\"nofollow noopener\">CB Breog\u00e1n<\/a>&#13;<br \/>\n\t\t\t\t\t<a href=\"https:\/\/www.lavozdegalicia.es\/temas\/liga-acb\/\" target=\"_blank\" class=\"mg-l\" rel=\"nofollow noopener\">Liga ACB<\/a>&#13;<br \/>\n\t\t\t\t\t<a href=\"https:\/\/www.lavozdegalicia.es\/temas\/liga-endesa\/\" target=\"_blank\" class=\"mg-l\" rel=\"nofollow noopener\">Liga Endesa<\/a>&#13;<br \/>\n\t&#13;<\/p>\n","protected":false},"excerpt":{"rendered":"El jugador croata no convenci\u00f3 en la pretemporada y fue el descarte de Luis Casimiro para el encuentro&hellip;\n","protected":false},"author":2,"featured_media":175089,"comment_status":"","ping_status":"","sticky":false,"template":"","format":"standard","meta":{"footnotes":""},"categories":[269],"tags":[299,298,8778,168,25,24,831,665,23,167],"class_list":{"0":"post-175088","1":"post","2":"type-post","3":"status-publish","4":"format-standard","5":"has-post-thumbnail","7":"category-baloncesto","8":"tag-baloncesto","9":"tag-basketball","10":"tag-cb-breogan","11":"tag-deportes","12":"tag-es","13":"tag-espana","14":"tag-liga-acb","15":"tag-liga-endesa","16":"tag-spain","17":"tag-sports"},"share_on_mastodon":{"url":"","error":""},"_links":{"self":[{"href":"https:\/\/www.europesays.com\/es\/wp-json\/wp\/v2\/posts\/175088","targetHints":{"allow":["GET"]}}],"collection":[{"href":"https:\/\/www.europesays.com\/es\/wp-json\/wp\/v2\/posts"}],"about":[{"href":"https:\/\/www.europesays.com\/es\/wp-json\/wp\/v2\/types\/post"}],"author":[{"embeddable":true,"href":"https:\/\/www.europesays.com\/es\/wp-json\/wp\/v2\/users\/2"}],"replies":[{"embeddable":true,"href":"https:\/\/www.europesays.com\/es\/wp-json\/wp\/v2\/comments?post=175088"}],"version-history":[{"count":0,"href":"https:\/\/www.europesays.com\/es\/wp-json\/wp\/v2\/posts\/175088\/revisions"}],"wp:featuredmedia":[{"embeddable":true,"href":"https:\/\/www.europesays.com\/es\/wp-json\/wp\/v2\/media\/175089"}],"wp:attachment":[{"href":"https:\/\/www.europesays.com\/es\/wp-json\/wp\/v2\/media?parent=175088"}],"wp:term":[{"taxonomy":"category","embeddable":true,"href":"https:\/\/www.europesays.com\/es\/wp-json\/wp\/v2\/categories?post=175088"},{"taxonomy":"post_tag","embeddable":true,"href":"https:\/\/www.europesays.com\/es\/wp-json\/wp\/v2\/tags?post=175088"}],"curies":[{"name":"wp","href":"https:\/\/api.w.org\/{rel}","templated":true}]}}