{"id":175094,"date":"2025-10-14T00:28:16","date_gmt":"2025-10-14T00:28:16","guid":{"rendered":"https:\/\/www.europesays.com\/es\/175094\/"},"modified":"2025-10-14T00:28:16","modified_gmt":"2025-10-14T00:28:16","slug":"marc-marquez-termina-en-el-quirofano-para-estabilizar-el-hombro-derecho-motociclismo-deportes","status":"publish","type":"post","link":"https:\/\/www.europesays.com\/es\/175094\/","title":{"rendered":"Marc M\u00e1rquez termina en el quir\u00f3fano para estabilizar el hombro derecho | Motociclismo | Deportes"},"content":{"rendered":"<p class=\"\">Marc M\u00e1rquez acumula ya siete operaciones en su magullado brazo derecho en el \u00faltimo lustro. El piloto espa\u00f1ol de Ducati ha tenido que pasar finalmente por el quir\u00f3fano este lunes en el Hospital Ruber Internacional de Madrid para estabilizar la fractura en el hombro que sufri\u00f3 tras su fuerte ca\u00edda <a href=\"https:\/\/elpais.com\/deportes\/motociclismo\/2025-10-04\/marco-bezzecchi-y-aprilia-maravillan-en-el-gp-de-indonesia.html\" target=\"_self\" rel=\"nofollow noopener\" title=\"https:\/\/elpais.com\/deportes\/motociclismo\/2025-10-04\/marco-bezzecchi-y-aprilia-maravillan-en-el-gp-de-indonesia.html\">en el GP de Indonesia de MotoGP<\/a>. El flamante campe\u00f3n del mundo, que en un primer momento opt\u00f3 por un tratamiento conservador, ha sido intervenido con \u00e9xito por el mismo equipo m\u00e9dico que le diagnostic\u00f3 la rotura de la ap\u00f3fisis coracoides de la articulaci\u00f3n \u2013un saliente \u00f3seo situado en la porci\u00f3n superior y anterior de la esc\u00e1pula\u2013, acompa\u00f1ada adem\u00e1s de una lesi\u00f3n en los ligamentos acromioclaviculares, hace una semana.<\/p>\n<p class=\"\">La falta de estabilizaci\u00f3n en la extremidad despu\u00e9s de una semana de inmovilizaci\u00f3n ha desechado el plan inicial, que buscaba evitar la operaci\u00f3n. La estabilizaci\u00f3n quir\u00fargica, en todo caso, estaba contemplada como una posibilidad si no hab\u00eda una evoluci\u00f3n favorable despu\u00e9s de una semana de inmovilizaci\u00f3n. Los doctores Samuel Antu\u00f1a e Ignacio Roger de O\u00f1a, quienes encabezan los cuidados del piloto desde su traslado a Madrid en 2022, han decidido intervenir ante el riesgo de que quedara cierta inestabilidad residual en el mismo brazo que ha sufrido todo tipo de percances <a href=\"https:\/\/elpais.com\/deportes\/motociclismo\/2025-10-03\/marc-marquez-y-la-cicatriz-de-la-reconquista-asi-se-ha-recuperado-el-campeon-de-la-lesion-que-le-hundio-en-el-ultimo-lustro.html\" target=\"_self\" rel=\"nofollow noopener\" title=\"https:\/\/elpais.com\/deportes\/motociclismo\/2025-10-03\/marc-marquez-y-la-cicatriz-de-la-reconquista-asi-se-ha-recuperado-el-campeon-de-la-lesion-que-le-hundio-en-el-ultimo-lustro.html\">desde que M\u00e1rquez inici\u00f3 su calvario de lesiones<\/a> en el GP de Espa\u00f1a de 2020. Adem\u00e1s de fijar el hueso, han aprovechado para reparar los ligamentos da\u00f1ados en el accidente.<\/p>\n<p class=\"\">Ducati mantiene los plazos indefinidos para la recuperaci\u00f3n del nueve veces campe\u00f3n del mundo, que se perder\u00e1 seguro el fin de la gira transoce\u00e1nica en Australia y Malasia y no tiene un calendario fijo para su retorno a la competici\u00f3n. Las dos \u00faltimas citas del Mundial de 2025 se disputan en Portugal y Valencia, el 9 y 16 de noviembre respectivamente, <a href=\"https:\/\/elpais.com\/deportes\/motociclismo\/2025-09-28\/las-lagrimas-de-marc-marquez-tras-ganar-el-septimo-titulo-de-motogp-estoy-en-paz-y-esto-es-lo-mas-importante.html\" target=\"_self\" rel=\"nofollow noopener\" title=\"https:\/\/elpais.com\/deportes\/motociclismo\/2025-09-28\/las-lagrimas-de-marc-marquez-tras-ganar-el-septimo-titulo-de-motogp-estoy-en-paz-y-esto-es-lo-mas-importante.html\">pero M\u00e1rquez ya apunt\u00f3 tras su nueva lesi\u00f3n<\/a> que har\u00e1 caso al consejo de los doctores y no se precipitar\u00e1 una vez cumplidos todos los objetivos del curso tanto a nivel individual como colectivo.<\/p>\n<p class=\"\">Desde el trompazo que le hundi\u00f3 en la miseria en Jerez hace cinco a\u00f1os, M\u00e1rquez ha sido intervenido en cuatro ocasiones del h\u00famero del brazo derecho rumbo a la reconquista cosechada este curso. Adicionalmente, en 2023 fue intervenido del s\u00edndrome compartimental y tambi\u00e9n del metacarpiano de la mano derecha tras sufrir una fractura en la extremidad. <a href=\"https:\/\/elpais.com\/deportes\/motociclismo\/2025-10-02\/marc-marquez-ante-el-reto-de-seguir-compitiendo-despues-de-coronarse-campeon-me-siento-mas-cansado-que-nunca.html\" target=\"_self\" rel=\"nofollow noopener\" title=\"https:\/\/elpais.com\/deportes\/motociclismo\/2025-10-02\/marc-marquez-ante-el-reto-de-seguir-compitiendo-despues-de-coronarse-campeon-me-siento-mas-cansado-que-nunca.html\">En su exploraci\u00f3n de la extremidad tras la ca\u00edda en Mandalika<\/a>, los doctores descartaron una afectaci\u00f3n del h\u00famero y de las dolencias previas con la nueva lesi\u00f3n.<\/p>\n<p class=\"\">El catal\u00e1n, a sus 32 a\u00f1os, captur\u00f3 su s\u00e9ptima corona en MotoGP con un espectacular registro de 11 victorias y 15 podios en 18 carreras disputadas. A pesar de no completar la carrera en Indonesia <a href=\"https:\/\/elpais.com\/deportes\/motociclismo\/2025-10-04\/marco-bezzecchi-y-aprilia-maravillan-en-el-gp-de-indonesia.html\" target=\"_self\" rel=\"nofollow noopener\" title=\"https:\/\/elpais.com\/deportes\/motociclismo\/2025-10-04\/marco-bezzecchi-y-aprilia-maravillan-en-el-gp-de-indonesia.html\">tras ser embestido por Marco Bezzecchi (Aprilia) <\/a>y terminar en la grava lesionado, su margen al frente de la clasificaci\u00f3n sobre \u00c1lex M\u00e1rquez sigue siendo de 183 puntos, lo que equivale a cinco fines de semana de competici\u00f3n logrando pleno de puntos (37). En la cita de este fin de semana en Philip Island, el probador italiano de Ducati, Michele Pirro, sustituir\u00e1 al corredor de Cervera.<\/p>\n","protected":false},"excerpt":{"rendered":"Marc M\u00e1rquez acumula ya siete operaciones en su magullado brazo derecho en el \u00faltimo lustro. El piloto espa\u00f1ol&hellip;\n","protected":false},"author":2,"featured_media":175095,"comment_status":"","ping_status":"","sticky":false,"template":"","format":"standard","meta":{"footnotes":""},"categories":[93],"tags":[1762,168,1764,25,24,10976,13638,14726,16628,22854,1760,23,167],"class_list":{"0":"post-175094","1":"post","2":"type-post","3":"status-publish","4":"format-standard","5":"has-post-thumbnail","7":"category-deportes","8":"tag-circuitos-velocidad","9":"tag-deportes","10":"tag-deportes-motor","11":"tag-es","12":"tag-espana","13":"tag-lesiones-deportivas","14":"tag-marc-marquez","15":"tag-moto-gp","16":"tag-motociclismo","17":"tag-mundial-motociclismo","18":"tag-pilotos-deportivos","19":"tag-spain","20":"tag-sports"},"share_on_mastodon":{"url":"","error":""},"_links":{"self":[{"href":"https:\/\/www.europesays.com\/es\/wp-json\/wp\/v2\/posts\/175094","targetHints":{"allow":["GET"]}}],"collection":[{"href":"https:\/\/www.europesays.com\/es\/wp-json\/wp\/v2\/posts"}],"about":[{"href":"https:\/\/www.europesays.com\/es\/wp-json\/wp\/v2\/types\/post"}],"author":[{"embeddable":true,"href":"https:\/\/www.europesays.com\/es\/wp-json\/wp\/v2\/users\/2"}],"replies":[{"embeddable":true,"href":"https:\/\/www.europesays.com\/es\/wp-json\/wp\/v2\/comments?post=175094"}],"version-history":[{"count":0,"href":"https:\/\/www.europesays.com\/es\/wp-json\/wp\/v2\/posts\/175094\/revisions"}],"wp:featuredmedia":[{"embeddable":true,"href":"https:\/\/www.europesays.com\/es\/wp-json\/wp\/v2\/media\/175095"}],"wp:attachment":[{"href":"https:\/\/www.europesays.com\/es\/wp-json\/wp\/v2\/media?parent=175094"}],"wp:term":[{"taxonomy":"category","embeddable":true,"href":"https:\/\/www.europesays.com\/es\/wp-json\/wp\/v2\/categories?post=175094"},{"taxonomy":"post_tag","embeddable":true,"href":"https:\/\/www.europesays.com\/es\/wp-json\/wp\/v2\/tags?post=175094"}],"curies":[{"name":"wp","href":"https:\/\/api.w.org\/{rel}","templated":true}]}}