{"id":175214,"date":"2025-10-14T02:21:18","date_gmt":"2025-10-14T02:21:18","guid":{"rendered":"https:\/\/www.europesays.com\/es\/175214\/"},"modified":"2025-10-14T02:21:18","modified_gmt":"2025-10-14T02:21:18","slug":"la-1-de-repente-empata-con-antena-3-como-la-cadena-mas-vista","status":"publish","type":"post","link":"https:\/\/www.europesays.com\/es\/175214\/","title":{"rendered":"La 1, de repente, empata con Antena 3 como la cadena m\u00e1s vista"},"content":{"rendered":"<p>No est\u00e1 el horno para bollos. Tras cuatro a\u00f1os de liderazgo absoluto y casi ininterrumpido, <strong>Antena 3<\/strong> ve a <strong>La 1<\/strong> por el retrovisor cada vez m\u00e1s cerca. Tras los primeros 12 d\u00edas de octubre, ambas cadenas de televisi\u00f3n empataron este domingo como las m\u00e1s vistas de nuestro pa\u00eds con un 12,6% de cuota de pantalla. Ayud\u00f3, y mucho, el sensacional fin de semana que vivi\u00f3 la p\u00fablica gracias al f\u00fatbol el s\u00e1bado (14,8%) y a la Hispanidad el domingo (13,7%). La balanza se inclinar\u00e1 hacia <strong>Antena 3<\/strong> este mismo lunes 13 gracias a su f\u00e9rrea parrilla diaria y a sus noticias, pues Sandra Golpe y <a href=\"https:\/\/www.elindependiente.com\/tendencias\/cultura\/2022\/03\/24\/vicente-valles-lo-de-ucrania-es-un-episodio-de-la-segunda-guerra-fria\/\" rel=\"nofollow noopener\" target=\"_blank\">Vicente Vall\u00e9s<\/a> est\u00e1n a a\u00f1os luz. Otro contar es el ascenso del Telediario con <a href=\"https:\/\/www.elindependiente.com\/series-y-television\/2025\/07\/09\/rtve-alejandra-herranz-telediario\/\" rel=\"nofollow noopener\" target=\"_blank\">Alejandra Herranz<\/a> y <a href=\"https:\/\/www.elindependiente.com\/series-y-television\/2025\/07\/23\/pepa-bueno-prisa-rtve-que-se-me-juzgue-mi-trabajo\/\" rel=\"nofollow noopener\" target=\"_blank\">Pepa Bueno<\/a>.<\/p>\n<p>Deber\u00eda ocurrir un milagro para que de lunes a viernes haya sorpaso de <strong>La 1<\/strong> a <strong>Antena 3<\/strong>, pero los datos de <a href=\"https:\/\/www.kantarmedia.com\/es\" target=\"_blank\" rel=\"noreferrer noopener nofollow\">Kantar Media<\/a> son reveladores. Sin los <a href=\"https:\/\/www.elindependiente.com\/series-y-television\/2024\/07\/27\/inauguracion-juegos-olimpicos-paris-supera-38-audiencia\/\" rel=\"nofollow noopener\" target=\"_blank\">Juegos Ol\u00edmpicos de Par\u00eds<\/a> (2024) de por medio, <strong>La 1<\/strong> registr\u00f3, desde el lunes 6 al viernes 10 de octubre, su mejor dato en 12 a\u00f1os. Es tal el momento dulce que est\u00e1 atravesado TVE, que incluso le funciona la <a href=\"https:\/\/www.elindependiente.com\/series-y-television\/estrenos\/2025\/10\/08\/sin-gluten-rtve-estreno\/\" rel=\"nofollow noopener\" target=\"_blank\">ficci\u00f3n propia<\/a> en horario de m\u00e1xima audiencia. <a href=\"https:\/\/www.elindependiente.com\/series-y-television\/2025\/05\/22\/el-desinteres-de-tve-por-sus-propias-series-promocion-intermitente-horarios-intempestivos-y-cesion-a-plataformas\/\" rel=\"nofollow noopener\" target=\"_blank\">Lo nunca visto<\/a> durante los \u00faltimos tiempos.<\/p>\n<p>La 1 crece m\u00e1s de 2 puntos en 12 meses: \u00bfpor qu\u00e9?<\/p>\n<p>No es que menos gente vea <strong>Antena 3<\/strong> (hace justo un a\u00f1o registr\u00f3 un 12,7% de share, una d\u00e9cima m\u00e1s que ahora), sino que \u2013mucha\u2013 m\u00e1s gente conecta con <strong>La 1<\/strong>, bajo la direcci\u00f3n de <a href=\"https:\/\/www.elindependiente.com\/series-y-television\/2025\/09\/12\/rtve-se-viste-de-gala-para-presentar-su-nueva-temporada\/\" rel=\"nofollow noopener\" target=\"_blank\">Sergio Calder\u00f3n<\/a>. En octubre de 2024, el primer canal de TVE marc\u00f3 un 10,1%. \u00bfQu\u00e9 ha sucedido para que, en cuesti\u00f3n de 12 meses, La 1 haya subido 2,5 puntos? No es balad\u00ed que la programaci\u00f3n de la p\u00fablica est\u00e9 armada con espacios sobre pol\u00edtica y actualidad desde primera hora de la ma\u00f1ana hasta \u00faltima de la tarde. He ah\u00ed La hora de La 1, con Silvia Intxaurrondo ya en solitario; Ma\u00f1aneros 360, con Adela Gonz\u00e1lez y Javier Ruiz; Directo al grano, con Marta Flich y Gonzalo Mir\u00f3; y Malas lenguas, con Jes\u00fas Cintora. Digamos que La revuelta, con Broncano y compa\u00f1\u00eda, es ahora un &#8216;oasis&#8217; entre tanto info-entretenimiento.<\/p>\n<p>            <a class=\"articulo-relacionado__media\" href=\"https:\/\/www.elindependiente.com\/series-y-television\/comunicacion\/2025\/09\/22\/las-audiencias-de-la-1-despegan-tras-gastar-17-millones-de-euros-en-sus-programas-ideologicos\/\" title=\"Las audiencias de La 1 despegan tras gastar 17 millones de euros en sus &#039;programas ideol\u00f3gicos&#039;\" rel=\"nofollow noopener\" target=\"_blank\"><\/p>\n<p>                <img loading=\"lazy\" decoding=\"async\" src=\"data:image\/svg+xml,%3Csvg%20xmlns=\" http:=\"\" width=\"390\" height=\"220\" alt=\"Las audiencias de La 1 despegan tras gastar 17 millones de euros en sus 'programas ideol\u00f3gicos'\" data-lazy-src=\"https:\/\/www.europesays.com\/es\/wp-content\/uploads\/2025\/10\/07-los-archivos-secretos-del-nodo-1-390x220.jpg\"\/><\/p>\n<p>\t\t\t            <\/a><\/p>\n<p>Digamos que la batalla \u2013ideol\u00f3gica\u2013 de la ma\u00f1ana, <strong>La 1<\/strong> empez\u00f3 a ganarla durante la primavera-verano de este a\u00f1o. Si bien, el matinal con <a href=\"https:\/\/www.elindependiente.com\/opinion\/2025\/10\/09\/no-tengo-nada-en-contra-de-silvia-intxaurrondo-pero\/\" rel=\"nofollow noopener\" target=\"_blank\">Silvia Intxaurrondo<\/a> lleva a\u00f1os siendo uno de los contenidos m\u00e1s vistos de TVE en particular y de la televisi\u00f3n espa\u00f1ola en general, la franja del mediod\u00eda era un cementerio de elefantes, especialmente a partir de las 13.30, pues la cocina de Karlos Argui\u00f1ano y La ruleta de la suerte, ambos en <strong>Antena 3<\/strong>, arrasan. El concurso que presenta Jorge Fern\u00e1ndez desde hace casi 20 a\u00f1os supera diariamente el 20% de cuota de pantalla. As\u00ed y todo, <strong>La 1<\/strong> se aproxim\u00f3 en esa misma franja al 13% de share y el mill\u00f3n de televidentes.<\/p>\n<p>Javier Ruiz, de &#8216;ma\u00f1aneo&#8217; en La 1 de TVE<\/p>\n<p>Tampoco Ma\u00f1aneros, cuyo debut en <strong>La 1<\/strong> con <a href=\"https:\/\/www.elindependiente.com\/series-y-television\/comunicacion\/2024\/04\/16\/julia-otero-se-pasa-al-fin-de-semana-de-onda-cero-la-sustituira-jaime-cantizano\/\" rel=\"nofollow noopener\" target=\"_blank\">Jaime Cantizano<\/a> hace 2 a\u00f1os apost\u00f3 por la cr\u00f3nica negra y la cr\u00f3nica rosa, iba viento en popa hasta que se incorpor\u00f3 hace unos meses el periodista Javier Ruiz, habitual del grupo Prisa (La Ser, El Pa\u00eds), como dupla de Adela Gonz\u00e1lez. Desde su<a href=\"https:\/\/www.elindependiente.com\/series-y-television\/comunicacion\/2025\/10\/05\/el-plan-de-jose-pablo-lopez-y-de-pedro-sanchez-para-rtve-da-resultado-la-audiencia-se-dispara\/\" rel=\"nofollow noopener\" target=\"_blank\"> reconversi\u00f3n &#8216;360&#8217;<\/a>, con pol\u00edtica y sin coraz\u00f3n, Ma\u00f1aneros pulveriza marcas de audiencia d\u00eda s\u00ed y d\u00eda tambi\u00e9n. Su mejor dato hist\u00f3rico (17,7% de share) lo firm\u00f3 este \u00faltimo viernes.<\/p>\n<p>En un panorama televisivo en el que ning\u00fan matinal supera el medio mill\u00f3n de espectadores de media, Ma\u00f1aneros 360 congreg\u00f3 en <strong>La 1<\/strong> a 535.000 fieles. Ni Susanna Griso (12,2%) en Antena 3 ni <a href=\"https:\/\/www.elindependiente.com\/series-y-television\/2025\/04\/07\/entrevista-ana-rosa-quintana\/\" rel=\"nofollow noopener\" target=\"_blank\">Ana Rosa Quintana<\/a> (12,5%) en Telecinco le hicieron sombra. Tampoco Ferreras en laSexta (Al rojo vivo), ni Nacho Abad (En boca de todos) en Cuatro. Antes, Silvia Intxaurrondo super\u00f3 sin despeinarse el 20%, una barrera que casi ning\u00fan espacio televisivo \u2013ma\u00f1ana, tarde y noche\u2013 supera.<\/p>\n<p>Si gana la tarde, gana el d\u00eda<\/p>\n<p>Pero si hay un dicho que no ha perdido todav\u00eda vigencia en televisi\u00f3n es otro: si ganas la tarde, ganas el d\u00eda. He ah\u00ed la fortaleza durante a\u00f1os de Telecinco gracias a S\u00e1lvame. <a href=\"https:\/\/www.elindependiente.com\/tendencias\/2022\/10\/17\/auge-y-caida-de-paolo-vasile-el-hombre-que-cambio-la-television-para-siempre\/\" rel=\"nofollow noopener\" target=\"_blank\">Vasile<\/a> lo sab\u00eda. Puede que <strong>Antena 3<\/strong> sea imbatible a primera y \u00faltima hora de la tarde gracias a la telenovela espa\u00f1ola <a href=\"https:\/\/www.elindependiente.com\/series-y-television\/2025\/09\/24\/jordi-calafi-coordinador-guion-suenos-libertad\/\" rel=\"nofollow noopener\" target=\"_blank\">Sue\u00f1os de libertad<\/a> y el sempiterno concurso Pasapalabra. Sin embargo, su punto d\u00e9bil es el magac\u00edn de tres horas que presenta en directo y desde hace tres a\u00f1os <a href=\"https:\/\/www.elindependiente.com\/tendencias\/libros\/2023\/11\/09\/sonsoles-onega-yo-siempre-escribo-sin-contrato\/\" rel=\"nofollow noopener\" target=\"_blank\">Sonsoles \u00d3nega<\/a>. En cambio, toda la programaci\u00f3n vespertina de <strong>La 1<\/strong>, en cuesti\u00f3n de semanas, ha superado ya la barrera del 12% de cuota de pantalla.<\/p>\n<p>Al liderazgo incontestable de sus <a href=\"https:\/\/www.elindependiente.com\/series-y-television\/2025\/09\/25\/valle-salvaje-regreso-sabinas-telenovelas-emmy-internacional\/\" rel=\"nofollow noopener\" target=\"_blank\">series diarias de \u00e9poca<\/a>, <a href=\"https:\/\/www.elindependiente.com\/series-y-television\/2025\/09\/19\/valle-salvaje-temporada-3-netflix\/\" rel=\"nofollow noopener\" target=\"_blank\">Valle Salvaje<\/a> y <a href=\"https:\/\/www.elindependiente.com\/series-y-television\/2025\/09\/18\/rtve-quinta-temporada-la-promesa-hasta-2027\/\" rel=\"nofollow noopener\" target=\"_blank\">La Promesa<\/a>, y el espacio de meteorolog\u00eda y gastronom\u00eda Aqu\u00ed la tierra; <strong>La 1<\/strong> ha encontrado un fil\u00f3n en hacerle la competencia directa a Cuatro, <a href=\"https:\/\/www.elindependiente.com\/series-y-television\/2025\/08\/30\/telecinco-vive-su-peor-crisis-de-audiencia-de-la-historia\/\" rel=\"nofollow noopener\" target=\"_blank\">Telecinco<\/a> y laSexta con Directo al grano y Malas lenguas, sendos formatos producidos por La Osa (S\u00e1lvame), con mesas de debate &#8216;plurales&#8217; sobre pol\u00edtica y actualidad. Y lo hacen con rostros que anteriormente daban, analizaban e interpretaban las noticias en las privadas: <a href=\"https:\/\/www.elindependiente.com\/series-y-television\/2025\/08\/13\/marta-flich-rtve-magacin-la-1-tve\/\" rel=\"nofollow noopener\" target=\"_blank\">Marta Flich<\/a>, <a href=\"https:\/\/www.elindependiente.com\/opinion\/2025\/08\/22\/tus-impuestos-para-pagar-a-gonzalo-miro\/\" rel=\"nofollow noopener\" target=\"_blank\">Gonzalo Mir\u00f3<\/a> y Jes\u00fas Cintora.<\/p>\n<p>Marta Flich aporta \u00abvalor\u00bb a RTVE<\/p>\n<p>De hecho, el presidente de RTVE Jos\u00e9 Pablo L\u00f3pez cita el buen rendimiento en audiencias de Todo es mentira (Cuatro) como uno de los motivos para fichar a su copresentadora Marta Flich. \u00abComo presentadora de televisi\u00f3n, es vers\u00e1til, cercana, y cre\u00edble, y consideramos que su incorporaci\u00f3n a un programa de RTVE aporta valor\u00bb, reza la <a href=\"http:\/\/chrome-extension:\/\/efaidnbmnnnibpcajpcglclefindmkaj\/https:\/\/www.congreso.es\/entradap\/l15p\/e8\/e_0080634_n_000.pdf\" rel=\"nofollow\">respuesta<\/a> de la Corporaci\u00f3n a una pregunta formulada por Vox. El enigma que tarde o temprano se resolver\u00e1 gracias a Transparencia es la cantidad que RTVE paga a Marta Flich y <a href=\"https:\/\/www.elindependiente.com\/series-y-television\/comunicacion\/2025\/10\/09\/polemica-en-rtve-por-el-discurso-de-gonzalo-miro-sobre-carlos-mazon-no-sabemos-si-tenia-los-pantalones-puestos-o-quitados\/\" rel=\"nofollow noopener\" target=\"_blank\">Gonzalo Mir\u00f3<\/a> como conductores con voz y voto de Directo al grano.<\/p>\n<p>            <a class=\"articulo-relacionado__media\" href=\"https:\/\/www.elindependiente.com\/series-y-television\/2025\/10\/04\/motos-vs-broncano-2-el-hormiguero-hizo-pleno-en-septiembre-contra-la-revuelta\/\" title=\"Motos vs. Broncano 2, El Hormiguero hizo pleno en septiembre contra La Revuelta\" rel=\"nofollow noopener\" target=\"_blank\"><\/p>\n<p>                <img loading=\"lazy\" decoding=\"async\" src=\"data:image\/svg+xml,%3Csvg%20xmlns=\" http:=\"\" width=\"390\" height=\"220\" alt=\"Motos vs. Broncano 2, El Hormiguero hizo pleno en septiembre contra La Revuelta\" data-lazy-src=\"https:\/\/www.europesays.com\/es\/wp-content\/uploads\/2025\/10\/broncano-motos2-390x220.jpg\"\/><\/p>\n<p>\t\t\t            <\/a><\/p>\n<p>PUBLICIDAD<\/p>\n","protected":false},"excerpt":{"rendered":"No est\u00e1 el horno para bollos. Tras cuatro a\u00f1os de liderazgo absoluto y casi ininterrumpido, Antena 3 ve&hellip;\n","protected":false},"author":2,"featured_media":175215,"comment_status":"","ping_status":"","sticky":false,"template":"","format":"standard","meta":{"footnotes":""},"categories":[171],"tags":[4040,151,146,147,25,24,518,23,807,12017,214],"class_list":{"0":"post-175214","1":"post","2":"type-post","3":"status-publish","4":"format-standard","5":"has-post-thumbnail","7":"category-tv","8":"tag-antena-3","9":"tag-atresmedia","10":"tag-entertainment","11":"tag-entretenimiento","12":"tag-es","13":"tag-espana","14":"tag-rtve","15":"tag-spain","16":"tag-television","17":"tag-television-espanola-tve","18":"tag-tv"},"share_on_mastodon":{"url":"","error":""},"_links":{"self":[{"href":"https:\/\/www.europesays.com\/es\/wp-json\/wp\/v2\/posts\/175214","targetHints":{"allow":["GET"]}}],"collection":[{"href":"https:\/\/www.europesays.com\/es\/wp-json\/wp\/v2\/posts"}],"about":[{"href":"https:\/\/www.europesays.com\/es\/wp-json\/wp\/v2\/types\/post"}],"author":[{"embeddable":true,"href":"https:\/\/www.europesays.com\/es\/wp-json\/wp\/v2\/users\/2"}],"replies":[{"embeddable":true,"href":"https:\/\/www.europesays.com\/es\/wp-json\/wp\/v2\/comments?post=175214"}],"version-history":[{"count":0,"href":"https:\/\/www.europesays.com\/es\/wp-json\/wp\/v2\/posts\/175214\/revisions"}],"wp:featuredmedia":[{"embeddable":true,"href":"https:\/\/www.europesays.com\/es\/wp-json\/wp\/v2\/media\/175215"}],"wp:attachment":[{"href":"https:\/\/www.europesays.com\/es\/wp-json\/wp\/v2\/media?parent=175214"}],"wp:term":[{"taxonomy":"category","embeddable":true,"href":"https:\/\/www.europesays.com\/es\/wp-json\/wp\/v2\/categories?post=175214"},{"taxonomy":"post_tag","embeddable":true,"href":"https:\/\/www.europesays.com\/es\/wp-json\/wp\/v2\/tags?post=175214"}],"curies":[{"name":"wp","href":"https:\/\/api.w.org\/{rel}","templated":true}]}}