{"id":175313,"date":"2025-10-14T03:52:11","date_gmt":"2025-10-14T03:52:11","guid":{"rendered":"https:\/\/www.europesays.com\/es\/175313\/"},"modified":"2025-10-14T03:52:11","modified_gmt":"2025-10-14T03:52:11","slug":"no-hay-que-elegir-entre-leer-o-escuchar-conviven-se-apoyan","status":"publish","type":"post","link":"https:\/\/www.europesays.com\/es\/175313\/","title":{"rendered":"No hay que elegir entre leer o escuchar, conviven, se apoyan"},"content":{"rendered":"<p class=\"ft-text\">La m\u00fasica y el doblaje abrieron la puerta del universo narrativo a <strong>Javier Portugu\u00e9s<\/strong>: \u00abHice mucho musical de dibujos animados, mucho <a class=\"ft-link ft-link--decoration\" href=\"https:\/\/www.elperiodico.com\/es\/temas\/disney-28212\" rel=\"nofollow noopener\" target=\"_blank\">Disney<\/a>\u00ab. En 2017, cuando <strong>Penguin Random House<\/strong> decidi\u00f3 formar a los primeros directores de <a class=\"ft-link ft-link--decoration\" href=\"https:\/\/www.elperiodico.com\/es\/ocio-y-cultura\/libros\/20240921\/audiolibros-penguin-planeta-escritores-alex-salmon-articulo-117972289\" rel=\"nofollow noopener\" target=\"_blank\">audiolibros<\/a> en Espa\u00f1a, \u00e9l estuvo entre ellos. \u00abLas editoriales ten\u00edan un cat\u00e1logo descomunal que pod\u00edan explotar en audio\u00bb, recuerda hoy este miembro de la primera hornada de profesionales que dieron forma a una nueva industria.<\/p>\n<p class=\"ft-text\">Explica el esfuerzo que implica cada t\u00edtulo: \u00abProducir un audiolibro implica actores, direcci\u00f3n, edici\u00f3n\u2026 pero siguen pareciendo caros\u00bb. Para \u00e9l, el reto va m\u00e1s all\u00e1 de la t\u00e9cnica, se trata de transmitir lo que el escritor ha creado. Por eso defiende una \u00e9tica del <strong>respeto absoluto al texto<\/strong>. \u00abSi el autor dice que grita, se grita; si dice susurra, se susurra. Y aunque nadie sepa qu\u00e9 es musitar, si lo dice, se musita tambi\u00e9n\u00bb.<\/p>\n<p class=\"ft-text\">Aunque al <a class=\"ft-link ft-link--decoration\" href=\"https:\/\/www.elperiodico.com\/es\/ocio-y-cultura\/libros\/20250901\/auge-audiolibros-moda-o-innovador-formato-120246008\" rel=\"nofollow noopener\" target=\"_blank\">fen\u00f3meno del audiolibro<\/a> parece discurrir en paralelo a la <a class=\"ft-link ft-link--decoration\" href=\"https:\/\/www.elperiodico.com\/es\/temas\/lectura-1907828\" rel=\"nofollow noopener\" target=\"_blank\">lectura<\/a>, tiene una ra\u00edz antigua: escuchar historias siempre fue la forma original de leer. \u00abAntes, lo normal era aprender las historias porque alguien las contaba en voz alta\u00bb, dice Portugu\u00e9s, y recuerda tambi\u00e9n las <strong>radionovelas<\/strong> que o\u00edan nuestros abuelos.<\/p>\n<p class=\"ft-text\">Los datos lo confirman: el sector crece cada a\u00f1o y las editoriales han encontrado en el formato una v\u00eda para atraer a <strong>nuevos lectores<\/strong>. Para \u00e9l, m\u00e1s all\u00e1 de las cifras, el auge actual del audio \u2013<a class=\"ft-link ft-link--decoration\" href=\"https:\/\/www.elperiodico.com\/es\/temas\/libros-cosas-2130472\" rel=\"nofollow noopener\" target=\"_blank\">p\u00f3dcast<\/a>, narraciones, ficciones sonoras\u2013 no es una moda, sino una recuperaci\u00f3n de esa tradici\u00f3n.<\/p>\n<p class=\"ft-text\">El reciente \u00e9xito de los <strong>Podcast Days 2025<\/strong>, donde se dieron cita las empresas que sostienen esta industria, confirma este momento brillante para la escucha cultural. Que inviten a profesionales como este narrador demuestra que el <strong>audiolibro<\/strong> ya no es un ap\u00e9ndice, sino parte esencial del presente editorial. \u00abNo hay que elegir entre leer o escuchar. Conviven, se apoyan\u00bb, afirma. Lo dice alguien que, tras a\u00f1os de grabaciones, sigue hallando en la voz una forma de leer capaz de fascinar a cualquiera.<\/p>\n","protected":false},"excerpt":{"rendered":"La m\u00fasica y el doblaje abrieron la puerta del universo narrativo a Javier Portugu\u00e9s: \u00abHice mucho musical de&hellip;\n","protected":false},"author":2,"featured_media":175314,"comment_status":"","ping_status":"","sticky":false,"template":"","format":"standard","meta":{"footnotes":""},"categories":[172],"tags":[31934,224,1499,411,1060,146,147,25,24,5264,225,32857,30407,185,50335,1645,2667,18858,1448,23],"class_list":{"0":"post-175313","1":"post","2":"type-post","3":"status-publish","4":"format-standard","5":"has-post-thumbnail","7":"category-libros","8":"tag-audiolibros","9":"tag-books","10":"tag-critica-de-libros","11":"tag-director","12":"tag-disney","13":"tag-entertainment","14":"tag-entretenimiento","15":"tag-es","16":"tag-espana","17":"tag-javier","18":"tag-libros","19":"tag-libros-mas-vendidos","20":"tag-libros-y-cosas","21":"tag-musica","22":"tag-narrador","23":"tag-novela","24":"tag-podcast","25":"tag-portugues","26":"tag-radio","27":"tag-spain"},"share_on_mastodon":{"url":"","error":""},"_links":{"self":[{"href":"https:\/\/www.europesays.com\/es\/wp-json\/wp\/v2\/posts\/175313","targetHints":{"allow":["GET"]}}],"collection":[{"href":"https:\/\/www.europesays.com\/es\/wp-json\/wp\/v2\/posts"}],"about":[{"href":"https:\/\/www.europesays.com\/es\/wp-json\/wp\/v2\/types\/post"}],"author":[{"embeddable":true,"href":"https:\/\/www.europesays.com\/es\/wp-json\/wp\/v2\/users\/2"}],"replies":[{"embeddable":true,"href":"https:\/\/www.europesays.com\/es\/wp-json\/wp\/v2\/comments?post=175313"}],"version-history":[{"count":0,"href":"https:\/\/www.europesays.com\/es\/wp-json\/wp\/v2\/posts\/175313\/revisions"}],"wp:featuredmedia":[{"embeddable":true,"href":"https:\/\/www.europesays.com\/es\/wp-json\/wp\/v2\/media\/175314"}],"wp:attachment":[{"href":"https:\/\/www.europesays.com\/es\/wp-json\/wp\/v2\/media?parent=175313"}],"wp:term":[{"taxonomy":"category","embeddable":true,"href":"https:\/\/www.europesays.com\/es\/wp-json\/wp\/v2\/categories?post=175313"},{"taxonomy":"post_tag","embeddable":true,"href":"https:\/\/www.europesays.com\/es\/wp-json\/wp\/v2\/tags?post=175313"}],"curies":[{"name":"wp","href":"https:\/\/api.w.org\/{rel}","templated":true}]}}