{"id":175315,"date":"2025-10-14T03:53:17","date_gmt":"2025-10-14T03:53:17","guid":{"rendered":"https:\/\/www.europesays.com\/es\/175315\/"},"modified":"2025-10-14T03:53:17","modified_gmt":"2025-10-14T03:53:17","slug":"el-escritor-mas-vendido-en-espana","status":"publish","type":"post","link":"https:\/\/www.europesays.com\/es\/175315\/","title":{"rendered":"\u00abEl escritor m\u00e1s vendido en Espa\u00f1a\u00bb"},"content":{"rendered":"<p style=\"\">Una promesa al azar de <strong>David Broncano<\/strong> ha acabado derivando en el sue\u00f1o cumplido de un escritor &#8216;amateur&#8217;. El granadino <strong>Custodio P\u00e9rez<\/strong> ocup\u00f3 la ba\u00f1era de <strong>&#8216;La Revuelta&#8217; al<\/strong> principio de la segunda temporada y se postul\u00f3 como invitado en caso  &#8230; de que alg\u00fan d\u00eda se cayera el entrevistado de turno. El pasado jueves, el presentador cumpli\u00f3 con su palabra y ofreci\u00f3 al autor la posibilidad de promocionar su obra en pleno &#8216;prime time&#8217; de <strong>Televisi\u00f3n Espa\u00f1ola<\/strong>. <\/p>\n<p class=\"voc-p\" style=\"\">Horas antes de la grabaci\u00f3n, P\u00e9rez recibi\u00f3 <a href=\"https:\/\/www.abc.es\/play\/television\/noticias\/revuelta-invita-popular-politico-respuesta-defrauda-despues-20251009223935-nt.html\" target=\"_self\" data-voc-vtm-id=\"in-text-traffic\" title=\"una llamada de &#039;La Revuelta\" data-mrf-link=\"www.abc.es\" rel=\"nofollow noopener\">una llamada de &#8216;La Revuelta<\/a>&#8216;. In extremis, viajaba de Ja\u00e9n a Madrid para presentar su trilog\u00eda de novelas negras ambientadas en Andaluc\u00eda. Aunque ya tiene \u00abnueve escritos, pero no hay dinero para publicarlos\u00bb. <\/p>\n<p class=\"voc-p\" style=\"\">La historia del invitado, para algunos el mejor de todos los que han participado en el &#8216;show&#8217; de Broncano, conmovi\u00f3 y sorprendi\u00f3 por igual a los espectadores. Y es que el granadino empez\u00f3 a escribir hace tan solo un a\u00f1o, por las noches en su tel\u00e9fono m\u00f3vil. Antes, el hombre, natural de Hu\u00e9tor T\u00e1jar, trabajaba en los olivares, pero lo tuvo que dejar para cuidar a su suegra y su sobrina. <\/p>\n<p>\nNueve libros en un a\u00f1o: la incre\u00edble bibliograf\u00eda del escritor\n<\/p>\n<p class=\"voc-p\" style=\"\">En el transcurso de la entrevista, el escritor rememor\u00f3 que su pasi\u00f3n por la lectura viene de la adolescencia. Comenz\u00f3 leyendo a <strong>Stephen Kin<\/strong>g para refugiarse del &#8216;bullying&#8217; que padec\u00eda. \u00abSo\u00f1aba con vengarme de todos, igual que <strong>Carrie<\/strong>, pero no lo hice\u00bb. Y aunque piensa que no va a vivir de su obra, reivindic\u00f3 que \u00abquiero que la gente me lea\u00bb. De hecho, ya prepara su pr\u00f3xima publicaci\u00f3n <strong>&#8216;Susurros en un mar de pl\u00e1sticos&#8217;<\/strong>, en el que narra el drama de la inmigraci\u00f3n.<\/p>\n<p class=\"voc-p\" style=\"\">Gracias a su participaci\u00f3n en <strong>&#8216;La Revuelta&#8217;<\/strong>, el deseo de <strong>Custodio<\/strong> se ha cumplido a un nivel que no podr\u00eda haber imaginado. En apenas tres d\u00edas su trilog\u00eda de novela negra, compuesta por <strong>&#8216;Granada oscura&#8217;,<\/strong>\u00a0<strong>&#8216;Mitos y leyendas del mar de olivos&#8217;,<\/strong> y <strong>&#8216;El tri\u00e1ngulo del sur<\/strong>&#8216;, se ha posicionado en el primer puesto de las listas de ventas de online, por encima de los mism\u00edsimos <strong>Ken Follet<\/strong> y <strong>Dan Brown<\/strong>. \u00abA d\u00eda de hoy, el escritor m\u00e1s vendido en Espa\u00f1a\u00bb, anunciaba Broncano en el programa del lunes 13 de octubre. \u00abLos dos autores m\u00e1s vendidos del siglo XXI, y <strong>Custodio P\u00e9re<\/strong>z. Es incre\u00edble\u00bb, apuntaba. <\/p>\n","protected":false},"excerpt":{"rendered":"Una promesa al azar de David Broncano ha acabado derivando en el sue\u00f1o cumplido de un escritor &#8216;amateur&#8217;.&hellip;\n","protected":false},"author":2,"featured_media":175316,"comment_status":"","ping_status":"","sticky":false,"template":"","format":"standard","meta":{"footnotes":""},"categories":[171],"tags":[7481,50336,146,147,25,5235,24,1073,9037,10783,7376,528,23,214,16173],"class_list":{"0":"post-175315","1":"post","2":"type-post","3":"status-publish","4":"format-standard","5":"has-post-thumbnail","7":"category-tv","8":"tag-convertido","9":"tag-cumplida","10":"tag-entertainment","11":"tag-entretenimiento","12":"tag-es","13":"tag-escritor","14":"tag-espana","15":"tag-hito","16":"tag-inesperado","17":"tag-invitado","18":"tag-promesa","19":"tag-revuelta","20":"tag-spain","21":"tag-tv","22":"tag-vendido"},"share_on_mastodon":{"url":"","error":""},"_links":{"self":[{"href":"https:\/\/www.europesays.com\/es\/wp-json\/wp\/v2\/posts\/175315","targetHints":{"allow":["GET"]}}],"collection":[{"href":"https:\/\/www.europesays.com\/es\/wp-json\/wp\/v2\/posts"}],"about":[{"href":"https:\/\/www.europesays.com\/es\/wp-json\/wp\/v2\/types\/post"}],"author":[{"embeddable":true,"href":"https:\/\/www.europesays.com\/es\/wp-json\/wp\/v2\/users\/2"}],"replies":[{"embeddable":true,"href":"https:\/\/www.europesays.com\/es\/wp-json\/wp\/v2\/comments?post=175315"}],"version-history":[{"count":0,"href":"https:\/\/www.europesays.com\/es\/wp-json\/wp\/v2\/posts\/175315\/revisions"}],"wp:featuredmedia":[{"embeddable":true,"href":"https:\/\/www.europesays.com\/es\/wp-json\/wp\/v2\/media\/175316"}],"wp:attachment":[{"href":"https:\/\/www.europesays.com\/es\/wp-json\/wp\/v2\/media?parent=175315"}],"wp:term":[{"taxonomy":"category","embeddable":true,"href":"https:\/\/www.europesays.com\/es\/wp-json\/wp\/v2\/categories?post=175315"},{"taxonomy":"post_tag","embeddable":true,"href":"https:\/\/www.europesays.com\/es\/wp-json\/wp\/v2\/tags?post=175315"}],"curies":[{"name":"wp","href":"https:\/\/api.w.org\/{rel}","templated":true}]}}