{"id":175317,"date":"2025-10-14T03:54:11","date_gmt":"2025-10-14T03:54:11","guid":{"rendered":"https:\/\/www.europesays.com\/es\/175317\/"},"modified":"2025-10-14T03:54:11","modified_gmt":"2025-10-14T03:54:11","slug":"analizando-el-cartel-del-vive-latino-2026-en-5-puntos-claves","status":"publish","type":"post","link":"https:\/\/www.europesays.com\/es\/175317\/","title":{"rendered":"Analizando el cartel del Vive Latino 2026 en 5 puntos claves"},"content":{"rendered":"<p>\t\t\t\t\tLo que necesitas saber: <\/p>\n<p>El Vive Latino se realizar\u00e1 el 14 y 15 de marzo del 2026 en el Estadio GNP Seguros con Smashing Pumpkins, The Mars Volta, Fobia y m\u00e1s.<\/p>\n<p>Es momento de apuntar a los festivales del a\u00f1o entrante. <strong>Lleg\u00f3 el cartel del Vive Latino 2026 y hay que decirlo\u2026 <a href=\"https:\/\/www.sopitas.com\/musica\/checa-el-cartel-completo-del-vive-latino-2026-para-ir-calentando-motores\/\" target=\"_blank\" rel=\"noreferrer noopener nofollow\">se ve bastante bien<\/a><\/strong>. <\/p>\n<p>Y es que hay de todo: headliners internacionales chidos, headliners de habla hispana de alto perfil, artistas de \u2018letras chiquitas\u2019 que valen mucho la pena, algunos artistas para demostrar que el VL puede ser atractivo para nuevas generaciones y m\u00e1s.<\/p>\n<p><img loading=\"lazy\" decoding=\"async\" width=\"819\" height=\"1024\" src=\"https:\/\/www.europesays.com\/es\/wp-content\/uploads\/2025\/10\/checa-el-cartel-completo-del-vive-latino-2026-para-ir-calentando-motores-cartel-819x1024.jpg\" alt=\"checa-el-cartel-completo-del-vive-latino-2026-para-ir-calentando-motores-cartel\" class=\"wp-image-1864019\"  \/>Line up completo del Vive Latino 2026 \/\/ Foto: Vive Latino<\/p>\n<p>El cartel del Vive Latino 2026 en 5 puntos clave<\/p>\n<p>\u00bfLes lati\u00f3 el cartel? Acomp\u00e1\u00f1enos en este breve an\u00e1lisis del cartel de Vive Latino 2026, que sin duda est\u00e1 entre los mejores que <strong>se han armado desde que entramos a la d\u00e9cada del 2020<\/strong>. <\/p>\n<p>1. Se arm\u00f3 el \u2018Homerpalooza\u2019 en el Vive Latino 2026\u2026 y no es queja<\/p>\n<p>El cartel del Vive Latino 2026 trae headliners internacionales de alt\u00edsimo perfil como <strong>Smashing Pumpkins y Cypress Hill<\/strong>, las cuales le dan un toque de nostalgia noventera al festival. <\/p>\n<p>Si creciste musicalmente en esa \u00e9poca y eras m\u00e1s grungy, seguro te marc\u00f3 el <strong>Siamese Dream o el Mellon Collie and the Infinite Sadness<\/strong>. O si le estabas entrando al rap agresivo m\u00e1s underground, tal vez recuerdas lo dur\u00edsimos que estaban los discos de Cypress en esos a\u00f1os con rolas como \u201c<strong>Insane In The Brain\u201d o \u201cDr Greenthumb\u201d<\/strong>. <\/p>\n<p>&amp;list=RDRijB8wnJCN0&amp;start_radio=1<\/p>\n<p>Y como se sabe que Cypress Hill fue una banda que influy\u00f3 mucho al rap en espa\u00f1ol, se vale ilusionarse con que<strong> tengan alg\u00fan invitado especial o hasta las versiones en espa\u00f1ol de sus canciones<\/strong>. A ver qu\u00e9 se da. <\/p>\n<p>Y con el cartel del Vive Latino 2026, nos preguntamos\u2026<strong> \u00bfQu\u00e9 es esto, el episodio de <a href=\"https:\/\/www.youtube.com\/watch?v=XW9moW7eJZI\" target=\"_blank\" rel=\"noreferrer noopener nofollow\">Homerpalooza de Los Simpson<\/a>?<\/strong> Jeje\u2026 Igual, ver a Smashing Pumpkins con The Mars Volta nos trae recuerdos de cuando fueron headliners del <a href=\"https:\/\/www.sopitas.com\/musica\/10-festivales-mexicanos-ya-no-existen-no-recordabas-motorokr-zero-fest-manifest\/\" target=\"_blank\" rel=\"noreferrer noopener nofollow\">Coca Cola Zero Fest en el 2008<\/a>. Ya llovi\u00f3\u2026<\/p>\n<p>&amp;list=RD7XOc5Mixfcw&amp;start_radio=1<\/p>\n<p>2. Poderosos (y nost\u00e1lgicos) headliners latinos e hispanohablantes.<\/p>\n<p>En el Vive Latino 2026 tambi\u00e9n tenemos grandes headliners nost\u00e1lgicos mexicanos y latinos. Y en ese sentido, tendremos a cuatro bandotas como<strong> Fobia, Illya Kuryaki and The Valderramas, Fabulosos Cadillacs y Maldita Vecindad<\/strong>. <\/p>\n<p>Curiosamente, estas bandas vienen (o van a celebrar) aniversarios de discos renombrados como <strong>Rosa Venus (20 a\u00f1os), Leche (25 a\u00f1os), Rey Az\u00facar (30 a\u00f1os) y El Circo (35 a\u00f1os) <\/strong>respectivamente.<\/p>\n<p>\u00bfVeremos shows especiales con enfoque en esos discos? Habr\u00e1 que esperar, pero no estar\u00eda nada mal.\u00a0<\/p>\n<p>&amp;list=RDR4Kq5BRv0ZA&amp;start_radio=1<\/p>\n<p>Pero el cartel del Vive Latino 2026 no solo apunta a lao nostalgia, sino que tiene en la colaboraci\u00f3n de <strong>Daniela Spalla y Esteman<\/strong> a un proyecto headliner moderno de lo m\u00e1s llamativo de los a\u00f1os recientes. <\/p>\n<p>Y es que hace poco, tuvieron un show memorable en el Palacio de los Deportes donde demostraron no solo que son grandes m\u00fasicos\u2026 sino que tienen un show de concepto genial que<strong> los posiciona como una gran opci\u00f3n pop dentro del festival<\/strong>. <\/p>\n<p><img loading=\"lazy\" decoding=\"async\" width=\"1024\" height=\"682\" src=\"https:\/\/www.europesays.com\/es\/wp-content\/uploads\/2025\/10\/cartel-vive-latino-2025-analisis-1024x682.jpeg\" alt=\"cartel vive latino 2026\" class=\"wp-image-1864035\"  \/>Esteman y Daniela Spalla en el Palacio de los Deportes. Foto: cortes\u00eda OCESA\/Laura Villegas.<\/p>\n<p>3. Las \u2018letras chiquitas\u2019 en el cartel del Vive Latino 2026 tienen grandiosos proyectos<\/p>\n<p>Mucho se dice que el festival se est\u00e1 estancando\u2026 pero mucho de eso se debe tambi\u00e9n a que el p\u00fablico no ha sabido renovarse o abrirse a nuevos proyectos. As\u00ed que ah\u00ed va de una\u2026 nuestras recomendaciones de <strong>bandas de \u2018letras chiquitas\u2019 del Vive Latino 2026 <\/strong>para que renueves la playlist rumbo al festival. <\/p>\n<p>Si te late el rock alternativo, escucha a Beta. La banda lleva ya un rato en la escena tocado en venues medianos y en festivales\u2026 y su material sin duda merece mucho m\u00e1s reconocimiento. Tres rolas para entrarle: <strong>\u201cAire\u201d, \u201cVen a buscarme\u201d (el riff de guitarra tiene cositas Cerati-escas) y \u201cAtlas\u201d<\/strong>. <\/p>\n<p>&amp;list=PLgAqbZM1Ug7ktR31jNmh-xptt80bYhTd1&amp;index=10<\/p>\n<p>Tambi\u00e9n tenemos en el Vive Latino a <strong>Malcriada<\/strong>, cuyo estilo synthpunk (sonoro y est\u00e9tico) los ha hecho crecer mete\u00f3ricamente a lo largo del 2024 y 2025. Rolas para entrarle: <strong>\u201cMomento\u201d ft Prayers, \u201cDo Something\u201d y \u201cK.O\u201d<\/strong>. <\/p>\n<p>&amp;list=RDKh2twGe8QBU&amp;start_radio=1<\/p>\n<p>Y cerramos el apartado de recomendaciones veloces del Vive Latino 2026 con la incre\u00edble <strong>Reyna Tropical<\/strong>, que te encantar\u00e1 si eres af\u00edn a la fusi\u00f3n electr\u00f3nica con ritmos tropicales y estilos folcl\u00f3ricos. <\/p>\n<p>Fabi Reyna, l\u00edder del proyecto, tambi\u00e9n tiene experiencia como guitarrista de grandes bandas de rock como Sleater-Kinney.<\/p>\n<p>&amp;list=RD9xsBaST5Aws&amp;start_radio=1<\/p>\n<p>4. \u00bfEl Vive Latino le apunta m\u00e1s que nunca a la Gen Z?<\/p>\n<p>El Vive Latino se abre cada vez m\u00e1s a las nuevas generaciones y en ese sentido, artistas como<strong> Trueno <\/strong>se han convertido en fen\u00f3menos virales no solo a nivel latinoamericano\u2026 <\/p>\n<p>Si no, preg\u00fantenle a<strong> Damon Albarn por qu\u00e9 le ha dado tanto vuelo para que colabore con Gorillaz<\/strong>; hicieron una colaboraci\u00f3n en vivo en el Quilmes Rock del 2022 y ahora, el argentino es invitado en el disco The Mountain de la banda virtual en<strong><a href=\"https:\/\/www.sopitas.com\/musica\/gorillaz-presenta-nuevo-sencillo-the-manifiesto\/\" target=\"_blank\" rel=\"noreferrer noopener nofollow\"> la canci\u00f3n \u201cThe Manifesto\u201d<\/a><\/strong>. <\/p>\n<p>&amp;list=RD6JIv1l96zN0&amp;start_radio=1<\/p>\n<p>Desde Espa\u00f1a, tambi\u00e9n tenemos a <strong>Rusowsky<\/strong> como uno de los grandes nombres de la nueva camada espa\u00f1ola musical que ha emergido tras el \u00e9xito impulsado por Rosal\u00eda y C. Tangana. <\/p>\n<p>Solo que, a diferencia de ellos, el artista que llega al Vive Latino se caracteriza por su capacidad como productor y compositor desde lo experimental. Te entrega canciones que van de <strong>lo urbano al R&amp;B, o del indie pop lo-fi hasta composiciones de jazz<\/strong>. Loqu\u00edsimo este chico.<\/p>\n<p>Chequen su Tiny Desk, porque est\u00e1 maravilloso. <\/p>\n<p>&amp;list=RDFo89b8zAIE4&amp;start_radio=1<\/p>\n<p>5. Se mantiene la diversificaci\u00f3n de estilos tradicionales y folcl\u00f3ricos<\/p>\n<p>El Vive Latino 2026 mantiene en su cartel la diversificaci\u00f3n de estilos. As\u00ed, integran a <strong>Banda Machos <\/strong>como el acto de regional mexicano infaltable. Puede que hasta haya familias interesadas en ir al festival para verlos, eh\u2026 banda ic\u00f3nica mexa en su rubro.<\/p>\n<p>Ahora, un poco m\u00e1s fusi\u00f3n, un proyecto imperdible son Los Pream, queson unos maestros a la hora de <strong>mezclar m\u00fasica tradicional mixe con jazz, funk y otros estilos<\/strong>. Esta es una de las bandas que refrescan mucho el lineup m\u00e1s all\u00e1 de la l\u00ednea alternativa y rockera que define al festival.<\/p>\n<p>&amp;list=RDy8pFy_vOZd8&amp;start_radio=1<\/p>\n<p>Y por otro lado, desde el Caribe, <strong>El Gran Combo de Puerto Rico se unir\u00e1 para armar el bailazo con su m\u00fasica de salsa<\/strong>. <\/p>\n<p>Ahora que el estio ha recobrado fuerza gracias a la incursi\u00f3n de artistas masivos en discos recientes (como Bad Bunny que justo les rindi\u00f3 tributo con la canci\u00f3n \u201cNUEVAYoL\u201d), no nos queda duda que esta es una gran apuesta para recordar la importancia de <strong>una de las bandas m\u00e1s emblem\u00e1ticas y anta\u00f1as del g\u00e9nero<\/strong>. <\/p>\n<p>&amp;list=RDHBkZRS8gTdg&amp;start_radio=1<\/p>\n<p>\u00bfQu\u00e9 te pareci\u00f3 el cartel del Vive Latino 2026? Est\u00e1 potente, eh\u2026 <\/p>\n<p>\t\tTodo lo que no sab\u00edas que necesitas saber lo encuentras en Sopitas.com<\/p>\n","protected":false},"excerpt":{"rendered":"Lo que necesitas saber: El Vive Latino se realizar\u00e1 el 14 y 15 de marzo del 2026 en&hellip;\n","protected":false},"author":2,"featured_media":175318,"comment_status":"","ping_status":"","sticky":false,"template":"","format":"standard","meta":{"footnotes":""},"categories":[170],"tags":[146,147,25,24,50337,184,185,23,17581],"class_list":{"0":"post-175317","1":"post","2":"type-post","3":"status-publish","4":"format-standard","5":"has-post-thumbnail","7":"category-musica","8":"tag-entertainment","9":"tag-entretenimiento","10":"tag-es","11":"tag-espana","12":"tag-estadio-gnp-seguros","13":"tag-music","14":"tag-musica","15":"tag-spain","16":"tag-vive-latino"},"share_on_mastodon":{"url":"","error":""},"_links":{"self":[{"href":"https:\/\/www.europesays.com\/es\/wp-json\/wp\/v2\/posts\/175317","targetHints":{"allow":["GET"]}}],"collection":[{"href":"https:\/\/www.europesays.com\/es\/wp-json\/wp\/v2\/posts"}],"about":[{"href":"https:\/\/www.europesays.com\/es\/wp-json\/wp\/v2\/types\/post"}],"author":[{"embeddable":true,"href":"https:\/\/www.europesays.com\/es\/wp-json\/wp\/v2\/users\/2"}],"replies":[{"embeddable":true,"href":"https:\/\/www.europesays.com\/es\/wp-json\/wp\/v2\/comments?post=175317"}],"version-history":[{"count":0,"href":"https:\/\/www.europesays.com\/es\/wp-json\/wp\/v2\/posts\/175317\/revisions"}],"wp:featuredmedia":[{"embeddable":true,"href":"https:\/\/www.europesays.com\/es\/wp-json\/wp\/v2\/media\/175318"}],"wp:attachment":[{"href":"https:\/\/www.europesays.com\/es\/wp-json\/wp\/v2\/media?parent=175317"}],"wp:term":[{"taxonomy":"category","embeddable":true,"href":"https:\/\/www.europesays.com\/es\/wp-json\/wp\/v2\/categories?post=175317"},{"taxonomy":"post_tag","embeddable":true,"href":"https:\/\/www.europesays.com\/es\/wp-json\/wp\/v2\/tags?post=175317"}],"curies":[{"name":"wp","href":"https:\/\/api.w.org\/{rel}","templated":true}]}}