{"id":175321,"date":"2025-10-14T03:56:08","date_gmt":"2025-10-14T03:56:08","guid":{"rendered":"https:\/\/www.europesays.com\/es\/175321\/"},"modified":"2025-10-14T03:56:08","modified_gmt":"2025-10-14T03:56:08","slug":"la-resistencia-inacabable-de-pedro-porro-hasta-asentarse-en-la-seleccion-futbol-deportes","status":"publish","type":"post","link":"https:\/\/www.europesays.com\/es\/175321\/","title":{"rendered":"La resistencia inacabable de Pedro Porro hasta asentarse en la selecci\u00f3n | F\u00fatbol | Deportes"},"content":{"rendered":"<p class=\"\">El viaje de Pedro Porro (Don Benito, Badajoz; 26 a\u00f1os) hasta su extraordinario desempe\u00f1o en <a href=\"https:\/\/elpais.com\/deportes\/futbol\/2025-10-11\/esta-espana-es-intocable.html\" target=\"_self\" rel=\"nofollow noopener\" title=\"https:\/\/elpais.com\/deportes\/futbol\/2025-10-11\/esta-espana-es-intocable.html\">el Espa\u00f1a-Georgia del s\u00e1bado<\/a> a veces ha parecido una acumulaci\u00f3n de se\u00f1ales que apuntaban al descarrilamiento. El lateral derecho del Tottenham debut\u00f3 con la absoluta precisamente contra Georgia el 26 de marzo de 2021. Despu\u00e9s del encuentro, se emocion\u00f3 tanto hablando de lo que significaba aquello para \u00e9l y para su familia que necesit\u00f3 interrumpir unos segundos una entrevista sobre el c\u00e9sped para recomponerse. Pero nunca volvi\u00f3 a jugar con Luis Enrique.<\/p>\n<p class=\"\">Pasaron dos a\u00f1os hasta que el 28 de marzo de 2023 Luis de la Fuente volvi\u00f3 a alinearle. Y no sali\u00f3 bien. Aquel de Glasgow contra Escocia <a href=\"https:\/\/elpais.com\/deportes\/2023-03-28\/espana-cambia-a-peor.html\" target=\"_self\" rel=\"nofollow noopener\" title=\"https:\/\/elpais.com\/deportes\/2023-03-28\/espana-cambia-a-peor.html\">es el \u00faltimo partido que ha perdido Espa\u00f1a (2-0) en esta racha<\/a> en la que este martes, contra Bulgaria, podr\u00eda igualar su r\u00e9cord hist\u00f3rico de 29 citas oficiales seguidas sin derrota. Porro tuvo una mala noche y el seleccionador lo sustituy\u00f3 en el descanso por Dani Carvajal. Transcurri\u00f3 otro a\u00f1o hasta que volvi\u00f3 a jugar con Espa\u00f1a, un amistoso contra Colombia en 2024. Y fue la \u00fanica otra derrota (0-1) de este ciclo fant\u00e1stico.<\/p>\n<p class=\"\">Unos meses m\u00e1s tarde se qued\u00f3 fuera del grupo que gan\u00f3 la Eurocopa de Alemania. Porro vio el confeti desde la distancia, como hab\u00eda visto otro triunfo de De la Fuente en 2019, cuando por una lesi\u00f3n falt\u00f3 al Europeo sub-21. En aquella final marcaron Fabi\u00e1n y Olmo, titulares cinco a\u00f1os m\u00e1s tarde en la de Berl\u00edn de la Euro.<\/p>\n<p class=\"\">Sin embargo, Porro nunca ha dejado de estar en el radar del seleccionador, que lo considera parte de una familia de la Roja repleta de futbolistas que han trepado con \u00e9l por la escalera de las categor\u00edas inferiores. Y el lateral extreme\u00f1o es un tipo obstinado que en su pelea vital se gu\u00eda con la divisa de su abuelo Antonio: \u201cVista larga, paso corto y mala leche\u201d. <\/p>\n<p class=\"\">Se ha repuesto de golpes incluso m\u00e1s contundentes. En el verano de 2022 el Tottenham pag\u00f3 por \u00e9l 45 millones de euros al Benfica, donde brill\u00f3 tres temporadas. Su estreno, en una Liga m\u00e1s f\u00edsica, de mucho ritmo, y cuyo idioma apenas manejaba, result\u00f3 doloroso. Perdieron 4-1 contra el Leicester y Tim Sherwood, exentrenador de los Spurs, destroz\u00f3 a Porro: \u201cEs tan malo\u2026 Es incre\u00edble\u201d, dijo.<\/p>\n<p class=\"\">Cuando hace unos meses le pidieron en Dazn que escogiera un momento suyo en la Premier, el lateral opt\u00f3 por aquel partido: \u201cMe quedo con un mal momento, mi debut aqu\u00ed, porque eso me dio un plus para decir: \u2018Tengo que dar un pasito m\u00e1s\u2019. Me dio el plus de poder estar disfrutando de la Premier League hoy en d\u00eda\u201d.<\/p>\n<p class=\"\">Esas ideas no le han abandonado nunca, como record\u00f3 el s\u00e1bado en Elche, donde habl\u00f3 de su mentalidad de \u201cdar la vuelta, esto es f\u00fatbol, no es como empieza; es como acaba\u201d. Acababa de terminar el mejor de sus 13 partidos con la absoluta. Contra Georgia, fue el que m\u00e1s ocasiones cre\u00f3 (6), el que m\u00e1s centros puso (14) y el segundo que m\u00e1s pases complet\u00f3 en el \u00faltimo tercio (31), solo por detr\u00e1s de Pedri. \u201cCada vez tengo m\u00e1s confianza, va saliendo m\u00e1s ese desparpajo que tengo dentro del campo\u201d, dijo.<\/p>\n<p class=\"\">Desde que <a href=\"https:\/\/elpais.com\/deportes\/futbol\/2024-10-05\/alerta-maxima-por-la-rodilla-derecha-de-dani-carvajal.html\" target=\"_self\" rel=\"nofollow noopener\" title=\"https:\/\/elpais.com\/deportes\/futbol\/2024-10-05\/alerta-maxima-por-la-rodilla-derecha-de-dani-carvajal.html\">Carvajal se lesion\u00f3 la rodilla derecha<\/a> en octubre del a\u00f1o pasado, ha entrado en todas las listas. Ha jugado 10 partidos en un a\u00f1o, mientras que en los tres anteriores solo particip\u00f3 en tres. Con el Mundial asomando, Porro ha dado el salto con la selecci\u00f3n y se perfila como el gran competidor del capit\u00e1n del Madrid por la banda derecha. El competidor de Porro tambi\u00e9n ha sido una de sus grandes inspiraciones: \u201cMe ha marcado mucho sobre todo en lo mental; esas ganas de trabajar todo el d\u00eda, ese hambre de ganar t\u00edtulos, esas ganas de ganar siempre, me han impactado\u201d.<\/p>\n<p class=\"\">Este martes tiene otra ocasi\u00f3n con Espa\u00f1a en el Jos\u00e9 Zorrilla, otro de los lugares donde estuvo a punto de naufragar. El City lo compr\u00f3 al Girona por 12 millones en 2019, cuando ten\u00eda 19 a\u00f1os y acababa de terminar su primer curso en Primera. Sin pasar por M\u00e1nchester, lo cedi\u00f3 al Real Valladolid, donde apenas jug\u00f3. \u201cNo le deseo a nadie el a\u00f1o que yo pas\u00e9 en Valladolid\u201d, cont\u00f3 en una entrevista en As; \u201cpero ah\u00ed se demuestran las mentes fuertes y que siguen hacia delante\u201d.<\/p>\n","protected":false},"excerpt":{"rendered":"El viaje de Pedro Porro (Don Benito, Badajoz; 26 a\u00f1os) hasta su extraordinario desempe\u00f1o en el Espa\u00f1a-Georgia del&hellip;\n","protected":false},"author":2,"featured_media":175322,"comment_status":"","ping_status":"","sticky":false,"template":"","format":"standard","meta":{"footnotes":""},"categories":[93],"tags":[1540,168,1539,25,24,282,1538,35718,10402,32463,50339,32867,50338,49527,23,167],"class_list":{"0":"post-175321","1":"post","2":"type-post","3":"status-publish","4":"format-standard","5":"has-post-thumbnail","7":"category-deportes","8":"tag-competiciones","9":"tag-deportes","10":"tag-entrenadores","11":"tag-es","12":"tag-espana","13":"tag-futbol","14":"tag-futbolistas","15":"tag-luis-de-la-fuente","16":"tag-luis-enrique","17":"tag-mundial-2026","18":"tag-pedro-porro","19":"tag-seleccion-espanola-futbol","20":"tag-seleccion-futbol-bulgaria","21":"tag-seleccion-futbol-georgia","22":"tag-spain","23":"tag-sports"},"share_on_mastodon":{"url":"","error":""},"_links":{"self":[{"href":"https:\/\/www.europesays.com\/es\/wp-json\/wp\/v2\/posts\/175321","targetHints":{"allow":["GET"]}}],"collection":[{"href":"https:\/\/www.europesays.com\/es\/wp-json\/wp\/v2\/posts"}],"about":[{"href":"https:\/\/www.europesays.com\/es\/wp-json\/wp\/v2\/types\/post"}],"author":[{"embeddable":true,"href":"https:\/\/www.europesays.com\/es\/wp-json\/wp\/v2\/users\/2"}],"replies":[{"embeddable":true,"href":"https:\/\/www.europesays.com\/es\/wp-json\/wp\/v2\/comments?post=175321"}],"version-history":[{"count":0,"href":"https:\/\/www.europesays.com\/es\/wp-json\/wp\/v2\/posts\/175321\/revisions"}],"wp:featuredmedia":[{"embeddable":true,"href":"https:\/\/www.europesays.com\/es\/wp-json\/wp\/v2\/media\/175322"}],"wp:attachment":[{"href":"https:\/\/www.europesays.com\/es\/wp-json\/wp\/v2\/media?parent=175321"}],"wp:term":[{"taxonomy":"category","embeddable":true,"href":"https:\/\/www.europesays.com\/es\/wp-json\/wp\/v2\/categories?post=175321"},{"taxonomy":"post_tag","embeddable":true,"href":"https:\/\/www.europesays.com\/es\/wp-json\/wp\/v2\/tags?post=175321"}],"curies":[{"name":"wp","href":"https:\/\/api.w.org\/{rel}","templated":true}]}}