{"id":175340,"date":"2025-10-14T04:11:13","date_gmt":"2025-10-14T04:11:13","guid":{"rendered":"https:\/\/www.europesays.com\/es\/175340\/"},"modified":"2025-10-14T04:11:13","modified_gmt":"2025-10-14T04:11:13","slug":"preocupacion-en-los-lakers-con-lebron","status":"publish","type":"post","link":"https:\/\/www.europesays.com\/es\/175340\/","title":{"rendered":"Preocupaci\u00f3n en los Lakers con LeBron"},"content":{"rendered":"<p class=\"ft-text\">La lesi\u00f3n de <a class=\"ft-link ft-link--decoration\" href=\"https:\/\/www.sport.es\/es\/noticias\/baloncesto\/nba\/demandan-lebron-james-conato-retiro-122431255\" rel=\"nofollow noopener\" target=\"_blank\">LeBron James<\/a> ha puesto patas arriba todos los planes de los <strong>Lakers.<\/strong> Ser\u00e1 la primera vez que &#8216;King&#8217; <strong>se pierda el partido inaugural de la NBA<\/strong>, por lo que la franquicia angelina no contaba con su ausencia. Un problema en la ci\u00e1tica<strong> lo apartar\u00e1 entre cuatro y seis semanas<\/strong>, aunque se teme que comporte una lesi\u00f3n m\u00e1s importante o regrese en baja forma.<\/p>\n<p class=\"ft-text\">\u00ab<strong>LeBron arrastra ese dolor desde finales de julio, cuando empez\u00f3 a notarlo tras un entrenamiento<\/strong>. As\u00ed que son ya m\u00e1s de dos meses y medio que no han servido para que est\u00e9 en condiciones de trabajar junto a sus compa\u00f1eros. <strong>Un panorama que enturbia de verdad<\/strong>, en la parrilla de salida, unas aguas que bajan extra\u00f1as para los Lakers en pleno training camp\u00bb, asegur\u00f3 el periodista Shams Charania en &#8216;ESPN&#8217;.<\/p>\n<p><img decoding=\"async\" src=\"https:\/\/www.europesays.com\/es\/wp-content\/uploads\/2025\/10\/e4d910b0-d8b0-495f-83e3-a7d497c141d2_alta-libre-aspect-ratio_default_0.jpg\" width=\"1200\" height=\"675\" alt=\"LeBron James se perdi\u00f3 el partido ante los Nets por lesi\u00f3n\" class=\"ft-helper-img-rd\" loading=\"lazy\" hasdataaida=\"true\"\/><\/p>\n<p class=\"ft-helper-fontColor-quaternary ft-helper-fontSize-body-S ft-helper-spacer-t-xxs\">LeBron James, en un partido que se perdi\u00f3 por lesi\u00f3n  \/ AP<\/p>\n<p class=\"ft-text\">La lesi\u00f3n de LeBron, <strong>que es dif\u00edcil de predecir su duraci\u00f3n porque depende del grado de dolencia<\/strong>, lo apartar\u00e1 de la pretemporada y del inicio de curso. Un problema que aparece en el peor momento, <strong>cuando los jugadores cogen ritmo competitivo<\/strong> y se preparan f\u00edsicamente ante la exigencia del calendario. A sus 40 a\u00f1os, esa tarea se hace cada vez m\u00e1s ardua.<\/p>\n<p class=\"ft-text\">Es evidente que el baj\u00f3n llegar\u00e1 en alg\u00fan momento. Y se teme que pueda ser durante esta temporada, teniendo en cuenta la lesi\u00f3n para empezar. Algo que no hab\u00eda sucedido nunca. \u00ab<strong>No est\u00e1 claro qui\u00e9nes ser\u00e1n titulares hasta que regrese<\/strong>. Sab\u00edamos esto al comenzar el training camp, as\u00ed que no ha cambiado nuestra forma de entrenar ni nuestra filosof\u00eda de pretemporada\u00bb, coment\u00f3 <strong>J.J.Redick. <\/strong><\/p>\n<p><img decoding=\"async\" src=\"https:\/\/www.europesays.com\/es\/wp-content\/uploads\/2025\/10\/a22e35a9-5f17-4cf9-b4f0-fb4ed2de5fdc_alta-libre-aspect-ratio_default_0.jpg\" width=\"1200\" height=\"675\" alt=\"LeBron James, en el Media Day con Luka Doncic\" class=\"ft-helper-img-rd\" loading=\"lazy\" hasdataaida=\"true\"\/><\/p>\n<p class=\"ft-helper-fontColor-quaternary ft-helper-fontSize-body-S ft-helper-spacer-t-xxs\">LeBron James, en el Media Day con Luka Doncic  \/ CAROLINE BREHMAN<\/p>\n<p class=\"ft-text\">El m\u00e1nager de los Lakers deber\u00e1 integrar en su c\u00f3ctel a las nuevas incorporaciones, como <strong>Deandre Ayton o Marcus Smart. <\/strong>Ellos ser\u00e1n una pieza fundamental para que los de Los \u00c1ngeles aspiren a algo grande esta temporada. Cabe recordar que su papel en los playoffs del a\u00f1o pasado no fue bueno, cayendo en primera ronda de manera estrepitosa.<\/p>\n<p>Un nuevo rey<\/p>\n<p class=\"ft-text\">Y nadie puede olvidar qui\u00e9n es la principal estrella del equipo a partir de esta temporada: <strong>Luka Doncic<\/strong>. El esloveno afrontar\u00e1 su primer curso completo con los Lakers y coger\u00e1 el testigo de LeBron para liderar el pr\u00f3ximo proyecto de la franquicia. Los <strong>Lakers<\/strong> llevan sin ganar un anillo de la NBA desde el a\u00f1o 2020, tras derrotar en las Finales a Miami Heat.<\/p>\n<p class=\"ft-text\">\u00abNo se trata de que el juego de Luka vaya a cambiar. <strong>Va a seguir anotando 30 o 40 puntos cada noche<\/strong>. El mayor cambio va a ser al d\u00eda siguiente, cuando se levante y diga &#8216;Oh, la rodilla no me duele&#8230; <strong>Estoy superorgulloso de \u00e9l. Demuestra que le importa y que quiere que este equipo sea m\u00e1s grande<\/strong>\u00ab, opinaba LeBron sobre el esloveno acerca de su cambio f\u00edsico.<\/p>\n","protected":false},"excerpt":{"rendered":"La lesi\u00f3n de LeBron James ha puesto patas arriba todos los planes de los Lakers. Ser\u00e1 la primera&hellip;\n","protected":false},"author":2,"featured_media":175341,"comment_status":"","ping_status":"","sticky":false,"template":"","format":"standard","meta":{"footnotes":""},"categories":[269],"tags":[299,298,168,25,24,12989,5678,1725,23,167],"class_list":{"0":"post-175340","1":"post","2":"type-post","3":"status-publish","4":"format-standard","5":"has-post-thumbnail","7":"category-baloncesto","8":"tag-baloncesto","9":"tag-basketball","10":"tag-deportes","11":"tag-es","12":"tag-espana","13":"tag-lakers","14":"tag-lebron-james","15":"tag-nba","16":"tag-spain","17":"tag-sports"},"share_on_mastodon":{"url":"","error":""},"_links":{"self":[{"href":"https:\/\/www.europesays.com\/es\/wp-json\/wp\/v2\/posts\/175340","targetHints":{"allow":["GET"]}}],"collection":[{"href":"https:\/\/www.europesays.com\/es\/wp-json\/wp\/v2\/posts"}],"about":[{"href":"https:\/\/www.europesays.com\/es\/wp-json\/wp\/v2\/types\/post"}],"author":[{"embeddable":true,"href":"https:\/\/www.europesays.com\/es\/wp-json\/wp\/v2\/users\/2"}],"replies":[{"embeddable":true,"href":"https:\/\/www.europesays.com\/es\/wp-json\/wp\/v2\/comments?post=175340"}],"version-history":[{"count":0,"href":"https:\/\/www.europesays.com\/es\/wp-json\/wp\/v2\/posts\/175340\/revisions"}],"wp:featuredmedia":[{"embeddable":true,"href":"https:\/\/www.europesays.com\/es\/wp-json\/wp\/v2\/media\/175341"}],"wp:attachment":[{"href":"https:\/\/www.europesays.com\/es\/wp-json\/wp\/v2\/media?parent=175340"}],"wp:term":[{"taxonomy":"category","embeddable":true,"href":"https:\/\/www.europesays.com\/es\/wp-json\/wp\/v2\/categories?post=175340"},{"taxonomy":"post_tag","embeddable":true,"href":"https:\/\/www.europesays.com\/es\/wp-json\/wp\/v2\/tags?post=175340"}],"curies":[{"name":"wp","href":"https:\/\/api.w.org\/{rel}","templated":true}]}}