{"id":175414,"date":"2025-10-14T05:01:11","date_gmt":"2025-10-14T05:01:11","guid":{"rendered":"https:\/\/www.europesays.com\/es\/175414\/"},"modified":"2025-10-14T05:01:11","modified_gmt":"2025-10-14T05:01:11","slug":"tatiana-tibuleac-putin-quiere-devolvernos-a-la-union-sovietica-es-un-dictador-como-stalin","status":"publish","type":"post","link":"https:\/\/www.europesays.com\/es\/175414\/","title":{"rendered":"Tatiana \u021a\u00eebuleac: \u201cPutin quiere devolvernos a la Uni\u00f3n Sovi\u00e9tica. Es un dictador, como Stalin\u201d"},"content":{"rendered":"<p class=\"\">La escritora moldava <a href=\"https:\/\/elpais.com\/smoda\/placeres\/tatiana-tibuleac-nueva-novela-el-jardin-de-vidrio.html\" target=\"_self\" rel=\"nofollow noopener\" title=\"https:\/\/elpais.com\/smoda\/placeres\/tatiana-tibuleac-nueva-novela-el-jardin-de-vidrio.html\">Tatiana \u021a\u00eebuleac<\/a> despierta furor en la Feria Internacional del <a href=\"https:\/\/elpais.com\/mexico\/2025-10-11\/monterrey-abraza-a-colombia-en-una-feria-del-libro-que-se-posiciona-como-el-proyecto-cultural-mas-importante-del-norte-de-mexico.html\" target=\"_self\" rel=\"nofollow noopener\" title=\"https:\/\/elpais.com\/mexico\/2025-10-11\/monterrey-abraza-a-colombia-en-una-feria-del-libro-que-se-posiciona-como-el-proyecto-cultural-mas-importante-del-norte-de-mexico.html\">Libro de Monterrey<\/a>. Sus libros se agotaron al segundo d\u00eda del evento, el domingo aguant\u00f3 estoicamente dos horas con la firma de ejemplares y en los pasillos del festival la gente la saluda y quiere fotos con ella. \u201cEsto solo me pasa en Latinoam\u00e9rica y Espa\u00f1a\u201d, reconoce a\u00fan incr\u00e9dula ante tanta muestra de afecto. Y es que \u021a\u00eebuleac (Chisin\u00e1u, 1978) es autora del inesperado \u00e9xito editorial El verano que mi madre tuvo los ojos verdes (editado en espa\u00f1ol por Impedimenta), en el que indaga sobre la maternidad, el duelo y la memoria, con miles de copias vendidas en el mundo hispanoparlante. \u201cEs una grata sorpresa, algo que no se espera. Cuando escribes un libro, no sabes si tendr\u00e1 \u00e9xito, pero ver que la gente los compra, los lee, se acerca a m\u00ed y lo comparte es incre\u00edble\u201d, confianza.<\/p>\n<p class=\"\">La narradora habla en esta entrevista de su nuevo trabajo, un libro sobre su padre, periodista en tiempos del yugo sovi\u00e9tico cuando Moldavia estaba sometida a las \u00f3rdenes de Mosc\u00fa. La obra ser\u00e1 traducida al espa\u00f1ol el pr\u00f3ximo a\u00f1o. \u201cNo he escrito nada en siete a\u00f1os. Publiqu\u00e9 mi tercera novela en Moldavia y ahora me siento libre, porque fue un libro muy dif\u00edcil de escribir. Fue el libro m\u00e1s dif\u00edcil, porque es muy personal\u201d, confiesa. \u201cEs un libro sobre mi padre, pero tambi\u00e9n un libro donde la voz narrativa de una protagonista, una mujer llamada Mila, se asemeja mucho a la m\u00eda. B\u00e1sicamente, como me gusta decir, envejecimos juntas en este libro. As\u00ed que, cuando leo lo que dice en \u00e9l, pienso que muchas cosas se refieren a m\u00ed\u201d, dice \u021a\u00eebuleac, quien habla en esta conversaci\u00f3n sobre la memoria, la amenaza rusa sobre su pa\u00eds y el compromiso de los escritores en tiempos recios.<\/p>\n<p class=\"\"><b>Pregunta.<\/b> \u00bfQu\u00e9 importancia tiene para usted escribir sobre la memoria?<\/p>\n<p class=\"\"><b>Respuesta.<\/b> Estoy muy contenta con este libro porque podr\u00eda haber sido un libro extremo, podr\u00eda haberlo escrito con un profundo odio hacia la ocupaci\u00f3n rusa. Lo habr\u00eda hecho con mucho entusiasmo por esos movimientos nacionalistas patri\u00f3ticos que significaron mucho para nuestra historia. Pero de alguna manera lo logr\u00e9 sin quererlo, y fue escrito mucho antes de que comenzara la guerra. Lo escrib\u00ed con honestidad. Con la honestidad de quien ve lo bueno y lo malo de ambos lados. Y me preguntaba si hoy lo habr\u00eda escrito de otra manera, y probablemente s\u00ed. No puedo decir que tengo la misma actitud hacia todo como hace tres a\u00f1os, cuando no hab\u00eda guerra. Pero creo que ese libro inici\u00f3 algunas conversaciones, muchos extranjeros vinieron a Moldavia a visitar los lugares donde vivi\u00f3 esta chica, la protagonista. Y al visitar Moldavia, descubrieron m\u00e1s. Descubrieron el pasado. Se interesaron.<\/p>\n<p class=\"\"><b>P. <\/b>Con la ca\u00edda de la URSS, Moldavia ha tenido que redescubrirse, \u00bfha establecido el pa\u00eds su propia identidad?<\/p>\n<p class=\"\"><b>R. <\/b>Mi segunda y tercera novela tratan b\u00e1sicamente de nuestra d\u00e9cada, la m\u00e1s violenta en Moldavia. Comienza inmediatamente despu\u00e9s de la disoluci\u00f3n de la Uni\u00f3n Sovi\u00e9tica y la independencia. Vinieron, ya sabes, pobreza, desempleo, tr\u00e1fico de personas, mucha criminalidad y quer\u00eda escribir sobre eso y no fue una decisi\u00f3n forzada. Creo que el pasado me est\u00e1 alcanzando y llega de forma natural y me har\u00eda muy feliz saber que este nuevo libro tambi\u00e9n tenga no el mismo \u00e9xito, pero s\u00ed el mismo inter\u00e9s para otras personas, porque explica mucho sobre el estado de Moldavia. Fui a reuniones y habl\u00e9 con gente de universidades y colegios. Desconoc\u00edan muchas cosas de las que hablaba. Me dijeron que no, que no pod\u00eda ser. Les pregunt\u00e9: \u201c\u00bfNunca hablas con tus padres sobre eso?\u00bb Y me dijeron que no. As\u00ed que, si la gente de nuestro pa\u00eds no lo sabe realmente, \u00bfqu\u00e9 se puede esperar de un p\u00fablico m\u00e1s amplio? Me alegra que este libro haya salido, porque ahora es mucho m\u00e1s f\u00e1cil reflexionar sobre el pasado. Durante muchos a\u00f1os no pudimos hablar. Mis abuelos, que fueron deportados al Gulag, no pod\u00edan hablar de eso porque necesitaban proteger a sus hijos. Mi madre no me hablaba porque era una ni\u00f1a sovi\u00e9tica, as\u00ed que solo quer\u00eda que mi futuro estuviera limpio de su pasado. Y yo no hablaba porque era la primera migrante de la familia. Pero ahora tambi\u00e9n quiero contar mi parte de la historia.<\/p>\n<p class=\"\"><b>P.<\/b> Afirm\u00f3 hace unos a\u00f1os que el libro que le gustar\u00eda escribir debe hablar sobre la deportaci\u00f3n de sus abuelos, <a href=\"https:\/\/elpais.com\/cultura\/2012\/07\/09\/actualidad\/1341851500_595714.html\" target=\"_self\" rel=\"nofollow noopener\" title=\"https:\/\/elpais.com\/cultura\/2012\/07\/09\/actualidad\/1341851500_595714.html\">que estuvieron en el Gulag en Siberia<\/a>. \u00bfLo ha logrado?<\/p>\n<p class=\"\"><b>R.<\/b> Esta ma\u00f1ana, en mi habitaci\u00f3n de hotel, empec\u00e9 a trabajar en este libro que me preguntas, porque creo que necesito deshacerme de esto tan personal. Fue un problema durante todos estos a\u00f1os, porque siempre pens\u00e9 que este libro ser\u00eda, ya sabes, el libro que me aportar\u00eda consolidaci\u00f3n, claridad mental, que encontrar\u00eda mi voz, para que finalmente fuera quien soy a trav\u00e9s de \u00e9l. Pero siempre estuve confundida, porque las voces que encontraba no eran las adecuadas. Y, sinceramente, no me siento c\u00f3moda inventando un personaje literario para contar esta historia, porque no es solo la historia de mi familia. Es la historia de un pa\u00eds. Es la historia de miles de personas deportadas, asesinadas, humilladas y destruidas, y de sus hijos y nietos que viven hasta hoy este trauma. As\u00ed que pens\u00e9 que ser\u00eda, de alguna manera, falso si lo escrib\u00eda de nuevo en primera persona, como todos mis libros. Creo que ahora tengo m\u00e1s claro c\u00f3mo deber\u00eda escribirse este libro y espero poder hacerlo, porque creo que quiz\u00e1s solo ahora he alcanzado cierta madurez que me permitir\u00e1, como escritora, tratar esta historia como se merece.<\/p>\n<p class=\"\"><b>P. <\/b>\u00bfEscribir sobre ese pasado es una manera de exorcizarlo? \u00bfO de liberaci\u00f3n?<\/p>\n<p class=\"\"><b>R.<\/b> Nunca cre\u00ed en los deberes literarios hasta ahora, porque creo que la literatura es, ya sabes, un patio de recreo, ya sea m\u00e1gico o realista, donde todo est\u00e1 permitido. Pero creo que con la edad y tambi\u00e9n con los fen\u00f3menos que est\u00e1n sucediendo en nuestra parte del mundo, y estoy hablando ahora de la guerra, y de todo este terror que ha vuelto a nosotros, el miedo a convertirnos en una nueva ocupaci\u00f3n rusa, los escritores de nuestra parte del mundo lo tomamos demasiado a la ligera. No ten\u00edamos ning\u00fan deber. No nos interesaba. Tuvimos escritores espor\u00e1dicos que escribieron sobre fragmentos muy peque\u00f1os de la historia, algunos no tuvieron \u00e9xito, otros no eran lo suficientemente conocidos fuera, otros simplemente no quer\u00edan explorarla adecuadamente porque durante mucho tiempo les daba miedo. Pero una vez que tienes voz, debes aprovecharla. Ahora mi actitud hacia la literatura quiz\u00e1s sea la misma, pero he empezado a tom\u00e1rmela m\u00e1s en serio y estoy m\u00e1s inclinada a hablar de nuestro pasado y de nuestra situaci\u00f3n, y a involucrarme m\u00e1s en ello.<\/p>\n<p class=\"\"><b>P.<\/b> \u00bfEs Rusia un peligro existencial para la gente de Moldavia?<\/p>\n<p class=\"\"><b>R.<\/b> S\u00ed. Acabamos de tener elecciones y la cantidad de dinero que Rusia desperdicia en nuestro sistema pol\u00edtico cada vez que quiere comprarlo y devolvernos a la Uni\u00f3n Sovi\u00e9tica es incre\u00edble. Es como si pudi\u00e9ramos alimentar a Moldavia durante un a\u00f1o entero solo con ese dinero. Esto es lo que a veces la gente de fuera de la regi\u00f3n, como los europeos, no entiende. Creen que es una opci\u00f3n de los moldavos elegir entre Europa y Rusia, pero no es as\u00ed. Es una dictadura. Tenemos un Putin que es como Stalin, que es como Hitler. No podemos encontrarle otros nombres. Es una guerra constante. As\u00ed que ahora tenemos otro mandato de cuatro a\u00f1os porque afortunadamente amplias fuerzas democr\u00e1ticas ganaron y podemos respirar, pero esto nunca se detendr\u00e1.<\/p>\n<p class=\"\"><b>P.<\/b> \u00bfC\u00f3mo percibe el papel del escritor en una Europa fragmentada y amenazada por la ultraderecha?<\/p>\n<p class=\"\"><b>R. <\/b>Tengo muy buenos amigos escritores que creen que es su deber, su deber moral, estar siempre en los primeros puestos de la pol\u00edtica e influir en la gente. Yo dir\u00eda que si te obligan a hacer esto, mejor no lo hagas. Tiene que ser honesto. Tiene que salir de tu coraz\u00f3n. Porque cuando lo haces con falsedad, se llama propaganda. Sea buena o mala. No creo en escribir con un prop\u00f3sito, sea el que sea, pero siempre que tengo la opci\u00f3n de dar a conocer mi opini\u00f3n, la doy a conocer. Una cosa s\u00ed s\u00e9 con certeza: nunca estar\u00e9 en pol\u00edtica. No me interesa. Si puedo cambiar algo con mi escritura, lo hago con gusto. Algo que esta <a href=\"https:\/\/elpais.com\/expres\/2025-02-24\/la-guerra-en-ucrania-tres-anos-despues-muerte-dolor-y-rabia.html\" target=\"_self\" rel=\"nofollow noopener\" title=\"https:\/\/elpais.com\/expres\/2025-02-24\/la-guerra-en-ucrania-tres-anos-despues-muerte-dolor-y-rabia.html\">guerra en Ucrania<\/a> nos ense\u00f1\u00f3 es que si no quieres luchar por algo, no luches contra algo. Porque, con gran tristeza, dir\u00eda que algunas figuras extraordinarias del arte en Rusia, a quienes admiraba, a quienes le\u00eda, cuyas pel\u00edculas ve\u00eda, se convirtieron en los art\u00edfices del r\u00e9gimen putinista. Y no solo no dijeron nada en contra de la guerra, sino que trabajan para esta guerra, y eso es algo que un escritor no deber\u00eda hacer. Pero lo que un escritor deber\u00eda hacer, solo \u00e9l lo sabe. <\/p>\n","protected":false},"excerpt":{"rendered":"La escritora moldava Tatiana \u021a\u00eebuleac despierta furor en la Feria Internacional del Libro de Monterrey. Sus libros se&hellip;\n","protected":false},"author":2,"featured_media":175415,"comment_status":"","ping_status":"","sticky":false,"template":"","format":"standard","meta":{"footnotes":""},"categories":[172],"tags":[889,224,146,147,25,1598,24,11828,1804,225,671,1906,32487,23,7083],"class_list":{"0":"post-175414","1":"post","2":"type-post","3":"status-publish","4":"format-standard","5":"has-post-thumbnail","7":"category-libros","8":"tag-america","9":"tag-books","10":"tag-entertainment","11":"tag-entretenimiento","12":"tag-es","13":"tag-escritores","14":"tag-espana","15":"tag-ferias-libro","16":"tag-latinoamerica","17":"tag-libros","18":"tag-literatura","19":"tag-mexico","20":"tag-siberia","21":"tag-spain","22":"tag-vladimir-putin"},"share_on_mastodon":{"url":"","error":""},"_links":{"self":[{"href":"https:\/\/www.europesays.com\/es\/wp-json\/wp\/v2\/posts\/175414","targetHints":{"allow":["GET"]}}],"collection":[{"href":"https:\/\/www.europesays.com\/es\/wp-json\/wp\/v2\/posts"}],"about":[{"href":"https:\/\/www.europesays.com\/es\/wp-json\/wp\/v2\/types\/post"}],"author":[{"embeddable":true,"href":"https:\/\/www.europesays.com\/es\/wp-json\/wp\/v2\/users\/2"}],"replies":[{"embeddable":true,"href":"https:\/\/www.europesays.com\/es\/wp-json\/wp\/v2\/comments?post=175414"}],"version-history":[{"count":0,"href":"https:\/\/www.europesays.com\/es\/wp-json\/wp\/v2\/posts\/175414\/revisions"}],"wp:featuredmedia":[{"embeddable":true,"href":"https:\/\/www.europesays.com\/es\/wp-json\/wp\/v2\/media\/175415"}],"wp:attachment":[{"href":"https:\/\/www.europesays.com\/es\/wp-json\/wp\/v2\/media?parent=175414"}],"wp:term":[{"taxonomy":"category","embeddable":true,"href":"https:\/\/www.europesays.com\/es\/wp-json\/wp\/v2\/categories?post=175414"},{"taxonomy":"post_tag","embeddable":true,"href":"https:\/\/www.europesays.com\/es\/wp-json\/wp\/v2\/tags?post=175414"}],"curies":[{"name":"wp","href":"https:\/\/api.w.org\/{rel}","templated":true}]}}