{"id":175416,"date":"2025-10-14T05:02:11","date_gmt":"2025-10-14T05:02:11","guid":{"rendered":"https:\/\/www.europesays.com\/es\/175416\/"},"modified":"2025-10-14T05:02:11","modified_gmt":"2025-10-14T05:02:11","slug":"ruptura-entre-ivan-y-gloria-camila","status":"publish","type":"post","link":"https:\/\/www.europesays.com\/es\/175416\/","title":{"rendered":"Ruptura entre Iv\u00e1n y Gloria Camila"},"content":{"rendered":"<p data-journey-content=\"true\" data-node-id=\"3\" class=\"body-text css-6wxqfj emevuu60\">Este pasado domingo, 12 de octubre, la gala de Conexi\u00f3n Honduras de <a href=\"https:\/\/diezminutos.es\/supervivientes-television\" target=\"_blank\" data-node-id=\"3.1\" data-mrf-link=\"https:\/\/diezminutos.es\/supervivientes-television\" data-vars-ga-outbound-link=\"https:\/\/diezminutos.es\/supervivientes-television\" data-vars-ga-ux-element=\"Hyperlink\" data-vars-ga-call-to-action=\"Supervivientes All Stars\" class=\"body-link css-177bzfx emevuu60\" rel=\"nofollow noopener\">Supervivientes All Stars<\/a> comenzaba con una triste noticia. La presentadora <a href=\"https:\/\/www.diezminutos.es\/teleprograma\/programas-tv\/a69010894\/laura-madrueno-rompe-muerte-companera-supervivientes-all-stars\/\" target=\"_blank\" data-vars-ga-outbound-link=\"https:\/\/www.diezminutos.es\/teleprograma\/programas-tv\/a69010894\/laura-madrueno-rompe-muerte-companera-supervivientes-all-stars\/\" data-vars-ga-ux-element=\"Hyperlink\" data-vars-ga-call-to-action=\"Laura Madrue\u00f1o anunciara su p\u00e9same a la familia\" data-node-id=\"3.3\" data-mrf-link=\"https:\/\/www.diezminutos.es\/teleprograma\/programas-tv\/a69010894\/laura-madrueno-rompe-muerte-companera-supervivientes-all-stars\/\" class=\"body-link css-177bzfx emevuu60\" rel=\"nofollow noopener\">Laura Madrue\u00f1o anunci\u00f3 <\/a>el fallecimiento de una compa\u00f1era del cuerpo t\u00e9cnico del programa, y aunque emocionada, r\u00e1pidamente se continu\u00f3 con la emisi\u00f3n del programa. Una gala llena de sorpresas y conflictos.  <\/p>\n<p>El cambio f\u00edsico de Alejandro Albal\u00e1 <\/p>\n<p data-journey-content=\"true\" data-node-id=\"7\" class=\"css-6wxqfj emevuu60\">Alejandro Albal\u00e1 se debati\u00f3 en duelo el pasado jueves con Miri. Finalmente fue el asturiano quien perdi\u00f3 la batalla. <a href=\"https:\/\/www.diezminutos.es\/teleprograma\/programas-tv\/a68992130\/supervivientes-all-stars-2025-miri-perez-cabrero-alejandro-albala-expulsion\/\" target=\"_blank\" data-vars-ga-outbound-link=\"https:\/\/www.diezminutos.es\/teleprograma\/programas-tv\/a68992130\/supervivientes-all-stars-2025-miri-perez-cabrero-alejandro-albala-expulsion\/\" data-vars-ga-ux-element=\"Hyperlink\" data-vars-ga-call-to-action=\"Al conocer el nombre del expulsado,\" data-node-id=\"7.1\" class=\"body-link css-177bzfx emevuu60\" rel=\"nofollow noopener\">Al conocer el nombre del expulsado,<\/a> los concursantes se quedaban fr\u00edos sin moverse del asiento para dar a la pareja su momento de despedida. Carlos Alba no pod\u00eda evitar romperse puesto que hab\u00eda hecho muy buenas migas con \u00e9l y ten\u00eda que ser Alejandro quien se abrazara a \u00e9l dando paso a que todos se acercaran. Tras ello, <strong data-node-id=\"7.3\">ambos se daban un dulce beso en la mejilla. <\/strong><\/p>\n<p data-journey-content=\"true\" data-node-id=\"9\" class=\"css-6wxqfj emevuu60\">Tras ese duro paso, ven\u00eda un momento bueno para el concursante. Despu\u00e9s de muchas semanas pasando hambre y fr\u00edo, el joven ha podido ver su cambio f\u00edsico en el espejo, disfrutar de una buena ducha y una buena cena. <\/p>\n<p><img draggable=\"true\" alt=\"alejandro albal\u00e1\" title=\"Alejandro Albal\u00e1\" loading=\"lazy\" width=\"1428\" height=\"801\" decoding=\"async\" data-nimg=\"1\" style=\"color:transparent;width:100%;height:auto;\"   src=\"https:\/\/www.europesays.com\/es\/wp-content\/uploads\/2025\/10\/albala-68ed66d509500.jpg\" class=\"css-0 e1g79fud0\"\/><\/p>\n<p>Telecinco<\/p>\n<p data-journey-content=\"true\" data-node-id=\"14\" class=\"css-6wxqfj emevuu60\">\u00abMe veo muy delgado. Morenito pero engordar\u00e9. Lo que cambia una persona sin comer y sin ducharse\u00bb, dec\u00eda el concursante. Tras una ducha satisfactoria, el ex superviviente se dio un buen banquete y desvel\u00f3 con quien compartir\u00eda la cena: <strong data-node-id=\"14.1\">\u00abCon Carlos, con Noel y con Miri sobretodo. La sentar\u00eda aqu\u00ed a mi lado. Con Torres no\u00bb, dec\u00eda. <\/strong><\/p>\n<p>Noel y Adara enfrentados<img draggable=\"true\" alt=\"adara, miri y noel\" title=\"Adara, Miri y Noel\" loading=\"lazy\" width=\"1421\" height=\"773\" decoding=\"async\" data-nimg=\"1\" style=\"color:transparent;width:100%;height:auto;\"   src=\"https:\/\/www.europesays.com\/es\/wp-content\/uploads\/2025\/10\/adara-68ed686fe4239.jpg\" class=\"css-0 e1g79fud0\"\/><\/p>\n<p>Telecinco<\/p>\n<p data-journey-content=\"true\" data-node-id=\"21\" class=\"css-6wxqfj emevuu60\">Este lunes en el &#8216;\u00daltima hora de Supervivientes All Stars&#8217; tambi\u00e9n se han visto todos los momentos in\u00e9ditos de la pasada gala. Como la gran bronca entre Adara, Miri y Noel. Los dos \u00faltimos consideran que su compa\u00f1eros<strong data-node-id=\"21.1\"> es \u00abla mimada\u00bb del grupo<\/strong> y Adara se defend\u00eda. \u00abYo me estaba mojando entera y tu la u\u00f1a del pie y te quejabas\u00bb, le dec\u00eda Adara a Miri. \u00abEres una &#8216;drama queen'\u00bb, le dec\u00eda Noel a Adara y esta estallaba: \u00abNo me hagas burlas Noel. Te bajas tres tonos. Me importa tres pepinos lo que digas\u00bb. <strong data-node-id=\"21.3\">\u00abEres una caprichosa y est\u00e1s siempre ah\u00ed debajo de la lona con tu culo de reina\u00bb, se quejaba el concursante. <\/strong><\/p>\n<p>Ruptura definitiva entre Iv\u00e1n y Gloria Camila <\/p>\n<p data-journey-content=\"true\" data-node-id=\"24\" class=\"css-6wxqfj emevuu60\">Dos concursantes acabaron durante la gala de este domingo a gritos. Iv\u00e1n Gonz\u00e1lez y Gloria Camila, quienes al comienzo del reality dejaron claras sus diferencias y posturas y, posteriormente, una reconciliaci\u00f3n nos hac\u00eda pensar que iban a dejar los malos rollos atr\u00e1s. Una reconciliaci\u00f3n que parece ya formar parte del pasado, puesto que en la \u00faltima gala han dejado claro que prefieren no mantener relaci\u00f3n en &#8216;Playa Leyenda&#8217;.<\/p>\n<p><img draggable=\"true\" alt=\"iv\u00e1n y gloria camila\" title=\"Iv\u00e1n y Gloria Camila\" loading=\"lazy\" width=\"1436\" height=\"786\" decoding=\"async\" data-nimg=\"1\" style=\"color:transparent;width:100%;height:auto;\"   src=\"https:\/\/www.europesays.com\/es\/wp-content\/uploads\/2025\/10\/gloria-68ed6e49d0083.jpg\" class=\"css-0 e1g79fud0\"\/><\/p>\n<p>Telecinco<\/p>\n<p data-journey-content=\"true\" data-node-id=\"27\" class=\"css-6wxqfj emevuu60\">Debido a las nominaciones de Iv\u00e1n, sacando a la palestra a concursantes que parec\u00edan intocables para \u00e9l, hac\u00eda que Gloria Camila lo tachara de mentiroso. <strong data-node-id=\"27.1\">\u00abEstoy decepcionada <\/strong>y dolida con \u00e9l. Lo que ha hecho me parece un juego s\u00faper sucio y creo que nos ha utilizado a todos. Nos dimos una nueva oportunidad, me he apoyado en \u00e9l y <strong data-node-id=\"27.3\">me siento traicionada<\/strong>, utilizada, decepcionada y enfada\u00bb, y detr\u00e1s de c\u00e1maras la tensi\u00f3n continu\u00f3. <b data-node-id=\"27.5\"\/><\/p>\n<p><img src=\"https:\/\/www.europesays.com\/es\/wp-content\/uploads\/2025\/10\/1760418131_999_efed3e56-411c-4c5f-aad1-8194ce4fe362_1700500172.file\" alt=\"Headshot of Redacci\u00f3n Diez Minutos\" title=\"Headshot of Redacci\u00f3n Diez Minutos\" width=\"100%\" height=\"100%\" decoding=\"async\" loading=\"lazy\" class=\"css-o0wq4v ev8dhu53\"\/><\/p>\n<p>\u00a0En Diez Minutos somos especialistas en cubrir todas las noticias del coraz\u00f3n y de la monarqu\u00eda para acercarte a las vidas de todos esos personajes a los que admiras.<\/p>\n<p>Descubre con nosotros la \u00faltima hora de los famosos nacionales e internacionales m\u00e1s relevantes: sus pol\u00e9micas, sus historias amorosas y familiares y sus proyectos profesionales con nuestras entrevistas, videos y reportajes. Tambi\u00e9n te mostramos el d\u00eda a d\u00eda de la realeza, cont\u00e1ndote con especial detalle la vida personal y familiar de nuestros Reyes: Felipe VI y Letizia y sus hijas Leonor y Sof\u00eda.<\/p>\n<p>Diez Minutos es mucho m\u00e1s que cr\u00f3nica social. Queremos hacerte la vida m\u00e1s f\u00e1cil y cuidar de ti. Por eso, publicamos una amplia selecci\u00f3n de contenidos pr\u00e1cticos para ayudarte en tu econom\u00eda dom\u00e9stica, en la decoraci\u00f3n de tu casa o en tu bienestar f\u00edsico y emocional. Tambi\u00e9n encontrar\u00e1s todo tipo de noticias y reportajes sobre el embarazo y la maternidad para facilitarte este proceso de la vida.<\/p>\n<p>La cocina es otra parte fundamental de esta gu\u00eda pr\u00e1ctica con la mejor selecci\u00f3n de recetas y consejos para llevar una dieta saludable y variada. Y todo ello sin olvidarnos de los contenidos de moda y belleza que te har\u00e1n estar a la \u00faltima en las tendencias del momento con numerosas propuestas, ofertas y novedades.<\/p>\n<p>Te lo contamos todo con la misma rigurosidad y cercan\u00eda con la que te llevamos acompa\u00f1ando desde hace 72 a\u00f1os, cuando un 1 de septiembre de 1951 la revista vio la luz por primera vez. Muchas cosas han cambiado en lo que se refiere a la parte t\u00e9cnica, pero lo que te aseguramos es que el equipo que forma esta redacci\u00f3n realiza su trabajo con entusiasmo y entrega pensando en cada uno de vosotros para que encontr\u00e9is aqu\u00ed el sitio ideal donde disfrutar de la vida.<\/p>\n<p>El equipo digital de Diez Minutos est\u00e1 formado por:<\/p>\n<p><a href=\"https:\/\/www.diezminutos.es\/author\/15369\/rosa-prieto\/\" rel=\"nofollow noopener\" target=\"_blank\">Rosa Prieto:<\/a> Directora digital.<\/p>\n<p><a href=\"https:\/\/www.diezminutos.es\/author\/18095\/silvia-criado\/\" rel=\"nofollow noopener\" target=\"_blank\">Silvia Criado:<\/a> Jefa de secci\u00f3n digital.<\/p>\n<p><a href=\"https:\/\/www.diezminutos.es\/author\/16262\/magdalena-pinero\/\" rel=\"nofollow noopener\" target=\"_blank\">Magdalena Pi\u00f1ero:<\/a> redactora digital.\u00a0<\/p>\n<p><a href=\"https:\/\/www.diezminutos.es\/author\/16270\/daniel-reyes\/\" rel=\"nofollow noopener\" target=\"_blank\">Daniel Reyes:<\/a> redactor digital.<\/p>\n<p><a href=\"https:\/\/www.diezminutos.es\/author\/221934\/ignacio-herruzo\/\" rel=\"nofollow noopener\" target=\"_blank\">Ignacio Herruzo<\/a>: redactor digital.<\/p>\n<p><a href=\"https:\/\/www.diezminutos.es\/author\/740003\/nora-camara\/\" rel=\"nofollow noopener\" target=\"_blank\">Nora C\u00e1mara<\/a>: redactora digital.\u00a0<\/p>\n","protected":false},"excerpt":{"rendered":"Este pasado domingo, 12 de octubre, la gala de Conexi\u00f3n Honduras de Supervivientes All Stars comenzaba con una&hellip;\n","protected":false},"author":2,"featured_media":175417,"comment_status":"","ping_status":"","sticky":false,"template":"","format":"standard","meta":{"footnotes":""},"categories":[171],"tags":[253,146,147,25,24,23,214],"class_list":{"0":"post-175416","1":"post","2":"type-post","3":"status-publish","4":"format-standard","5":"has-post-thumbnail","7":"category-tv","8":"tag-discover","9":"tag-entertainment","10":"tag-entretenimiento","11":"tag-es","12":"tag-espana","13":"tag-spain","14":"tag-tv"},"share_on_mastodon":{"url":"","error":""},"_links":{"self":[{"href":"https:\/\/www.europesays.com\/es\/wp-json\/wp\/v2\/posts\/175416","targetHints":{"allow":["GET"]}}],"collection":[{"href":"https:\/\/www.europesays.com\/es\/wp-json\/wp\/v2\/posts"}],"about":[{"href":"https:\/\/www.europesays.com\/es\/wp-json\/wp\/v2\/types\/post"}],"author":[{"embeddable":true,"href":"https:\/\/www.europesays.com\/es\/wp-json\/wp\/v2\/users\/2"}],"replies":[{"embeddable":true,"href":"https:\/\/www.europesays.com\/es\/wp-json\/wp\/v2\/comments?post=175416"}],"version-history":[{"count":0,"href":"https:\/\/www.europesays.com\/es\/wp-json\/wp\/v2\/posts\/175416\/revisions"}],"wp:featuredmedia":[{"embeddable":true,"href":"https:\/\/www.europesays.com\/es\/wp-json\/wp\/v2\/media\/175417"}],"wp:attachment":[{"href":"https:\/\/www.europesays.com\/es\/wp-json\/wp\/v2\/media?parent=175416"}],"wp:term":[{"taxonomy":"category","embeddable":true,"href":"https:\/\/www.europesays.com\/es\/wp-json\/wp\/v2\/categories?post=175416"},{"taxonomy":"post_tag","embeddable":true,"href":"https:\/\/www.europesays.com\/es\/wp-json\/wp\/v2\/tags?post=175416"}],"curies":[{"name":"wp","href":"https:\/\/api.w.org\/{rel}","templated":true}]}}