{"id":175418,"date":"2025-10-14T05:03:14","date_gmt":"2025-10-14T05:03:14","guid":{"rendered":"https:\/\/www.europesays.com\/es\/175418\/"},"modified":"2025-10-14T05:03:14","modified_gmt":"2025-10-14T05:03:14","slug":"sin-ninos-mutantes-seria-librero","status":"publish","type":"post","link":"https:\/\/www.europesays.com\/es\/175418\/","title":{"rendered":"\u00abSin Ni\u00f1os Mutantes ser\u00eda librero\u00bb"},"content":{"rendered":"<p><a class=\"v-mdl-ath__fig-a\" href=\"https:\/\/www.ideal.es\/autor\/jose-e-cabrero-372.html\" title=\"Jos\u00e9 E. Cabrero\" rel=\"nofollow noopener\" target=\"_blank\"><br \/>\n<img decoding=\"async\" class=\"v-mdl-ath__img\" src=\"https:\/\/www.europesays.com\/es\/wp-content\/uploads\/2025\/08\/autor-372-foto-2.jpeg\" alt=\"Jos\u00e9 E. Cabrero\"\/><br \/>\n<\/a><\/p>\n<p class=\"v-mdl-ath__p v-mdl-ath__p--6\">\nLunes, 13 de octubre 2025, 23:44<\/p>\n<p class=\"v-p\">En la entrada de la librer\u00eda Babel, en Gran Capit\u00e1n, hay una mesa con un mont\u00f3n de libros apilados. Tap, tap, tap\u2013tap, tap&#8230; Detr\u00e1s de la barricada de papel, un tipo sonriente golpea con sus baquetas las torres de novelas y ensayos, que parecen los platos de una bater\u00eda. \u00ab\u00bfQu\u00e9 tal suena?\u00bb, bromea y sonr\u00ede a la c\u00e1mara. El que fuera baterista de los \u2013a\u00f1orados y nunca olvidados\u2013 Ni\u00f1os Mutantes, suelta las baquetas justo encima de un ejemplar que es, dice en la portada, una antolog\u00eda de la m\u00fasica alternativa espa\u00f1ola. \u00abSi iba a escribir sobre el indie, solo pod\u00eda llamarse de una manera: &#8216;Indilog\u00eda&#8217;\u00bb. Lo afirma su autor, Daniel Gonz\u00e1lez Casta\u00f1eda. Nani Casta\u00f1eda. <\/p>\n<p class=\"v-cmp-fgn__t\">\n23<br \/>\noctubre\n<\/p>\n<p class=\"v-p\">La presentaci\u00f3n de &#8216;Indilog\u00eda&#8217; es el jueves 23 de octubre en la librer\u00eda Babel de Gran Capit\u00e1n, la librer\u00eda donde Nani Casta\u00f1eda trabaj\u00f3 diez a\u00f1os. Le acompa\u00f1ar\u00e1 el periodista Eduardo T\u00e9bar.<\/p>\n<p class=\"v-p\">Ah\u00ed, embriagado de ese poderoso aroma a p\u00e1rrafos y cap\u00edtulos, chasquea los dedos y observa los infinitos estantes. \u00abEstamos en Babel, primero porque me encanta la librer\u00eda. Y segundo, porque fui librero aqu\u00ed durante diez a\u00f1os\u00bb. Lo cierto es que Nani, tras formarse como historiador y antrop\u00f3logo, abri\u00f3 una librer\u00eda en la Plaza de los Lobos, en 1998. \u00abSe llamaba Oxford Street, ten\u00eda dos plantas. Estaba justo donde est\u00e1 la cafeter\u00eda Bohemia\u00bb. Cuando cerr\u00f3, Jacinto y Rafa, los due\u00f1os de Babel, le propusieron trabajar en su librer\u00eda. \u00abDesde que mi madre me puso el primer libro en las manos, con 4 o 5 a\u00f1os, no he parado de leer nunca. No recuerdo un d\u00eda de mi vida que no haya le\u00eddo\u00bb. De hecho, en esa vinculaci\u00f3n con la literatura, Nani Casta\u00f1eda fue el director de la Feria del Libro de Granada durante 7 a\u00f1os. <\/p>\n<p class=\"v-p\">\u00abYo siempre he trabajado mientras era mutante. Los cuatro lo hac\u00edamos. Es la gran tragedia de la m\u00fasica alternativa espa\u00f1ola, casi todo el mundo trabaja adem\u00e1s de ser m\u00fasico\u00bb. Nani compagin\u00f3 la m\u00fasica con los libros en una relaci\u00f3n siempre agradable, tanto que todav\u00eda hoy recorre los pasillos de Babel como si estuviera en casa. \u00abMe encanta perderme aqu\u00ed. Es una librer\u00eda m\u00e1s ca\u00f3tica que otras, pero es que a m\u00ed me gusta ese caos. Me gusta perderme en el caos de los libros\u00bb. <\/p>\n<p><img decoding=\"async\" loading=\"lazy\" src=\"https:\/\/www.europesays.com\/es\/wp-content\/uploads\/2025\/10\/indilogia-nani-castaneda (8)-kbDG-U2303337588368F5B-650x455@Ideal.jpg\" class=\"v-a-img\" width=\"650\" height=\"455\" alt=\"Casta\u00f1eda camina por los pasillos de Babel.\" data-voc-vtm-id=\"in-text-traffic\"\/><\/p>\n<p>Casta\u00f1eda camina por los pasillos de Babel.<\/p>\n<p>A. C. ROJAS<\/p>\n<p><img loading=\"lazy\" decoding=\"async\" src=\"https:\/\/www.europesays.com\/es\/wp-content\/uploads\/2025\/10\/indilogia-nani-castaneda (8)-kbDG-U2303337588368fPI-1920x1344@Ideal.jpg\" class=\"v-mdl__img-z\" width=\"1920\" height=\"1344\" alt=\"\"\/><\/p>\n<p class=\"v-p\">&#8216;Indilog\u00eda&#8217; (Aguilar, 2025) es precisamente lo contrario: poner orden a casi cuarenta a\u00f1os de m\u00fasica alternativa a trav\u00e9s de 46 discos imprescindibles. Un viaje musical que corre paralelo a la vida de los propios Mutantes. \u00abLa escritura me sirvi\u00f3 de catarsis. Hice el libro entre agosto y diciembre de 2024, justo en los meses de conciertos y despedidas de Ni\u00f1os Mutantes por salas de toda Espa\u00f1a . Un momento emocionalmente muy, muy jodido. Y sentarme a escribir sobre grupos que est\u00e1n o que ya no est\u00e1n, me ayud\u00f3 mucho a no desmoronarme, a darme cuenta de que no pasa nada, que terminar es normal\u00bb. Luego vuelve a perder la mirada entre libros y estantes, y resopla: \u00abS\u00ed, sin Ni\u00f1os Mutantes no habr\u00eda libro\u2026 De hecho, creo que sin Ni\u00f1os Mutantes ser\u00eda un librero. Y me gusta la idea\u00bb. <\/p>\n<p>Mariscal y De Cuenca<\/p>\n<p><img decoding=\"async\" loading=\"lazy\" src=\"https:\/\/www.europesays.com\/es\/wp-content\/uploads\/2025\/10\/indilogia.jpg\" class=\"v-a-img\" width=\"650\" height=\"975\" alt=\"Portada de 'Indilog\u00eda'.\" data-voc-vtm-id=\"in-text-traffic\"\/><\/p>\n<p>Portada de &#8216;Indilog\u00eda&#8217;.<\/p>\n<p>R. I.<\/p>\n<p class=\"v-p\">&#8216;Indilog\u00eda&#8217; naci\u00f3 por culpa de dos personas. La primera, Eva Mariscal, su editora, que le propuso que escribiera un libro en el que contara su experiencia dentro de la m\u00fasica. \u00abA eso le di un giro, porque no me apetec\u00eda una biograf\u00eda\u00bb. El motor del giro fue &#8216;Las cien mejores poes\u00edas de la lengua castellana&#8217;, de Luis Alberto de Cuenca. \u00abEs un libro que me encanta y que tengo en la mesita de noche desde hace 20 a\u00f1os\u00bb. Luis Alberto de Cuenca hace un breve comentario del poema en cuesti\u00f3n y, a continuaci\u00f3n, deja al lector que lo descubra por s\u00ed mismo. \u00abY esa es la idea del libro: comento 46 discos con una historia personal y, despu\u00e9s, te invito a que lo escuches\u00bb. <\/p>\n<p class=\"v-p\">A poco que hayan escuchado algo de m\u00fasica de los \u00faltimos 30 a\u00f1os, seguro que m\u00e1s de un disco les suena. Est\u00e1n Dover, Los Planetas, Lagartija Nick, La Habitaci\u00f3n Roja, Sidonie, Nacho Vegas, Love of Lesbian, Vetusta Morla, Iv\u00e1n Ferreiro, Zahara, Viva Suecia\u2026 Pero tambi\u00e9n hay otros nombres que, quiz\u00e1s, no les suenen tanto y que, de pronto, despu\u00e9s de leer el cap\u00edtulo, hay que escuchar s\u00ed o s\u00ed. \u00abSi consigo que el lector no especializado en m\u00fasica alternativa abra Spotify o Youtube y se ponga el disco de Manta Ray o de El Ni\u00f1os Gusano o de cualquier otro, ese ser\u00e1 el \u00e9xito del libro\u00bb.<\/p>\n<p>La senda<\/p>\n<p><img decoding=\"async\" loading=\"lazy\" src=\"https:\/\/www.europesays.com\/es\/wp-content\/uploads\/2025\/10\/indilogia-nani-libr-kbDG-U23033375883689SG-650x455@Ideal.jpg\" class=\"v-a-img\" width=\"650\" height=\"455\" alt=\"Nani Casta\u00f1eda, con 'Indilog\u00eda'.\" data-voc-vtm-id=\"in-text-traffic\"\/><\/p>\n<p>Nani Casta\u00f1eda, con &#8216;Indilog\u00eda&#8217;.<\/p>\n<p>A. C. ROJAS<\/p>\n<p><img loading=\"lazy\" decoding=\"async\" src=\"https:\/\/www.europesays.com\/es\/wp-content\/uploads\/2025\/10\/indilogia-nani-libr-kbDG-U230333758836821G-1920x1344@Ideal.jpg\" class=\"v-mdl__img-z\" width=\"1920\" height=\"1344\" alt=\"\"\/><\/p>\n<p class=\"v-p\">La clave est\u00e1 en esos relatos que, aunque se puedan leer en cualquier orden, como el que busca una palabra en el diccionario, ganan peso si se sigue la senda que marca Casta\u00f1eda. Adem\u00e1s, cap\u00edtulo a cap\u00edtulo, disco a disco, todas las historias construyen otra narraci\u00f3n m\u00e1s personal e \u00edntima sobre Ni\u00f1os Mutantes, sobre la relaci\u00f3n con otras bandas, recuerdos y lugares especiales\u2026 \u00abNo es un libro escrito para los que ya saben del indie. Es un libro para la gente que le gusta la m\u00fasica alternativa en general. Pienso en alguien que va a un festival y escucha a Xoel L\u00f3pez y le gusta pero no sabe qui\u00e9n es. &#8216;Indilog\u00eda&#8217; es una buena puerta para entender de d\u00f3nde venimos\u00bb. <\/p>\n<p class=\"v-p\">El jueves 23 de octubre a las 19.00 horas, Nani Casta\u00f1eda presenta &#8216;Indilog\u00eda&#8217; aqu\u00ed, en la librer\u00eda Babel, acompa\u00f1ado del periodista Eduardo T\u00e9bar. Y en eso piensa mientras, divertido, toca una bater\u00eda hecha con torres de libros. \u00abYa no toco mucho\u2026 De vez en cuando voy al local de ensayo a tocar en soledad, por gusto. Aunque no te niego que hay un par de grupos de Granada de los que ser\u00eda bater\u00eda sin dudarlo, como Calma Fira, que son un grupazo\u2026 Pero jam\u00e1s le quitar\u00eda el sitio a Laura, que es buen\u00edsima\u00bb, gui\u00f1a. En el horizonte, Nani seguir\u00e1 con su labor como gestor cultural, ya barrunta un siguiente libro \u2013que no ser\u00e1 sobre m\u00fasica\u2013 y, bueno, \u00bfqui\u00e9n sabe si volver\u00e1 a ser librero? Tap, tap, tap\u2013tap, tap&#8230;<\/p>\n<p>Reporta un error<\/p>\n<p class=\"v-crt__t\"> L\u00edmite de sesiones alcanzadas<\/p>\n<p class=\"v-crt__p\">El acceso al contenido Premium est\u00e1 abierto por cortes\u00eda del establecimiento donde te encuentras, pero ahora mismo hay demasiados usuarios conectados a las vez.<\/p>\n<p class=\"v-crt__p\">Por favor, int\u00e9ntalo pasados unos minutos.<\/p>\n<p>\nVolver a intentar\n<\/p>\n<p class=\"v-crt__t\">Sesi\u00f3n cerrada<\/p>\n<p class=\"v-crt__p\">Al iniciar sesi\u00f3n desde un dispositivo distinto, por seguridad, se cerr\u00f3 la \u00faltima sesi\u00f3n en este.<\/p>\n<p class=\"v-crt__p\">Para continuar disfrutando de su suscripci\u00f3n digital, inicie sesi\u00f3n en este dispositivo.<\/p>\n<p>\nEste contenido es exclusivo para suscriptores\n<\/p>\n<p class=\"text\">\u00bfTienes una suscripci\u00f3n? <a href=\"https:\/\/secure.ideal.es\/identidad\/inicio#vca=suscribete&amp;vso=ideal&amp;vmc=on&amp;vli=cdn-ce-link-login\" class=\"login\" data-voc-vtm-id=\"comienzoSuscripcionON\" data-voc-vtm-info=\"cdn-ce-link-login\" rel=\"nofollow noopener\" target=\"_blank\">Inicia sesi\u00f3n<\/a><\/p>\n","protected":false},"excerpt":{"rendered":"Lunes, 13 de octubre 2025, 23:44 En la entrada de la librer\u00eda Babel, en Gran Capit\u00e1n, hay una&hellip;\n","protected":false},"author":2,"featured_media":175419,"comment_status":"","ping_status":"","sticky":false,"template":"","format":"standard","meta":{"footnotes":""},"categories":[170],"tags":[146,147,25,24,5236,184,185,50359,2932,23],"class_list":{"0":"post-175418","1":"post","2":"type-post","3":"status-publish","4":"format-standard","5":"has-post-thumbnail","7":"category-musica","8":"tag-entertainment","9":"tag-entretenimiento","10":"tag-es","11":"tag-espana","12":"tag-librero","13":"tag-music","14":"tag-musica","15":"tag-mutantes","16":"tag-ninos","17":"tag-spain"},"share_on_mastodon":{"url":"","error":""},"_links":{"self":[{"href":"https:\/\/www.europesays.com\/es\/wp-json\/wp\/v2\/posts\/175418","targetHints":{"allow":["GET"]}}],"collection":[{"href":"https:\/\/www.europesays.com\/es\/wp-json\/wp\/v2\/posts"}],"about":[{"href":"https:\/\/www.europesays.com\/es\/wp-json\/wp\/v2\/types\/post"}],"author":[{"embeddable":true,"href":"https:\/\/www.europesays.com\/es\/wp-json\/wp\/v2\/users\/2"}],"replies":[{"embeddable":true,"href":"https:\/\/www.europesays.com\/es\/wp-json\/wp\/v2\/comments?post=175418"}],"version-history":[{"count":0,"href":"https:\/\/www.europesays.com\/es\/wp-json\/wp\/v2\/posts\/175418\/revisions"}],"wp:featuredmedia":[{"embeddable":true,"href":"https:\/\/www.europesays.com\/es\/wp-json\/wp\/v2\/media\/175419"}],"wp:attachment":[{"href":"https:\/\/www.europesays.com\/es\/wp-json\/wp\/v2\/media?parent=175418"}],"wp:term":[{"taxonomy":"category","embeddable":true,"href":"https:\/\/www.europesays.com\/es\/wp-json\/wp\/v2\/categories?post=175418"},{"taxonomy":"post_tag","embeddable":true,"href":"https:\/\/www.europesays.com\/es\/wp-json\/wp\/v2\/tags?post=175418"}],"curies":[{"name":"wp","href":"https:\/\/api.w.org\/{rel}","templated":true}]}}