{"id":175429,"date":"2025-10-14T05:09:09","date_gmt":"2025-10-14T05:09:09","guid":{"rendered":"https:\/\/www.europesays.com\/es\/175429\/"},"modified":"2025-10-14T05:09:09","modified_gmt":"2025-10-14T05:09:09","slug":"el-sentimiento-economico-de-los-espanoles-se-deteriora-y-roza-el-pesimismo-pese-a-las-buenas-cifras-macro-economia-nacional-e-internacional","status":"publish","type":"post","link":"https:\/\/www.europesays.com\/es\/175429\/","title":{"rendered":"El sentimiento econ\u00f3mico de los espa\u00f1oles se deteriora y roza el pesimismo pese a las buenas cifras macro | Econom\u00eda nacional e internacional"},"content":{"rendered":"<p class=\"\">Lo dice el Financial Times y <a href=\"https:\/\/elpais.com\/economia\/2025-10-09\/el-bce-atribuye-al-excepcional-desempeno-de-espana-la-resistencia-de-la-economia-europea.html\" target=\"_self\" rel=\"nofollow noopener\" title=\"https:\/\/elpais.com\/economia\/2025-10-09\/el-bce-atribuye-al-excepcional-desempeno-de-espana-la-resistencia-de-la-economia-europea.html\">lo dice el Banco Central Europeo<\/a>: la econom\u00eda espa\u00f1ola destaca sobre el resto. El poder de atracci\u00f3n del pa\u00eds es patente, no solo por el fuerte crecimiento y la reducci\u00f3n del desempleo, sino por otras variables m\u00e1s dif\u00edciles de medir, que encajan en esa categor\u00eda donde cabe casi todo y que se denomina calidad de vida. \u201cSi llamo a alguien que vive en Polonia y le digo que se venga a Barcelona, no me deja ni acabar la frase\u201d, afirmaba la semana pasada el consejero delegado de Cellnex, Marco Patuano, en referencia a la capacidad de Espa\u00f1a de captar talento. Pese a todos estos factores, el sentimiento econ\u00f3mico de los espa\u00f1oles no deja de empeorar: la encuesta Term\u00f3metro 5D elaborada por 40dB. para <b>CincoD\u00edas<\/b> y EL PA\u00cdS mostr\u00f3 en septiembre que no existe una sensaci\u00f3n de abundancia a pie de calle.<\/p>\n<p class=\"\">El indicador, creado a partir de 4.000 entrevistas online, se sit\u00faa en los 45,6 puntos, siete d\u00e9cimas por debajo de lo que registr\u00f3 en verano. Es cierto que a\u00fan resiste en una expectativa estable \u2014rango que va de los 45 a los 55 puntos\u2014, pero se acerca al l\u00edmite con el pesimismo moderado (30-45). Una realidad que contrasta con unos datos macro de crecimiento que ya quisieran para s\u00ed Alemania, Francia o Italia. Hay, podr\u00eda decirse, una nube que no termina de dejar pasar todos esos rayos de sol que Gobierno e instituciones resaltan. \u201cNo estamos hablando de un optimismo m\u00e1gico, sino de un optimismo realista, anclado en los datos\u201d, insist\u00eda recientemente el ministro de Econom\u00eda, Carlos Cuerpo, decidido a combatir el relato de la resignaci\u00f3n y el pesimismo, que ve m\u00e1s basada en reacciones emocionales que en argumentos racionales. <\/p>\n<p class=\"\">Bajando al detalle es m\u00e1s sencillo entender el desaliento ciudadano. En la encuesta, mejora con fuerza la visi\u00f3n sobre el mercado laboral de 42,9 puntos a 44,7 \u2014<a href=\"https:\/\/elpais.com\/economia\/2025-07-24\/espana-supera-por-primera-vez-los-22-millones-de-trabajadores.html\" target=\"_self\" rel=\"nofollow noopener\" title=\"https:\/\/elpais.com\/economia\/2025-07-24\/espana-supera-por-primera-vez-los-22-millones-de-trabajadores.html\">el paro, actualmente del 10,29%, se mueve en m\u00ednimos de 2008<\/a>\u2014, si bien a\u00fan no llega a la categor\u00eda de estabilidad por poco, persistiendo el pesimismo moderado. Y empeoran las expectativas de ahorro (49,5, nueve d\u00e9cimas menos), consumo (47,1, lo que suponen 1,3 puntos menos), e inversi\u00f3n (47,0, dos d\u00e9cimas inferior). La vivienda merece un cap\u00edtulo aparte: se coloca en los 30,0 puntos, justo la frontera entre el pesimismo moderado y el fuerte pesimismo. Susto o muerte. Con Espa\u00f1a encamin\u00e1ndose a romper la barrera de los 50 millones de habitantes en 2026, la competencia por un techo se ha vuelto feroz, especialmente en las grandes urbes. \u201cVaya usted a Madrid y p\u00f3ngase a la cola\u201d, dijo una vez Baroja a un joven interesado en hacer carrera literaria. En 2025, las filas son de potenciales inquilinos <a href=\"https:\/\/elpais.com\/masterdeperiodismo\/master2024\/2024-08-13\/un-casting-propio-de-supervivientes-para-alquilar-piso-en-madrid.html\" target=\"_self\" rel=\"nofollow noopener\" title=\"https:\/\/elpais.com\/masterdeperiodismo\/master2024\/2024-08-13\/un-casting-propio-de-supervivientes-para-alquilar-piso-en-madrid.html\">\u00e1vidos de superar el casting inmobiliario<\/a>.<\/p>\n<p class=\"\">La difusi\u00f3n del problema no ha servido para que se atisbe una soluci\u00f3n a corto plazo. A la pregunta de si ahora hay m\u00e1s personas con posibilidad de comprar una vivienda que en los \u00faltimos seis meses, un 49,6% responde que menos, un 40,9% que igual, y solo un 9,5% que m\u00e1s. Esos porcentajes se producen a pesar de que los tipos de inter\u00e9s del Banco Central Europeo se han traducido en hipotecas m\u00e1s baratas, unas rebajas que se han visto compensadas por el encarecimiento de los precios en los inmuebles, <a href=\"https:\/\/elpais.com\/economia\/2025-10-03\/las-casas-se-encarecen-en-espana-el-doble-que-en-europa.html\" target=\"_self\" rel=\"nofollow noopener\" title=\"https:\/\/elpais.com\/economia\/2025-10-03\/las-casas-se-encarecen-en-espana-el-doble-que-en-europa.html\">del 12,8% en el segundo trimestre<\/a>. Solo un 9,5% de los encuestados ha contestado que en su entorno hay ahora m\u00e1s personas en condiciones de adquirir un inmueble que hace seis meses.<\/p>\n<p>Menos coches<\/p>\n<p class=\"\">Entre las decisiones de consumo, los veh\u00edculos aparecen como los mayores damnificados. Un 27,7% de los encuestados se plantea menos que antes comprar un autom\u00f3vil en los pr\u00f3ximos seis meses. El sector est\u00e1 viviendo desde la pandemia una desaceleraci\u00f3n constante, aunque septiembre dej\u00f3 motivos para pensar en su recuperaci\u00f3n: fue el primer mes en el que el motor <a href=\"https:\/\/cincodias.elpais.com\/companias\/2025-10-01\/las-ventas-de-coches-en-espana-superan-por-primera-vez-el-nivel-prepandemia-en-un-mes.html\" target=\"_self\" rel=\"nofollow noopener\" title=\"https:\/\/cincodias.elpais.com\/companias\/2025-10-01\/las-ventas-de-coches-en-espana-superan-por-primera-vez-el-nivel-prepandemia-en-un-mes.html\">logr\u00f3 matricular m\u00e1s coches que antes de la pandemia<\/a> en Espa\u00f1a, gracias al tir\u00f3n de los el\u00e9ctricos.<\/p>\n<p class=\"\">Le siguen los pedidos de comida a domicilio o en el restaurante, un gasto que un 25,9% planea reducir, los viajes de ocio (23,1%) en un <a href=\"https:\/\/elpais.com\/economia\/2025-06-23\/los-precios-hoteleros-encadenan-cuatro-anos-de-subida-y-triplican-el-beneficio-por-habitacion.html\" target=\"_self\" rel=\"nofollow noopener\" title=\"https:\/\/elpais.com\/economia\/2025-06-23\/los-precios-hoteleros-encadenan-cuatro-anos-de-subida-y-triplican-el-beneficio-por-habitacion.html\">contexto de importantes encarecimientos de los hoteles<\/a>, la ropa (22,1%) y las suscripciones a plataformas digitales (21,2%). Esos descensos superiores al 20% no se dan en productos b\u00e1sicos habituales de la cesta de la compra, como el pescado (que un 14,4% piensa reducir en sus viajes al supermercado o la pescader\u00eda), y el aceite de oliva (solo a la baja para un 8,9%).<\/p>\n<p class=\"\">El bum de las Bolsas, las criptomonedas y el oro, <a href=\"https:\/\/cincodias.elpais.com\/mercados-financieros\/2025-10-08\/la-bolsa-y-el-ibex-35.html\" target=\"_self\" rel=\"nofollow noopener\" title=\"https:\/\/cincodias.elpais.com\/mercados-financieros\/2025-10-08\/la-bolsa-y-el-ibex-35.html\">que rondan m\u00e1ximos hist\u00f3ricos<\/a>, ha contribuido a que muchos inversores mantengan o incluso ganen algo de poder adquisitivo pese a los repuntes inflacionistas de los \u00faltimos a\u00f1os. Eso empuja, seg\u00fan la encuesta, a que un 12% quiera aumentar las cantidades que dedica a invertir, con un mayor porcentaje de hombres (16,8%), y de miembros de las generaciones Z (nacidos entre 1997 y 2012) y Milenial (entre 1980 y 1996). Es decir, el perfil que se encuentra a menudo en cualquier evento sobre criptomonedas o inversi\u00f3n. En cambio, el 18,1% planea invertir menos que hasta ahora, se desconoce si por falta de recursos para hacerlo, o porque piensan que ya ha subido todo demasiado y prefieren esperar.<\/p>\n<p class=\"\">Para poder invertir, el primer paso es poder ahorrar. Y con una inflaci\u00f3n todav\u00eda por encima de los niveles deseados (<a href=\"https:\/\/elpais.com\/economia\/2025-09-29\/la-inflacion-repunta-dos-decimas-en-septiembre-hasta-el-29.html\" target=\"_self\" rel=\"nofollow noopener\" title=\"https:\/\/elpais.com\/economia\/2025-09-29\/la-inflacion-repunta-dos-decimas-en-septiembre-hasta-el-29.html\">septiembre cerr\u00f3 en el 2,9%<\/a>), no siempre es sencillo: el 24,7% declara que su capacidad de ahorro menguar\u00e1 en los meses venideros, casi el mismo porcentaje (23,7%) que los que piensan que aumentar\u00e1. <\/p>\n<p class=\"\">Los r\u00e9cords de empleo, con <a href=\"https:\/\/elpais.com\/economia\/2025-03-04\/la-creacion-de-empleo-se-acelera-con-la-creacion-de-100340-nuevos-afiliados-en-el-segundo-mejor-febrero-en-17-anos.html\" rel=\"nofollow noopener\" target=\"_blank\">la afiliaci\u00f3n en m\u00e1ximos<\/a>, es clave para que a final de mes quede m\u00e1s dinero que antes. Pero pese a los buenos registros del mercado laboral, que ha sumado 499.000 trabajadores en los \u00faltimos 12 meses, y a los m\u00ednimos de 17 a\u00f1os del paro, la sensaci\u00f3n sobre la situaci\u00f3n del empleo no termina de ser todo lo positiva que cabr\u00eda esperar. Un 27,9% de la muestra percibe que el desempleo ha aumentado entre las personas de su entorno, frente al 17,4% que cree que se ha reducido. Ese desencanto podr\u00eda deberse a que Espa\u00f1a contin\u00faa siendo el pa\u00eds de la Uni\u00f3n Europea con m\u00e1s porcentaje de paro. <\/p>\n<p><strong>Ficha t\u00e9cnica:<\/strong><\/p>\n<p>\u00c1mbito: Espa\u00f1a. Universo: poblaci\u00f3n general residente en Espa\u00f1a (excepto Ceuta y Melilla), a partir de 18 a\u00f1os de edad y con derecho a voto. Tama\u00f1o de la muestra: 4.000 entrevistas. Procedimiento: entrevista online (CAWI). Error muestral: +-1,55% (para un 95% de confianza). Realizaci\u00f3n: del 29 de agosto al 1 de septiembre y del 26 al 28 de septiembre.<\/p>\n","protected":false},"excerpt":{"rendered":"Lo dice el Financial Times y lo dice el Banco Central Europeo: la econom\u00eda espa\u00f1ola destaca sobre el&hellip;\n","protected":false},"author":2,"featured_media":175430,"comment_status":"","ping_status":"","sticky":false,"template":"","format":"standard","meta":{"footnotes":""},"categories":[80],"tags":[6557,82,50361,3213,534,95,94,25,24,1847,20773,26243,23,3633],"class_list":{"0":"post-175429","1":"post","2":"type-post","3":"status-publish","4":"format-standard","5":"has-post-thumbnail","7":"category-economia","8":"tag-aceite-oliva","9":"tag-business","10":"tag-consumismo","11":"tag-consumo","12":"tag-dinero","13":"tag-economia","14":"tag-economy","15":"tag-es","16":"tag-espana","17":"tag-inflacion","18":"tag-precio-energia","19":"tag-precio-vivienda","20":"tag-spain","21":"tag-vivienda"},"share_on_mastodon":{"url":"","error":""},"_links":{"self":[{"href":"https:\/\/www.europesays.com\/es\/wp-json\/wp\/v2\/posts\/175429","targetHints":{"allow":["GET"]}}],"collection":[{"href":"https:\/\/www.europesays.com\/es\/wp-json\/wp\/v2\/posts"}],"about":[{"href":"https:\/\/www.europesays.com\/es\/wp-json\/wp\/v2\/types\/post"}],"author":[{"embeddable":true,"href":"https:\/\/www.europesays.com\/es\/wp-json\/wp\/v2\/users\/2"}],"replies":[{"embeddable":true,"href":"https:\/\/www.europesays.com\/es\/wp-json\/wp\/v2\/comments?post=175429"}],"version-history":[{"count":0,"href":"https:\/\/www.europesays.com\/es\/wp-json\/wp\/v2\/posts\/175429\/revisions"}],"wp:featuredmedia":[{"embeddable":true,"href":"https:\/\/www.europesays.com\/es\/wp-json\/wp\/v2\/media\/175430"}],"wp:attachment":[{"href":"https:\/\/www.europesays.com\/es\/wp-json\/wp\/v2\/media?parent=175429"}],"wp:term":[{"taxonomy":"category","embeddable":true,"href":"https:\/\/www.europesays.com\/es\/wp-json\/wp\/v2\/categories?post=175429"},{"taxonomy":"post_tag","embeddable":true,"href":"https:\/\/www.europesays.com\/es\/wp-json\/wp\/v2\/tags?post=175429"}],"curies":[{"name":"wp","href":"https:\/\/api.w.org\/{rel}","templated":true}]}}