{"id":175431,"date":"2025-10-14T05:10:12","date_gmt":"2025-10-14T05:10:12","guid":{"rendered":"https:\/\/www.europesays.com\/es\/175431\/"},"modified":"2025-10-14T05:10:12","modified_gmt":"2025-10-14T05:10:12","slug":"zelenski-habla-de-nuevo-con-trump-en-plena-ofensiva-rusa-contra-las-infraestructuras-energeticas","status":"publish","type":"post","link":"https:\/\/www.europesays.com\/es\/175431\/","title":{"rendered":"Zelenski habla de nuevo con Trump en plena ofensiva rusa contra las infraestructuras energ\u00e9ticas"},"content":{"rendered":"<p>          <img decoding=\"async\" class=\"c-ad__placeholder__logo\" src=\"https:\/\/static.euronews.com\/website\/images\/logos\/logo-euronews-stacked-outlined-72x72-grey-9.svg\" width=\"72\" height=\"72\" alt=\"\" loading=\"lazy\"\/><br \/>\n          PUBLICIDAD<\/p>\n<p>El presidente de Ucrania, Volod\u00edmir Zelenski, ha anunciado que el domingo habl\u00f3 con su hom\u00f3logo estadounidense, Donald Trump, por segundo d\u00eda consecutivo, y <strong>calific\u00f3 la conversaci\u00f3n de \u00abmuy productiva\u00bb<\/strong>. Ambos mandatarios trataron una serie de temas, acordados el d\u00eda antes, entre ellos sobre defensa, <a href=\"https:\/\/es.euronews.com\/2025\/10\/02\/eeuu-ayudara-a-ucrania-a-acabar-con-la-capacidad-de-refinado-rusa\" rel=\"nofollow noopener\" target=\"_blank\">el uso de armas de largo alcance<\/a>, como el misil de crucero Tomahawk, y el sector energ\u00e9tico de Ucrania.<\/p>\n<p>Zelenski tambi\u00e9n inst\u00f3 a Trump a negociar una paz en Ucrania, como lo ha hecho en Oriente Medio, a\u00f1adiendo que Rusia se est\u00e1 aprovechando actualmente del conflicto en la regi\u00f3n. \u00abMosc\u00fa se permite escalar sus ataques, explotando abiertamente el hecho de que <strong>el mundo est\u00e1 centrado en asegurar la paz en Oriente Medio<\/strong>\u00ab, dijo Zelenski.<\/p>\n<p>\u00abPrecisamente por eso, <strong>no se puede aflojar la presi\u00f3n de ninguna manera<\/strong>. Las sanciones, los aranceles y las acciones conjuntas contra los compradores de petr\u00f3leo ruso -los que financian esta guerra- deben seguir sobre la mesa\u00bb, a\u00f1adi\u00f3.<\/p>\n<p>Las llamadas telef\u00f3nicas se producen mientras <strong>Rusia prosigue su campa\u00f1a contra las infraestructuras energ\u00e9ticas<\/strong> de Ucrania. Una vez m\u00e1s, Mosc\u00fa <a href=\"https:\/\/es.euronews.com\/my-europe\/2025\/10\/11\/restablecido-el-suministro-electrico-en-odesa-y-kiev-tras-los-ataques-rusos-a-la-infraestr\" rel=\"nofollow noopener\" target=\"_blank\">atac\u00f3 la regi\u00f3n de Odesa y sus infraestructuras cr\u00edticas<\/a>, s\u00f3lo un d\u00eda despu\u00e9s de atacar las instalaciones energ\u00e9ticas de la regi\u00f3n, lo que provoc\u00f3 apagones en m\u00faltiples ciudades.<\/p>\n<p>Rusia lanz\u00f3 un total de 118 drones durante la noche, <strong>matando a siete personas e hiriendo al menos a otras 23 en toda Ucrania<\/strong>. El Ministerio de Energ\u00eda del pa\u00eds declar\u00f3 que tambi\u00e9n se atacaron infraestructuras energ\u00e9ticas en las regiones de Donetsk y Chern\u00edgov, dejando algunas zonas sin agua ni electricidad.<\/p>\n<p>Y en Kiev, dos empleados de la mayor empresa energ\u00e9tica privada de Ucrania, DTEK, resultaron heridos cuando <strong>Rusia atac\u00f3 una subestaci\u00f3n en la regi\u00f3n<\/strong>, inform\u00f3 el gobernador regional de la ciudad, Mykola Kalashnyk.<\/p>\n<p>El sector energ\u00e9tico de Ucrania <a href=\"https:\/\/es.euronews.com\/green\/2024\/11\/02\/centrales-en-ruinas-y-hospitales-a-oscuras-la-lucha-de-ucrania-por-la-luz-en-pleno-inviern\" rel=\"nofollow noopener\" target=\"_blank\">ha sido un campo de batalla clave<\/a> desde que Rusia lanz\u00f3 su invasi\u00f3n a gran escala, ya que <strong>Mosc\u00fa intenta da\u00f1ar la red el\u00e9ctrica ucraniana<\/strong> antes de la dura temporada invernal.<\/p>\n<p>\u00abRusia contin\u00faa su terror a\u00e9reo contra nuestras ciudades y comunidades, intensificando los ataques contra nuestra infraestructura energ\u00e9tica\u00bb, escribi\u00f3 en X el presidente ucraniano, se\u00f1alando que <strong>Rusia hab\u00eda lanzado \u00abm\u00e1s de 3.100 drones, 92 misiles y alrededor de 1.360 bombas planeadoras\u00bb<\/strong> contra Ucrania durante la semana pasada.<\/p>\n","protected":false},"excerpt":{"rendered":"PUBLICIDAD El presidente de Ucrania, Volod\u00edmir Zelenski, ha anunciado que el domingo habl\u00f3 con su hom\u00f3logo estadounidense, Donald&hellip;\n","protected":false},"author":2,"featured_media":175432,"comment_status":"","ping_status":"","sticky":false,"template":"","format":"standard","meta":{"footnotes":""},"categories":[42],"tags":[17,18,352,629,13,14,7419,11,61,62,63,64,19,20,9,10,15,16,1614,12,7081,21,22,14181,65,66,67],"class_list":{"0":"post-175431","1":"post","2":"type-post","3":"status-publish","4":"format-standard","5":"has-post-thumbnail","7":"category-internacional","8":"tag-breaking-news","9":"tag-breakingnews","10":"tag-donald-trump","11":"tag-estados-unidos","12":"tag-featured-news","13":"tag-featurednews","14":"tag-guerra-en-ucrania","15":"tag-headlines","16":"tag-internacional","17":"tag-international","18":"tag-international-news","19":"tag-internationalnews","20":"tag-latest-news","21":"tag-latestnews","22":"tag-news","23":"tag-noticias","24":"tag-noticias-destacadas","25":"tag-noticiasdestacadas","26":"tag-rusia","27":"tag-titulares","28":"tag-ucrania","29":"tag-ultimas-noticias","30":"tag-ultimasnoticias","31":"tag-volodimir-zelenski","32":"tag-world","33":"tag-world-news","34":"tag-worldnews"},"share_on_mastodon":{"url":"","error":""},"_links":{"self":[{"href":"https:\/\/www.europesays.com\/es\/wp-json\/wp\/v2\/posts\/175431","targetHints":{"allow":["GET"]}}],"collection":[{"href":"https:\/\/www.europesays.com\/es\/wp-json\/wp\/v2\/posts"}],"about":[{"href":"https:\/\/www.europesays.com\/es\/wp-json\/wp\/v2\/types\/post"}],"author":[{"embeddable":true,"href":"https:\/\/www.europesays.com\/es\/wp-json\/wp\/v2\/users\/2"}],"replies":[{"embeddable":true,"href":"https:\/\/www.europesays.com\/es\/wp-json\/wp\/v2\/comments?post=175431"}],"version-history":[{"count":0,"href":"https:\/\/www.europesays.com\/es\/wp-json\/wp\/v2\/posts\/175431\/revisions"}],"wp:featuredmedia":[{"embeddable":true,"href":"https:\/\/www.europesays.com\/es\/wp-json\/wp\/v2\/media\/175432"}],"wp:attachment":[{"href":"https:\/\/www.europesays.com\/es\/wp-json\/wp\/v2\/media?parent=175431"}],"wp:term":[{"taxonomy":"category","embeddable":true,"href":"https:\/\/www.europesays.com\/es\/wp-json\/wp\/v2\/categories?post=175431"},{"taxonomy":"post_tag","embeddable":true,"href":"https:\/\/www.europesays.com\/es\/wp-json\/wp\/v2\/tags?post=175431"}],"curies":[{"name":"wp","href":"https:\/\/api.w.org\/{rel}","templated":true}]}}