{"id":175433,"date":"2025-10-14T05:11:10","date_gmt":"2025-10-14T05:11:10","guid":{"rendered":"https:\/\/www.europesays.com\/es\/175433\/"},"modified":"2025-10-14T05:11:10","modified_gmt":"2025-10-14T05:11:10","slug":"agilizar-la-atencion-primaria-reforzar-plantillas-y-despolitizar-la-gestion-recetas-para-evitar-el-colapso-de-la-sanidad-publica-de-andalucia-sociedad","status":"publish","type":"post","link":"https:\/\/www.europesays.com\/es\/175433\/","title":{"rendered":"Agilizar la atenci\u00f3n primaria, reforzar plantillas y despolitizar la gesti\u00f3n: recetas para evitar el colapso de la sanidad p\u00fablica de Andaluc\u00eda | Sociedad"},"content":{"rendered":"<p class=\"\">Justo un minuto despu\u00e9s de cesar a su consejera de Salud y Consumo el pasado mi\u00e9rcoles, el presidente andaluz, Juan Manuel Moreno (PP), reconoc\u00eda con tono solemne que al margen de los graves retrasos en el cribado del c\u00e1ncer de mama, la sanidad p\u00fablica andaluza hace agua. A solo ocho meses de las pr\u00f3ximas elecciones auton\u00f3micas y con<a href=\"https:\/\/elpais.com\/sociedad\/2025-10-08\/miles-de-personas-claman-contra-moreno-por-el-escandalo-de-los-cribados-hoy-son-ellas-manana-podemos-ser-cualquiera.html\" target=\"_blank\" rel=\"nofollow noopener\" title=\"https:\/\/elpais.com\/sociedad\/2025-10-08\/miles-de-personas-claman-contra-moreno-por-el-escandalo-de-los-cribados-hoy-son-ellas-manana-podemos-ser-cualquiera.html\"> una manifestaci\u00f3n de enfermas de c\u00e1ncer en las calles pidiendo su dimisi\u00f3n<\/a>, Moreno admiti\u00f3 que es necesario un cambio de rumbo radical para encauzar la cr\u00edtica situaci\u00f3n: \u201cHaremos una renovaci\u00f3n profunda de nuestro sistema sanitario. Auditaremos lo que haga falta auditar y cambiaremos todo aquello que detectamos que no funciona en esa estructura organizativa\u201d. <\/p>\n<p class=\"\">Una de las principales paradojas es que el sistema sanitario est\u00e1 gripado a pesar de contar con un alto presupuesto, el mayor de su historia, lo que evidencia una deficiente gesti\u00f3n. \u201cLa sanidad p\u00fablica es uno de los pilares de nuestro Estado del Bienestar. Apostamos por ella como nunca. Jam\u00e1s ha habido m\u00e1s medios ni m\u00e1s inversi\u00f3n que ahora. Casi 16.000 millones de euros presupuestados para la sanidad, lo que supone pr\u00e1cticamente el presupuesto de toda la Xunta de Galicia, solo para la sanidad\u201d, presumi\u00f3 Moreno. \u00bfPor d\u00f3nde empezar la faena? Ante este panorama, los expertos, sindicatos y partidos pol\u00edticos ofrecen soluciones urgentes antes de que sea una realidad imposible de revertir lo que cada vez m\u00e1s voces advierten: el colapso del sistema.<\/p>\n<p class=\"\">La mayor\u00eda de voces coincide en que los retrasos en <a href=\"https:\/\/elpais.com\/sociedad\/2025-10-11\/los-testimonios-de-las-mujeres-cuestionan-las-explicaciones-de-la-junta-sobre-el-alcance-de-la-crisis-de-los-cribados.html\" target=\"_blank\" rel=\"nofollow noopener\" title=\"https:\/\/elpais.com\/sociedad\/2025-10-11\/los-testimonios-de-las-mujeres-cuestionan-las-explicaciones-de-la-junta-sobre-el-alcance-de-la-crisis-de-los-cribados.html\">los avisos del cribado de c\u00e1ncer de mama<\/a>, que han provocado que decenas de mujeres enfermaran y otras murieran al desconocer que un tumor maligno recorr\u00eda su cuerpo, es solo una ola en un mar de problemas que minan d\u00eda a d\u00eda el sistema sanitario andaluz: las demoras agudizadas en la atenci\u00f3n primaria, las plantillas mermadas, la politizaci\u00f3n de la gesti\u00f3n sanitaria, las listas de espera eternas en cirug\u00edas y diagn\u00f3sticos\u2026 La lista de deberes es enorme, pero entre las posibles soluciones sobresalen tres: m\u00e1s di\u00e1logo y transparencia, la despolitizaci\u00f3n de la gesti\u00f3n sanitaria y un cambio de modelo hacia la prevenci\u00f3n en vez de la actual curaci\u00f3n en los hospitales. Para abordar la tarea, los expertos le piden a la Junta \u201cvalent\u00eda\u201d. <\/p>\n<p class=\"\">Con un presupuesto de 15.247 millones, 130.000 sanitarios, medio centenar de hospitales, 1.500 centros de atenci\u00f3n primaria de salud, un mill\u00f3n de pacientes con cinco o m\u00e1s enfermedades cr\u00f3nicas y 85.000 kil\u00f3metros cuadrados en un vasto territorio, la gesti\u00f3n de la sanidad andaluza ha sido siempre muy compleja. Una recomendaci\u00f3n que comparten varios expertos es el profundo cambio de modelo que la atenci\u00f3n primaria debe abordar. <\/p>\n<p class=\"\">\u201cEn primaria hay que pasar de un modelo de curar la enfermedad a prevenirla. Necesitamos tiempo cl\u00ednico de calidad para el paciente, autonom\u00eda de gesti\u00f3n y nuevos perfiles, que se puede alcanzar mediante un pacto andaluz por la sanidad estable, que dure al menos una d\u00e9cada, porque los frutos no ser\u00e1n inmediatos. Sin esa estabilidad tendremos las cosas muy dif\u00edciles\u201d, alerta Saturnino Cisneros, oftalm\u00f3logo durante 25 a\u00f1os en el Hospital Costa del Sol y m\u00e1ster en Econom\u00eda de la salud y gesti\u00f3n sanitaria. Ese pacto por la sanidad andaluza tambi\u00e9n lo ha pedido la secretaria general de CC OO, Nuria L\u00f3pez. Cisneros critica que los m\u00e9dicos ahora pasan demasiado tiempo frente al ordenador y en consulta la recogida de datos podr\u00eda hacerse con otro tipo de aparatos, para \u201cpermitir compararnos, copiar casos de \u00e9xito, predecir necesidades y mejorar la gesti\u00f3n sanitaria\u201d. <\/p>\n<p class=\"\">La Junta andaluza se ha esforzado siempre, tanto en la etapa socialista como con el PP, en ofrecer una imagen de eficacia, con bajas demoras. Ahora cada d\u00eda m\u00e1s andaluces se percatan de que la realidad no encaja con el relato de la Administraci\u00f3n, censuran al un\u00edsono la decena larga de testimonios recogidos. <\/p>\n<p><img decoding=\"auto\" class=\"_re lazyload a_m-h\" height=\"277\"  width=\"414\"  src=\"https:\/\/www.europesays.com\/es\/wp-content\/uploads\/2025\/10\/JUFNOIWHXNNSLGNJHSCYE5MC7A.jpg\" loading=\"lazy\"\/>El presidente andaluz, Juan Manuel Moreno, el pasado jueves en el debate parlamentario. Julio Mu\u00f1oz (EFE)<\/p>\n<p class=\"\">\u00c1ngel Zapata, profesor de Salud P\u00fablica de la Universidad Pablo de Olavide, coincide con Cisneros: \u201cLos mecanismos que generan las desigualdades frente a la obesidad infantil o el cribado del c\u00e1ncer \u2015qui\u00e9n acude o no a hacerse las pruebas\u2015 no son inevitables y son importantes porque afectan a mucha gente. Pero se ha focalizado la inversi\u00f3n en la atenci\u00f3n hospitalaria por la falsa creencia de que reducir\u00e1n las listas de espera. La tecnolog\u00eda por s\u00ed misma no beneficia por igual a todas las clases sociales\u201d.<\/p>\n<p class=\"\">Zapata advierte a la Junta de que si de verdad quiere darle un vuelco a la sanidad, debe revalorizar el papel de la atenci\u00f3n primaria: \u201cEl desprestigio es evidente y por eso hay plazas desiertas de m\u00e9dicos de familia. \u00bfCu\u00e1ntos se han ido a la privada porque no aguantan las condiciones?\u201d. La Consejer\u00eda ha renovado conciertos millonarios con la privada cada a\u00f1o con la esperanza de reducir las listas de espera, que siguen entre las peores del pa\u00eds. \u201cLos conciertos no solucionan las listas de espera porque no controlan la demanda, sobre todo cuando se concibe la atenci\u00f3n sanitaria como un bien de consumo m\u00e1s\u201d, zanja.<\/p>\n<p class=\"\">Sobre las malas decisiones de los gestores sanitarios, Rafael Ojeda, presidente del Sindicato M\u00e9dico Andaluz, pide un cambio de rumbo para imponer por fin la meritocracia: \u201cLa designaci\u00f3n de los gestores se basa en la lealtad, no en la capacidad de gesti\u00f3n, y eso ha pasado con el PSOE y el PP. El curr\u00edculum con el que llegan los directores gerentes a los hospitales es pol\u00edtico, viene de dentro del partido en el Gobierno, no exhiben experiencia de gesti\u00f3n en otros centros menores. Son criterios cuantitativos, no cualitativos, y muy interesados en privar al m\u00e9dico de su liderazgo. Todo el sistema funciona as\u00ed, hay muy pocas excepciones. Es burocr\u00e1tico, muy politizado y r\u00edgido\u201d, censura.<\/p>\n<p class=\"\">En esta l\u00ednea, Antonio Garc\u00eda, profesor de Econom\u00eda de la salud en la Universidad de M\u00e1laga, pide reducir \u201cla burocratizaci\u00f3n\u201d y m\u00e1s autonom\u00eda a partir de ahora para ganar agilidad, como sucedi\u00f3 durante la pandemia, cuando la buena gesti\u00f3n cl\u00ednica del proceso y los protocolos especiales fueron abordados por los m\u00e9dicos y no por los gerentes. \u201cPasar de la macro a la microgesti\u00f3n\u201d, ejemplifica. <\/p>\n<p><img decoding=\"auto\" class=\"_re lazyload a_m-h\" height=\"276\"  width=\"414\"  src=\"https:\/\/www.europesays.com\/es\/wp-content\/uploads\/2025\/10\/RXHTOC52NJO67EGDI55FKCLTBE.jpg\" loading=\"lazy\"\/>Una mujer, con su paraguas en la manifestaci\u00f3n del pasado viernes en M\u00e1laga.Jorge Zapata (EFE)<\/p>\n<p class=\"\">Un punto clave que los sindicatos m\u00e9dicos comparten para poder virar de rumbo es la transparencia, porque est\u00e1n cansados de pedir datos a la Consejer\u00eda de Salud y Consumo, y volver con las manos vac\u00edas. Una nitidez necesaria para identificar con precisi\u00f3n los graves agujeros del sistema, enriquecer el sistema y acertar con las soluciones. \u201c\u00bfPor qu\u00e9 no sabemos las plantillas de los centros? \u00a1No existen! Tenemos las plantillas presupuestarias, no las reales que se adaptan a la poblaci\u00f3n atendida. As\u00ed nadie puede saber cu\u00e1ntos m\u00e9dicos nos faltan porque no se publican esas plantillas necesarias para cada poblaci\u00f3n. Adem\u00e1s, tampoco sabemos las demoras de la segunda consulta para el m\u00e9dico especialista. \u00bfPor qu\u00e9 no hay transparencia?\u201d, interroga Ojeda.<\/p>\n<p class=\"\">El colectivo Marea Blanca, responsable de las manifestaciones m\u00e1s sonadas por la sanidad p\u00fablica y una reciente Iniciativa Legislativa Popular en el Parlamento con 57.000 firmas, destaca la necesidad de que las plantillas crezcan. \u201cAndaluc\u00eda necesitar\u00eda 18.000 profesionales m\u00e1s para igualar, simplemente, la actual media estatal, y sacarla de los \u00faltimos puestos en la mayor\u00eda de indicadores de calidad del sistema sanitario\u201d, subraya su portavoz, Juan Monedero. Este colectivo recomienda a la Junta recuperar la subasta de medicamentos que Moreno fulmin\u00f3 al llegar al poder, ya que la factura farmac\u00e9utica se ha disparado hasta los 4.200 millones este a\u00f1o, un sapo dif\u00edcil de tragar para el PP andaluz. <\/p>\n<p class=\"\">Jos\u00e9 S\u00e1nchez, secretario general del sindicato de enfermer\u00eda Satse, abunda en la falta de di\u00e1logo: \u201cMoreno necesita una Consejer\u00eda que escuche, negocie y respete a sus profesionales\u201d. Mientras, CC OO y CSIF destacan, entre un largo debe, aumentar los salarios de los sanitarios y sus ratios, hasta al menos igualar la media estatal. <\/p>\n<p><img decoding=\"auto\" class=\"_re lazyload a_m-h\" height=\"277\"  width=\"414\"  src=\"https:\/\/www.europesays.com\/es\/wp-content\/uploads\/2025\/10\/KQCFHGZQOVFIFBJWXJMJJ3GWKE.jpg\" loading=\"lazy\"\/>Concentraci\u00f3n en Sevilla el pasado mi\u00e9rcoles por los fallos en el sistema de cribado de c\u00e1ncer de mama en Andaluc\u00eda.PACO PUENTES<\/p>\n<p class=\"\">Desde la oposici\u00f3n pol\u00edtica, el PSOE apuesta por \u201credise\u00f1ar\u201d la sanidad para \u201crepensarla\u201d por completo, aumentar su financiaci\u00f3n y \u201cdejar de concertar\u201d con la privada, a pesar de que los socialistas iniciaron dichos conciertos cuando gobernaban. El presupuesto destinado a la asistencia sanitaria privada aument\u00f3 un 38% entre 2018 y 2024, seg\u00fan la Fundaci\u00f3n Idis, destaca el diputado socialista Fernando L\u00f3pez Gil. \u201cLas pr\u00f3ximas elecciones ser\u00e1n un refer\u00e9ndum por la sanidad andaluza\u201d, sostiene. La receta de Adelante Andaluc\u00eda es \u201cun modelo radicalmente diferente, que empez\u00f3 con los recortes de la etapa socialista\u201d, denuncia su portavoz, Jos\u00e9 Ignacio Garc\u00eda. \u201cHabr\u00eda que acabar con la privatizaci\u00f3n de conciertos sanitarios y recuperar personal para que el sistema de salud coja fuerza\u201d, apunta. <\/p>\n<p class=\"\">El plan de choque anunciado por Moreno solo abarca el cribado del c\u00e1ncer de mama, pero si las alertas lanzadas por los radi\u00f3logos andaluces son certeras, los retrasos est\u00e1n generalizados en todas las pruebas diagn\u00f3sticas. Si crecen los casos de demoras injustificadas, esto har\u00e1 que los agujeros afloren tarde o temprano porque afectan, entre otras pruebas, al cribado de c\u00e1ncer de colon o de cuello de \u00fatero. Los pacientes protestar\u00e1n si las pruebas han tenido el m\u00e1s m\u00ednimo retraso, al tratarse de una cuesti\u00f3n de vida o muerte en muchos casos. <\/p>\n<p class=\"\">La consecuencia ser\u00e1 que a nivel pol\u00edtico <a href=\"https:\/\/elpais.com\/sociedad\/2025-10-01\/andalucia-admite-graves-retrasos-en-el-diagnostico-de-cancer-de-mama-y-creara-un-circuito-preferente-para-mujeres.html\" target=\"_blank\" rel=\"nofollow noopener\" title=\"https:\/\/elpais.com\/sociedad\/2025-10-01\/andalucia-admite-graves-retrasos-en-el-diagnostico-de-cancer-de-mama-y-creara-un-circuito-preferente-para-mujeres.html\">el problema<\/a> mutar\u00e1 a estructural. El dolor de cabeza no acabar\u00e1 tan pronto para el Gobierno andaluz, que necesitar\u00e1 nuevos planes de choque, tan habituales desde la Consejer\u00eda de Salud y Consumo para apagar fuegos. Y muy posiblemente el presupuesto en sanidad para 2026 de Moreno crecer\u00e1 varios miles de millones desde los 15.000 actuales si el presidente pretende que la mejora se note antes de las urnas. Marea Blanca estima que deber\u00eda aumentar 5.000 millones al a\u00f1o para paliar el da\u00f1o que los recortes de la crisis de 2008 han hecho, cifrados en 19.000 millones desde 2010.<\/p>\n","protected":false},"excerpt":{"rendered":"Justo un minuto despu\u00e9s de cesar a su consejera de Salud y Consumo el pasado mi\u00e9rcoles, el presidente&hellip;\n","protected":false},"author":2,"featured_media":175434,"comment_status":"","ping_status":"","sticky":false,"template":"","format":"standard","meta":{"footnotes":""},"categories":[8],"tags":[46770,259,31365,17,18,34117,25,24,13,14,11,26166,26165,19,20,9,10,15,16,45688,2581,1811,17109,1171,492,23,12,21,22,2845],"class_list":{"0":"post-175433","1":"post","2":"type-post","3":"status-publish","4":"format-standard","5":"has-post-thumbnail","7":"category-espana","8":"tag-adelante-andalucia","9":"tag-andalucia","10":"tag-atencion-primaria","11":"tag-breaking-news","12":"tag-breakingnews","13":"tag-comisiones-obreras","14":"tag-es","15":"tag-espana","16":"tag-featured-news","17":"tag-featurednews","18":"tag-headlines","19":"tag-juan-manuel-moreno","20":"tag-junta-andalucia","21":"tag-latest-news","22":"tag-latestnews","23":"tag-news","24":"tag-noticias","25":"tag-noticias-destacadas","26":"tag-noticiasdestacadas","27":"tag-pp-a","28":"tag-psoe-a","29":"tag-sanidad","30":"tag-sanidad-publica","31":"tag-sevilla","32":"tag-sociedad","33":"tag-spain","34":"tag-titulares","35":"tag-ultimas-noticias","36":"tag-ultimasnoticias","37":"tag-universidad"},"share_on_mastodon":{"url":"","error":""},"_links":{"self":[{"href":"https:\/\/www.europesays.com\/es\/wp-json\/wp\/v2\/posts\/175433","targetHints":{"allow":["GET"]}}],"collection":[{"href":"https:\/\/www.europesays.com\/es\/wp-json\/wp\/v2\/posts"}],"about":[{"href":"https:\/\/www.europesays.com\/es\/wp-json\/wp\/v2\/types\/post"}],"author":[{"embeddable":true,"href":"https:\/\/www.europesays.com\/es\/wp-json\/wp\/v2\/users\/2"}],"replies":[{"embeddable":true,"href":"https:\/\/www.europesays.com\/es\/wp-json\/wp\/v2\/comments?post=175433"}],"version-history":[{"count":0,"href":"https:\/\/www.europesays.com\/es\/wp-json\/wp\/v2\/posts\/175433\/revisions"}],"wp:featuredmedia":[{"embeddable":true,"href":"https:\/\/www.europesays.com\/es\/wp-json\/wp\/v2\/media\/175434"}],"wp:attachment":[{"href":"https:\/\/www.europesays.com\/es\/wp-json\/wp\/v2\/media?parent=175433"}],"wp:term":[{"taxonomy":"category","embeddable":true,"href":"https:\/\/www.europesays.com\/es\/wp-json\/wp\/v2\/categories?post=175433"},{"taxonomy":"post_tag","embeddable":true,"href":"https:\/\/www.europesays.com\/es\/wp-json\/wp\/v2\/tags?post=175433"}],"curies":[{"name":"wp","href":"https:\/\/api.w.org\/{rel}","templated":true}]}}