{"id":175435,"date":"2025-10-14T05:12:21","date_gmt":"2025-10-14T05:12:21","guid":{"rendered":"https:\/\/www.europesays.com\/es\/175435\/"},"modified":"2025-10-14T05:12:21","modified_gmt":"2025-10-14T05:12:21","slug":"belen-esteban-y-tono-sanchis-cara-a-cara-en-los-juzgados-tras-diez-anos-de-conflicto-asi-ha-sido-su-llegada-al-juicio","status":"publish","type":"post","link":"https:\/\/www.europesays.com\/es\/175435\/","title":{"rendered":"Bel\u00e9n Esteban y To\u00f1o Sanch\u00eds, cara a cara en los juzgados tras diez a\u00f1os de conflicto: as\u00ed ha sido su llegada al juicio"},"content":{"rendered":"<p><img alt=\"Bel\u00e9n Esteban y To\u00f1o Sanch\u00eds,\" class=\"global-image\" decoding=\"async\" fetchpriority=\"high\" height=\"960\" loading=\"eager\" src=\"https:\/\/www.europesays.com\/es\/wp-content\/uploads\/2025\/10\/J3U6A2CJ7JCBLPDYHDBTLDQ6BM.jpg\" width=\"1706\"\/>Bel\u00e9n Esteban y To\u00f1o Sanch\u00eds, a su llegada a los juzgados. (Europa Press)<\/p>\n<p class=\"paragraph\">El esperado reencuentro entre <b>Bel\u00e9n Esteban<\/b> y <b>To\u00f1o Sanch\u00eds<\/b> ha tenido lugar este lunes 13 de octubre en la Audiencia Provincial de Madrid, donde ha comenzado el juicio que enfrenta a la colaboradora de televisi\u00f3n y a su exmanager por un presunto delito de apropiaci\u00f3n indebida de cerca de 400.000 euros. Diez a\u00f1os despu\u00e9s de la ruptura profesional y personal entre ambos, el proceso judicial se centra en determinar la responsabilidad penal de Sanch\u00eds, para quien la Fiscal\u00eda solicita <a href=\"https:\/\/www.infobae.com\/espana\/agencias\/2025\/10\/10\/piden-3-anos-y-medio-de-carcel-para-tono-sanchis-por-presunta-apropiacion-de-casi-400000-euros-de-belen-esteban\/\" target=\"_blank\" rel=\"noreferrer nofollow noopener\" title=\"https:\/\/www.infobae.com\/espana\/agencias\/2025\/10\/10\/piden-3-anos-y-medio-de-carcel-para-tono-sanchis-por-presunta-apropiacion-de-casi-400000-euros-de-belen-esteban\/\">tres a\u00f1os y medio de prisi\u00f3n<\/a> y el pago de una indemnizaci\u00f3n de 339.549 euros a Esteban.<\/p>\n<p class=\"paragraph\">La vista oral arrancaba con la presencia de los dos protagonistas en los juzgados madrile\u00f1os. Esteban, acompa\u00f1ada por su marido, <a href=\"https:\/\/www.infobae.com\/espana\/2025\/02\/27\/belen-esteban-desvela-el-motivo-por-el-que-perdono-una-infidelidad-a-su-marido-miguel-marcos-fue-lo-mejor-que-hice\/\" target=\"_blank\" rel=\"noreferrer nofollow noopener\" title=\"https:\/\/www.infobae.com\/espana\/2025\/02\/27\/belen-esteban-desvela-el-motivo-por-el-que-perdono-una-infidelidad-a-su-marido-miguel-marcos-fue-lo-mejor-que-hice\/\">Miguel Marcos<\/a>, lleg\u00f3 a primera hora de la ma\u00f1ana,<b> visiblemente nerviosa<\/b>, pero manteniendo una postura discreta ante los medios. Minutos m\u00e1s tarde,<b> <\/b>Sanch\u00eds hac\u00eda su aparici\u00f3n junto a su abogado, Javier Vasallo, mostrando una actitud relajada y evitando cualquier declaraci\u00f3n p\u00fablica. El ambiente en la Audiencia Provincial reflejaba la tensi\u00f3n acumulada tras una d\u00e9cada de litigios y desencuentros p\u00fablicos.<\/p>\n<p class=\"paragraph\">El origen del conflicto se remonta al periodo comprendido entre 2009 y 2015, cuando Bel\u00e9n Esteban detect\u00f3<b> irregularidades en la gesti\u00f3n <\/b>de sus ingresos por parte de Sanch\u00eds, quien entonces era su representante y hombre de confianza. Al descubrir que varios trabajos no hab\u00edan sido abonados y que las cuentas no cuadraban, la colaboradora decidi\u00f3 romper la relaci\u00f3n profesional y emprender acciones legales. La demanda presentada por la \u2018princesa del pueblo\u2019 fue estimada en su totalidad por el Juzgado de Primera Instancia de Torrej\u00f3n de Ardoz y posteriormente confirmada por la Audiencia Provincial de Madrid, que hace cinco a\u00f1os conden\u00f3 a la agencia de representaci\u00f3n de Sanch\u00eds, <b>Lorant S.L.<\/b>, a indemnizarla con<b> <\/b>388.868 euros.<\/p>\n<p><img alt=\"Miguel Marcos y Bel\u00e9n Esteban\" class=\"global-image\" decoding=\"async\" fetchpriority=\"low\" height=\"3648\" loading=\"lazy\" src=\"https:\/\/www.europesays.com\/es\/wp-content\/uploads\/2025\/10\/RRL3D4SUPBDSPPRENQ2OM35IOI.jpg\" width=\"5472\"\/>Miguel Marcos y Bel\u00e9n Esteban llegan a la Audiencia Provincial de Madrid junto a su abogado, Carlos Aguirre, para asistir al juicio contra To\u00f1o Sanch\u00eds, a 13 de octubre de 2025, en Madrid (Espa\u00f1a).&#13;<br \/>\n&#13;<br \/>\nAntonio Guti\u00e9rrez \/ Europa Press&#13;<br \/>\nJUICIO;JUZGADOS;BEL\u00c9N ESTEBAN;TO\u00d1O SANCH\u00cdS;13 OCTUBRE 2025&#13;<br \/>\n13\/10\/2025<\/p>\n<p class=\"paragraph\">En cuanto a las cantidades reclamadas y abonadas, el proceso judicial ha estado marcado por la complejidad de las cifras. De los 388.868 euros fijados en la sentencia previa, Sanch\u00eds solo entreg\u00f3 49.318 euros en efectivo. Adem\u00e1s, se adjudic\u00f3 a Esteban la residencia familiar del exmanager en Villanueva del Pardillo, valorada en 375.000 euros, aunque con una hipoteca pendiente de m\u00e1s de 200.000 euros. La indemnizaci\u00f3n solicitada en el juicio actual asciende a 339.549 euros, cifra que corresponde a la parte que, seg\u00fan la acusaci\u00f3n, Sanch\u00eds habr\u00eda obtenido il\u00edcitamente y no ha devuelto. La Fiscal\u00eda, adem\u00e1s, mantiene la petici\u00f3n de <b>tres a\u00f1os y medio de prisi\u00f3n <\/b>para el acusado, en un intento de que la denunciante recupere la totalidad del dinero reclamado.<\/p>\n<p class=\"paragraph\">La primera jornada del juicio transcurri\u00f3 bajo una fuerte expectaci\u00f3n medi\u00e1tica. Bel\u00e9n Esteban opt\u00f3 por la discreci\u00f3n y evit\u00f3 pronunciarse sobre el reencuentro con su exrepresentante, con quien durante sus a\u00f1os de colaboraci\u00f3n profesional mantuvo una estrecha amistad. A la salida del juzgado, reiter\u00f3 ante las c\u00e1maras: \u201cNo voy a decir nada, cari\u00f1o. <b>Hasta que no acabe el juicio, no voy a decir nada<\/b>, como comprender\u00e9is\u201d, expres\u00f3 a Europa Press, apuntando \u00fanicamente su satisfacci\u00f3n porque al fin ha llegado el momento del juicio. Por su parte, el abogado de Sanch\u00eds, Javier Vasallo, tambi\u00e9n declin\u00f3 hacer comentarios: \u201cNo vamos a hacer ninguna declaraci\u00f3n. Gracias\u201d, dejando en el aire la estrategia de la defensa y la posibilidad de un acuerdo para evitar la entrada en prisi\u00f3n de su cliente.<\/p>\n<p class=\"paragraph\">Tras dos horas de sesi\u00f3n, el tribunal decret\u00f3 un receso y ambas partes abandonaron la Audiencia Provincial. Se prev\u00e9 que el proceso se prolongue durante varios d\u00edas, dada la complejidad del caso y la cantidad de pruebas y testimonios a examinar. <\/p>\n","protected":false},"excerpt":{"rendered":"Bel\u00e9n Esteban y To\u00f1o Sanch\u00eds, a su llegada a los juzgados. (Europa Press) El esperado reencuentro entre Bel\u00e9n&hellip;\n","protected":false},"author":2,"featured_media":175436,"comment_status":"","ping_status":"","sticky":false,"template":"","format":"standard","meta":{"footnotes":""},"categories":[5],"tags":[50362,50363,7904,17,18,50364,9395,25,24,13,14,11,5541,735,19,20,50365,9,10,15,16,23,12,50366,21,22],"class_list":{"0":"post-175435","1":"post","2":"type-post","3":"status-publish","4":"format-standard","5":"has-post-thumbnail","7":"category-titulares","8":"tag-13-octubre-2025","9":"tag-antonio-gutierrez","10":"tag-belen-esteban","11":"tag-breaking-news","12":"tag-breakingnews","13":"tag-carlos-aguirre","14":"tag-category_code_sho","15":"tag-es","16":"tag-espana","17":"tag-featured-news","18":"tag-featurednews","19":"tag-headlines","20":"tag-juicio","21":"tag-juzgados","22":"tag-latest-news","23":"tag-latestnews","24":"tag-miguel-marcos","25":"tag-news","26":"tag-noticias","27":"tag-noticias-destacadas","28":"tag-noticiasdestacadas","29":"tag-spain","30":"tag-titulares","31":"tag-tono-sanchis","32":"tag-ultimas-noticias","33":"tag-ultimasnoticias"},"share_on_mastodon":{"url":"","error":""},"_links":{"self":[{"href":"https:\/\/www.europesays.com\/es\/wp-json\/wp\/v2\/posts\/175435","targetHints":{"allow":["GET"]}}],"collection":[{"href":"https:\/\/www.europesays.com\/es\/wp-json\/wp\/v2\/posts"}],"about":[{"href":"https:\/\/www.europesays.com\/es\/wp-json\/wp\/v2\/types\/post"}],"author":[{"embeddable":true,"href":"https:\/\/www.europesays.com\/es\/wp-json\/wp\/v2\/users\/2"}],"replies":[{"embeddable":true,"href":"https:\/\/www.europesays.com\/es\/wp-json\/wp\/v2\/comments?post=175435"}],"version-history":[{"count":0,"href":"https:\/\/www.europesays.com\/es\/wp-json\/wp\/v2\/posts\/175435\/revisions"}],"wp:featuredmedia":[{"embeddable":true,"href":"https:\/\/www.europesays.com\/es\/wp-json\/wp\/v2\/media\/175436"}],"wp:attachment":[{"href":"https:\/\/www.europesays.com\/es\/wp-json\/wp\/v2\/media?parent=175435"}],"wp:term":[{"taxonomy":"category","embeddable":true,"href":"https:\/\/www.europesays.com\/es\/wp-json\/wp\/v2\/categories?post=175435"},{"taxonomy":"post_tag","embeddable":true,"href":"https:\/\/www.europesays.com\/es\/wp-json\/wp\/v2\/tags?post=175435"}],"curies":[{"name":"wp","href":"https:\/\/api.w.org\/{rel}","templated":true}]}}