{"id":175439,"date":"2025-10-14T05:14:13","date_gmt":"2025-10-14T05:14:13","guid":{"rendered":"https:\/\/www.europesays.com\/es\/175439\/"},"modified":"2025-10-14T05:14:13","modified_gmt":"2025-10-14T05:14:13","slug":"eneko-andueza-un-mozo-mas-en-los-encierros-de-durango","status":"publish","type":"post","link":"https:\/\/www.europesays.com\/es\/175439\/","title":{"rendered":"Eneko Andueza, un mozo m\u00e1s en los encierros de Durango"},"content":{"rendered":"<p>Los numerosos vecinos de Durango y los visitantes que en la ma\u00f1ana de este lunes han madrugado para presenciar los &#8216;Zezenak dira&#8217; dentro del programa  &#8230; de fiestas de San Fausto se han topado con un rostro muy conocido de la pol\u00edtica vasca. Entre los mozos que se han animado a participar en este particular encierro se encontraba el secretario general del PSE, Eneko Andueza, que, pa\u00f1uelo azul al cuello, ha disfrutado de este evento taurino, uno de los actos con m\u00e1s tradici\u00f3n de los festejos de la localidad vizca\u00edna.<\/p>\n<p class=\"v-p\">Andueza es un aficionado taurino confeso, que siempre que su agenda se lo permite, acude a las ferias que se celebran en Euskadi, as\u00ed como a los Sanfermines. Pero este lunes no se ha limitado a ver los toros desde la barrera, sino que se ha animado a saltar dentro del recorrido y ha corrido delante de las vaquillas por la calle Barrenkalea, como se puede apreciar en el v\u00eddeo que acompa\u00f1a a esta informaci\u00f3n.<\/p>\n<p class=\"v-p\">La jornada festiva ha comenzado temprano. Eran las 7.30 horas de la ma\u00f1ana cuando la plaza de Santa Ana, a\u00fan iluminada por las farolas, ha empezado a llenarse de gente. Coincidiendo con el d\u00eda grande de San Fausto, cientos de personas aguardaban con ilusi\u00f3n el inicio de los &#8216;Zezenak Dira&#8217;, una de las tradiciones m\u00e1s arraigadas de las fiestas. Su origen se remonta, al menos, al a\u00f1o 1546, seg\u00fan recogen antiguos documentos municipales. En el transcurso de cinco jornadas festivas, y durante unas dos horas cada ma\u00f1ana, una vaquilla ensogada recorre las calles del casco hist\u00f3rico. Cientos de personas siguen el recorrido desde gradas y balcones, mientras que voluntarios y personal de seguridad velan por el buen desarrollo del acto.<\/p>\n<p class=\"v-p\">La cuesti\u00f3n de los toros mantiene en estos momentos un inter\u00e9s pol\u00edtico especial. Curiosamente, Sumar ha anunciado este lunes su intenci\u00f3n de presentar en el Parlamento vasco una Proposici\u00f3n no de Ley para avanzar \u00abhacia la abolici\u00f3n pr\u00e1ctica y efectiva de la tauromaquia en Euskadi\u00bb. Su pretensi\u00f3n es que todos los grupos parlamentarios tengan que &#8216;retratarse&#8217; p\u00fablicamente sobre su posici\u00f3n en este tema, que incomoda tanto a EH Bildu \u2013mantiene posturas diferentes en funci\u00f3n del municipio en el que gobierna\u2013 como el PSE.<\/p>\n<p class=\"v-p\">En el caso de los socialistas, el PSOE se abstuvo precisamente la pasada semana en el Congreso en la petici\u00f3n de tramitaci\u00f3n de una Iniciativa Legislativo Popular, impulsada por movimientos abolicionistas para abrir la puerta a que cada comunidad aut\u00f3noma pueda prohibir la celebraci\u00f3n de eventos taurinos. La abstenci\u00f3n del PSOE impidi\u00f3 su tramitaci\u00f3n.<\/p>\n","protected":false},"excerpt":{"rendered":"Los numerosos vecinos de Durango y los visitantes que en la ma\u00f1ana de este lunes han madrugado para&hellip;\n","protected":false},"author":2,"featured_media":175440,"comment_status":"","ping_status":"","sticky":false,"template":"","format":"standard","meta":{"footnotes":""},"categories":[277],"tags":[50368,373,168,50370,2167,50367,25,24,50369,23,167,374],"class_list":{"0":"post-175439","1":"post","2":"type-post","3":"status-publish","4":"format-standard","5":"has-post-thumbnail","7":"category-toreo","8":"tag-andueza","9":"tag-bullfighting","10":"tag-deportes","11":"tag-durango","12":"tag-encierros","13":"tag-eneko","14":"tag-es","15":"tag-espana","16":"tag-mozo","17":"tag-spain","18":"tag-sports","19":"tag-toreo"},"share_on_mastodon":{"url":"","error":""},"_links":{"self":[{"href":"https:\/\/www.europesays.com\/es\/wp-json\/wp\/v2\/posts\/175439","targetHints":{"allow":["GET"]}}],"collection":[{"href":"https:\/\/www.europesays.com\/es\/wp-json\/wp\/v2\/posts"}],"about":[{"href":"https:\/\/www.europesays.com\/es\/wp-json\/wp\/v2\/types\/post"}],"author":[{"embeddable":true,"href":"https:\/\/www.europesays.com\/es\/wp-json\/wp\/v2\/users\/2"}],"replies":[{"embeddable":true,"href":"https:\/\/www.europesays.com\/es\/wp-json\/wp\/v2\/comments?post=175439"}],"version-history":[{"count":0,"href":"https:\/\/www.europesays.com\/es\/wp-json\/wp\/v2\/posts\/175439\/revisions"}],"wp:featuredmedia":[{"embeddable":true,"href":"https:\/\/www.europesays.com\/es\/wp-json\/wp\/v2\/media\/175440"}],"wp:attachment":[{"href":"https:\/\/www.europesays.com\/es\/wp-json\/wp\/v2\/media?parent=175439"}],"wp:term":[{"taxonomy":"category","embeddable":true,"href":"https:\/\/www.europesays.com\/es\/wp-json\/wp\/v2\/categories?post=175439"},{"taxonomy":"post_tag","embeddable":true,"href":"https:\/\/www.europesays.com\/es\/wp-json\/wp\/v2\/tags?post=175439"}],"curies":[{"name":"wp","href":"https:\/\/api.w.org\/{rel}","templated":true}]}}