{"id":175445,"date":"2025-10-14T05:19:15","date_gmt":"2025-10-14T05:19:15","guid":{"rendered":"https:\/\/www.europesays.com\/es\/175445\/"},"modified":"2025-10-14T05:19:15","modified_gmt":"2025-10-14T05:19:15","slug":"gp-de-singapur-2025-cuando-corre-franco-colapinto-y-a-que-hora-ver-la-carrera-de-formula-1","status":"publish","type":"post","link":"https:\/\/www.europesays.com\/es\/175445\/","title":{"rendered":"GP de Singapur 2025: cu\u00e1ndo corre Franco Colapinto y a qu\u00e9 hora ver la carrera de F\u00f3rmula 1"},"content":{"rendered":"<p>La F\u00f3rmula 1 vuelve a escena este fin de semana con una de las competencias m\u00e1s deslumbrantes del a\u00f1o: <strong>el Gran Premio de Singapur, que se correr\u00e1 en el ic\u00f3nico circuito callejero de Marina Bay<\/strong>. Tras el parate posterior a Azerbaiy\u00e1n, el argentino Franco Colapinto se prepara para afrontar una nueva fecha con la esperanza de conseguir sus primeros puntos en la m\u00e1xima categor\u00eda.<\/p>\n<p><strong>Leer tambi\u00e9n:\u00a0<a href=\"https:\/\/www.mendovoz.com\/deportes\/ftbol\/2025\/10\/11\/gimnasia-esgrima-logro-el-ascenso-la-primera-division-162667.html\" target=\"_blank\" rel=\"nofollow noopener\">Gimnasia y Esgrima logr\u00f3 el ascenso a la Primera Divisi\u00f3n<\/a><\/strong><\/p>\n<p>El piloto de <strong>Alpine F1 Team<\/strong>, nacido en Pilar, llega a Singapur despu\u00e9s de una dif\u00edcil actuaci\u00f3n en Bak\u00fa, donde finaliz\u00f3 19\u00b0. Con un auto que no ha mostrado gran competitividad, <strong>Colapinto busca consolidarse y contribuir a un equipo que hasta el momento solo sum\u00f3 gracias a su compa\u00f1ero<\/strong>, Pierre Gasly, y que permanece en el fondo de la tabla de constructores.<\/p>\n<p><strong>Cu\u00e1ndo corre Franco Colapinto en el GP de Singapur<\/strong><\/p>\n<p>El <strong>Gran Premio de Singapur se disputar\u00e1 entre el viernes 3 y el domingo 5 de octubre<\/strong> en horario nocturno local. Todas las sesiones podr\u00e1n verse en vivo por <strong>Disney+<\/strong>, con los siguientes horarios para Argentina:<\/p>\n<p><strong>Viernes 3 de octubre<\/strong><\/p>\n<p><strong>S\u00e1bado 4 de octubre<\/strong><\/p>\n<ul>&#13;<\/p>\n<li>Pr\u00e1cticas Libres 3: 6.30 a 7.30<\/li>\n<p>&#13;<\/p>\n<li>Clasificaci\u00f3n: 10\u00a0a 11<\/li>\n<p>&#13;\n<\/ul>\n<p><strong>Domingo 5 de octubre<\/strong>&#13;<br \/>\n&#13;\n<\/p>\n<ul>&#13;<\/p>\n<li>Carrera: 9\u00a0(hora argentina)<\/li>\n<p>&#13;\n<\/ul>\n","protected":false},"excerpt":{"rendered":"La F\u00f3rmula 1 vuelve a escena este fin de semana con una de las competencias m\u00e1s deslumbrantes del&hellip;\n","protected":false},"author":2,"featured_media":175446,"comment_status":"","ping_status":"","sticky":false,"template":"","format":"standard","meta":{"footnotes":""},"categories":[270],"tags":[168,25,24,306,271,272,1723,44837,23,167],"class_list":{"0":"post-175445","1":"post","2":"type-post","3":"status-publish","4":"format-standard","5":"has-post-thumbnail","7":"category-formula-1","8":"tag-deportes","9":"tag-es","10":"tag-espana","11":"tag-f1","12":"tag-formula-1","13":"tag-formula1","14":"tag-franco-colapinto","15":"tag-gp-de-singapur","16":"tag-spain","17":"tag-sports"},"share_on_mastodon":{"url":"","error":""},"_links":{"self":[{"href":"https:\/\/www.europesays.com\/es\/wp-json\/wp\/v2\/posts\/175445","targetHints":{"allow":["GET"]}}],"collection":[{"href":"https:\/\/www.europesays.com\/es\/wp-json\/wp\/v2\/posts"}],"about":[{"href":"https:\/\/www.europesays.com\/es\/wp-json\/wp\/v2\/types\/post"}],"author":[{"embeddable":true,"href":"https:\/\/www.europesays.com\/es\/wp-json\/wp\/v2\/users\/2"}],"replies":[{"embeddable":true,"href":"https:\/\/www.europesays.com\/es\/wp-json\/wp\/v2\/comments?post=175445"}],"version-history":[{"count":0,"href":"https:\/\/www.europesays.com\/es\/wp-json\/wp\/v2\/posts\/175445\/revisions"}],"wp:featuredmedia":[{"embeddable":true,"href":"https:\/\/www.europesays.com\/es\/wp-json\/wp\/v2\/media\/175446"}],"wp:attachment":[{"href":"https:\/\/www.europesays.com\/es\/wp-json\/wp\/v2\/media?parent=175445"}],"wp:term":[{"taxonomy":"category","embeddable":true,"href":"https:\/\/www.europesays.com\/es\/wp-json\/wp\/v2\/categories?post=175445"},{"taxonomy":"post_tag","embeddable":true,"href":"https:\/\/www.europesays.com\/es\/wp-json\/wp\/v2\/tags?post=175445"}],"curies":[{"name":"wp","href":"https:\/\/api.w.org\/{rel}","templated":true}]}}