{"id":175467,"date":"2025-10-14T05:33:07","date_gmt":"2025-10-14T05:33:07","guid":{"rendered":"https:\/\/www.europesays.com\/es\/175467\/"},"modified":"2025-10-14T05:33:07","modified_gmt":"2025-10-14T05:33:07","slug":"zelenski-se-reunira-el-viernes-con-trump-en-washington-para-abordar-la-defensa-aerea-y-las-capacidades-de-largo-alcance","status":"publish","type":"post","link":"https:\/\/www.europesays.com\/es\/175467\/","title":{"rendered":"Zelenski se reunir\u00e1 el viernes con Trump en Washington para abordar la defensa a\u00e9rea y las capacidades de largo alcance"},"content":{"rendered":"<p class=\"c-paragraph\">El presidente de Ucrania, <a href=\"https:\/\/www.20minutos.es\/tags\/personas\/volodimir-zelenski.html\" title=\"Volod\u00edmir Zelenski\" rel=\"nofollow noopener\" target=\"_blank\">Volod\u00edmir Zelenski<\/a>, visitar\u00e1 a su hom\u00f3logo de EEUU,<a href=\"https:\/\/www.20minutos.es\/tags\/personas\/donald-trump.html\" title=\"Donald Trump\" rel=\"nofollow noopener\" target=\"_blank\"> Donald Trump<\/a>, el viernes en Washington. El encuentro ha sido presentado este lunes por el mandatario ucraniano y servir\u00e1 para <b>analizar la defensa a\u00e9rea y las capacidades de largo alcance<\/b>, adem\u00e1s de para mantener contactos con empresarios y pol\u00edticos estadounidenses.<\/p>\n<p class=\"c-paragraph\">Aunque se ha mostrado reacio a compartir informaci\u00f3n sobre el contenido de la visita, Zelenski s\u00ed ha se\u00f1alado que, en ese viaje, \u00abel gran tema es la defensa a\u00e9rea\u00bb y la \u00abposibilidad de ejercer presi\u00f3n sobre Rusia a larga distancia\u00bb.\u00a0Zelenski alud\u00eda as\u00ed a la posibilidad de que <b>Kiev reciba sistemas hechos en EEUU <\/b>que puedan servir a las Fuerzas Armadas de Ucrania para atacar Rusia, dentro de su territorio, lejos de la frontera ucraniana.<\/p>\n<p class=\"c-paragraph\"><b>\u00abTengo otros encuentros importantes\u00bb,<\/b> ha abundado el jefe de Estado ucraniano en una rueda de prensa junto a la alta representante de la UE para Pol\u00edtica Exterior, Kaja Kallas. As\u00ed,\u00a0Zelenski tambi\u00e9n ha aludido a eventuales citas en la capital estadounidense con congresistas y senadores. \u00abTambi\u00e9n tendr\u00e9 encuentros con empresas energ\u00e9ticas, fue una propuesta del presidente\u00bb, ha agregado en otra alusi\u00f3n a Trump.<\/p>\n<p class=\"c-paragraph\">Sobre los contactos que mantendr\u00e1 en Washington, Zelenski ha afirmado que <b>espera encontrar \u00abayuda\u00bb.<\/b>\u00a0Tras su encuentro con Kallas, Zelenski ha indicado en su cuenta de Telegram que su pa\u00eds necesita \u00abprepararse\u00bb ante los ataques de Rusia, algo para lo cual tambi\u00e9n han de servir los m\u00faltiples contactos que dijo mantendr\u00e1 en la capital de EEUU.<\/p>\n","protected":false},"excerpt":{"rendered":"El presidente de Ucrania, Volod\u00edmir Zelenski, visitar\u00e1 a su hom\u00f3logo de EEUU, Donald Trump, el viernes en Washington.&hellip;\n","protected":false},"author":2,"featured_media":175468,"comment_status":"","ping_status":"","sticky":false,"template":"","format":"standard","meta":{"footnotes":""},"categories":[42],"tags":[17,18,13,14,11,61,62,63,64,19,20,9,10,15,16,9509,7745,12,936,21,22,381,65,66,67,2318],"class_list":{"0":"post-175467","1":"post","2":"type-post","3":"status-publish","4":"format-standard","5":"has-post-thumbnail","7":"category-internacional","8":"tag-breaking-news","9":"tag-breakingnews","10":"tag-featured-news","11":"tag-featurednews","12":"tag-headlines","13":"tag-internacional","14":"tag-international","15":"tag-international-news","16":"tag-internationalnews","17":"tag-latest-news","18":"tag-latestnews","19":"tag-news","20":"tag-noticias","21":"tag-noticias-destacadas","22":"tag-noticiasdestacadas","23":"tag-reunira","24":"tag-se","25":"tag-titulares","26":"tag-trump","27":"tag-ultimas-noticias","28":"tag-ultimasnoticias","29":"tag-viernes","30":"tag-world","31":"tag-world-news","32":"tag-worldnews","33":"tag-zelenski"},"share_on_mastodon":{"url":"","error":""},"_links":{"self":[{"href":"https:\/\/www.europesays.com\/es\/wp-json\/wp\/v2\/posts\/175467","targetHints":{"allow":["GET"]}}],"collection":[{"href":"https:\/\/www.europesays.com\/es\/wp-json\/wp\/v2\/posts"}],"about":[{"href":"https:\/\/www.europesays.com\/es\/wp-json\/wp\/v2\/types\/post"}],"author":[{"embeddable":true,"href":"https:\/\/www.europesays.com\/es\/wp-json\/wp\/v2\/users\/2"}],"replies":[{"embeddable":true,"href":"https:\/\/www.europesays.com\/es\/wp-json\/wp\/v2\/comments?post=175467"}],"version-history":[{"count":0,"href":"https:\/\/www.europesays.com\/es\/wp-json\/wp\/v2\/posts\/175467\/revisions"}],"wp:featuredmedia":[{"embeddable":true,"href":"https:\/\/www.europesays.com\/es\/wp-json\/wp\/v2\/media\/175468"}],"wp:attachment":[{"href":"https:\/\/www.europesays.com\/es\/wp-json\/wp\/v2\/media?parent=175467"}],"wp:term":[{"taxonomy":"category","embeddable":true,"href":"https:\/\/www.europesays.com\/es\/wp-json\/wp\/v2\/categories?post=175467"},{"taxonomy":"post_tag","embeddable":true,"href":"https:\/\/www.europesays.com\/es\/wp-json\/wp\/v2\/tags?post=175467"}],"curies":[{"name":"wp","href":"https:\/\/api.w.org\/{rel}","templated":true}]}}