{"id":175499,"date":"2025-10-14T05:54:08","date_gmt":"2025-10-14T05:54:08","guid":{"rendered":"https:\/\/www.europesays.com\/es\/175499\/"},"modified":"2025-10-14T05:54:08","modified_gmt":"2025-10-14T05:54:08","slug":"sin-este-fallo-iba-a-ganar-yo","status":"publish","type":"post","link":"https:\/\/www.europesays.com\/es\/175499\/","title":{"rendered":"Sin este fallo iba a ganar yo"},"content":{"rendered":"<p class=\"article-text\">\n        <strong>MasterChef Celebrity 10 <\/strong>super\u00f3 el ecuador de su edici\u00f3n con varias situaciones in\u00e9ditas protagonizadas por <strong>Alejo Sauras<\/strong>. La primera de ellas fue una gran bronca con <strong>Jos\u00e9 Manuel Parada<\/strong>, que caus\u00f3 el caos en los exteriores y les llev\u00f3 directos a eliminaci\u00f3n.\n    <\/p>\n<p>    <a href=\"https:\/\/www.eldiario.es\/vertele\/entrevistas\/juanjo-bona-masterchef-celebrity-rtve-la-1-quien-sorprendio-alucina-masa-fans-no-acabo-creerme-locura-ot-operacion-triunfo_1_12629661.html\" data-mrf-recirculation=\"saber-mas\" data-dl-event=\"saber-mas\" rel=\"nofollow noopener\" target=\"_blank\"><\/p>\n<p class=\"know-more__title\">Juanjo Bona dice qui\u00e9n le sorprendi\u00f3 m\u00e1s en &#8216;MasterChef&#8217; y alucina con su masa de fans: \u00abNo acabo de creerme la locura\u00bb<\/p>\n<p>            <img decoding=\"async\" class=\"lazy\" loading=\"lazy\" data-src=\"https:\/\/static.eldiario.es\/clip\/555a0f28-f555-4203-a5d9-a6d7662e4454_16-9-aspect-ratio_default_0.jpg\" src=\"data:image\/svg+xml,%3Csvg xmlns=\" http:=\"\" viewbox=\"0 0 880 495\" alt=\"Juanjo Bona dice qui\u00e9n le sorprendi\u00f3 m\u00e1s en 'MasterChef' y alucina con su masa de fans: &quot;No acabo de creerme la locura&quot;\"\/><\/p>\n<p>                        <\/a><\/p>\n<p class=\"article-text\">\n        Con el delantal negro, el actor quiso cocinar una receta tan elaborada que en los \u00faltimos segundos se le olvid\u00f3 lo m\u00e1s importante: ponerlo en el plato. <strong>Por lo que present\u00f3 a los jueces un plato con salsa pero sin contenido. <\/strong>\n    <\/p>\n<p class=\"article-text\">\n        Algo que oblig\u00f3 a los jueces a expulsarle, a pesar de ser uno de los m\u00e1s prometedores: \u201cSin el fallo de hoy hubiera ganado yo\u201d, brome\u00f3 en su despedida.\n    <\/p>\n<blockquote class=\"twitter-tweet\" data-lang=\"es\"><p><a href=\"https:\/\/twitter.com\/X\/status\/1977882973241258360?ref_src=twsrc%5Etfw\" rel=\"nofollow noopener\" target=\"_blank\"><\/p><\/blockquote>\n<p class=\"article-text\">\n        Pero no se fue solo, le acompa\u00f1\u00f3 <strong>Rosa Benito<\/strong> que fue la segunda expulsada de la noche, por un plato sin sabor. Lo que dej\u00f3 at\u00f3nitos a los compa\u00f1eros, al ver que<strong> Soraya Arnelas<\/strong> se salvaba, frente a sus otros dos compa\u00f1eros, m\u00e1s fuertes que ella.\n    <\/p>\n<p class=\"article-text\">\n        Todo ello en una noche en la que se adentraron en un escape room como supermercado, recibieron la visita de<strong> William Levy<\/strong> y homenajearon a las alb\u00f3ndigas.\n    <\/p>\n<p>    Primera prueba con la visita de William Levy y la rebeld\u00eda de Maril\u00f3<\/p>\n<p class=\"article-text\">\n        Para arrancar la primera prueba, los aspirantes se toparon con el<strong> supermercado convertido en un escape room <\/strong>en el que tuvieron que encontrar pistas que les llevaron a los ingredientes con los que cocinaron.\n    <\/p>\n<p class=\"article-text\">\n        Con todo ello tuvieron que elaborar <strong>un plato que rindiera un homenaje al Mediterr\u00e1neo y a la dieta mediterr\u00e1nea.<\/strong> No fue f\u00e1cil concentrarse en el reto porque uno de los invitados era <strong>Eduardo Casanova<\/strong>, que revolucion\u00f3 las cocinas y sobre todo a Miguel con quien cocin\u00f3.\n    <\/p>\n<p class=\"article-text\">\n        Pero el alboroto aument\u00f3 al ver entrar a<strong> William Levy<\/strong>, tambi\u00e9n como invitado, al que todos quisieron sorprender con su comida y sus mejores sonrisas.\n    <\/p>\n<p class=\"article-text\">\n        Ante tantas distracciones, los que mejor supieron mantener la templanza fueron <strong>Parada, Rosa y la Mala<\/strong>, que hicieron los mejores platos. A pesar de la rebeli\u00f3n de Maril\u00f3 en las valoraciones, que llev\u00f3 la contraria a Samantha a la que no le gust\u00f3 su plato: \u201c\u00a1No chef!\u201d, le respondi\u00f3 la periodista.\n    <\/p>\n<blockquote class=\"twitter-tweet\" data-lang=\"es\"><p><a href=\"https:\/\/twitter.com\/X\/status\/1977858606704795734?ref_src=twsrc%5Etfw\" rel=\"nofollow noopener\" target=\"_blank\"><\/p><\/blockquote>\n<p>    Prueba de exteriores con capitanes en desigualdad de condiciones<\/p>\n<p class=\"article-text\">\n        Las cocinas del talent culinario se trasladaron a la<strong> antigua ciudad romana de Baelo Claudia,<\/strong> un conjunto arquitect\u00f3nico sorprendente junto a la Playa de Bolonia (Tarifa). All\u00ed, los aspirantes tuvieron que cocinar un<strong> banquete para 80 comensales <\/strong>firmado por el chef \u00c1ngel Le\u00f3n para conservadores y encargados de las ruinas.\n    <\/p>\n<p class=\"article-text\">\n        Los equipos se conformaron con<strong> capitanes muy desiguales: Torito y Soraya<\/strong>, uno de los mejores aspirantes contra la reci\u00e9n repescada (que sali\u00f3 la segunda semana). Por lo que casi todos los compa\u00f1eros quisieron ir con el primero, pero este solo quiso rodearse de la<strong> Mala, Valeria, Miguel y Maril\u00f3.<\/strong>\n    <\/p>\n<blockquote class=\"twitter-tweet\" data-lang=\"es\"><p><a href=\"https:\/\/twitter.com\/X\/status\/1977862300955537544?ref_src=twsrc%5Etfw\" rel=\"nofollow noopener\" target=\"_blank\"><\/p><\/blockquote>\n<p class=\"article-text\">\n        Mientras que Soraya se tuvo que conformar con los que \u00e9l no quiso: <strong>Alejo, Juanjo, Rosa y Parada<\/strong>. Y efectivamente, los peores presagios se cumplieron: la cantante no entendi\u00f3 bien las recetas, las elaboraciones empezaron a fallar, el equipo empez\u00f3 a discutir (sobre todo Parada y Alejo) y Soraya se vino abajo llorando sin consuelo, pidiendo salir de all\u00ed.\n    <\/p>\n<p class=\"article-text\">\n        Jordi acudi\u00f3 en su ayuda, d\u00e1ndole instrucciones para continuar con el cocinado. Le pidi\u00f3 que creyera en ella misma y Rosa le asegur\u00f3 que trabajar\u00edan todos a una. Aun as\u00ed, Soraya se lamentaba por haberse convertido en l\u00edder, tras llegar nueva de la repesca.\n    <\/p>\n<blockquote class=\"twitter-tweet\" data-lang=\"es\"><p><a href=\"https:\/\/twitter.com\/X\/status\/1977867285629984809?ref_src=twsrc%5Etfw\" rel=\"nofollow noopener\" target=\"_blank\"><\/p><\/blockquote>\n<p class=\"article-text\">\n        Acabado el servicio, los jueces<strong> lamentaron la bronca entre Alejo y Parada, que aument\u00f3 el caos del equipo de Soray<\/strong>a. La \u00fanica que aport\u00f3 templanza fue Rosa, y Juanjo la abraz\u00f3.\n    <\/p>\n<p class=\"article-text\">\n        La mejor parte se la llev\u00f3 el equipo rojo, el de <strong>Torito, al que elogiaron la capitan\u00eda<\/strong> y el buen entendimiento entre todos. Por lo que ganaron la prueba.\n    <\/p>\n<p>    Prueba de eliminaci\u00f3n con doble expulsi\u00f3n sorpresa<\/p>\n<p class=\"article-text\">\n        <strong>Soraya, Alejo, Juanjo, Rosa y Parada <\/strong>llegaron al \u00faltimo reto de la noche con sus delantales negros. Con Antonio Carmona de visita, los aspirantes tuvieron que <strong>homenajear a las alb\u00f3ndigas. <\/strong>Tras una cata de distintos pa\u00edses, escogieron qu\u00e9 grupos de ingredientes eran necesarios para prepararlas. Despu\u00e9s, cada uno replic\u00f3 una de las recetas con su acompa\u00f1amiento.\n    <\/p>\n<p class=\"article-text\">\n        La tensi\u00f3n, el tiempo, los nervios y las equivocaciones fueron tantas entre los aspirantes, que los del balc\u00f3n no pod\u00edan ni mirarles. <strong>Soraya<\/strong> entreg\u00f3 un plato que no \u201cestaba mal\u201d, <strong>Juanjo<\/strong> acert\u00f3 en la est\u00e9tica y en el sabor \u201cbuen\u00edsimo\u201d, <strong>Rosa<\/strong> fall\u00f3 con la fritura y <strong>Parada  <\/strong>convenci\u00f3 con un plato m\u00e1s tradicional.\n    <\/p>\n<p class=\"article-text\">\n        Sin embargo, el que m\u00e1s problemas tuvo fue <strong>Alejo porque hizo todo lo que no deb\u00eda hacerse durante el cocinado:<\/strong> en los \u00faltimos 10 segundos lanz\u00f3 la pasta en la encimera, sin poder emplatarla, y sin darse cuenta. Por lo que cuando la present\u00f3 ante los jueces, estaba \u201cel tomate crudo, las alb\u00f3ndigas a medio hacer y sin tallarines\u201d.\n    <\/p>\n<p>    <a href=\"https:\/\/www.eldiario.es\/vertele\/noticias\/ot-2025-resolvio-duelo-hermanos-expulsion-dramatica-puso-peligro-nuevas-nominadas_1_12680817.html\" data-mrf-recirculation=\"saber-mas-abajo\" data-dl-event=\"saber-mas-abajo\" rel=\"nofollow noopener\" target=\"_blank\"><\/p>\n<p class=\"know-more__title\">&#8216;OT 2025&#8217; resolvi\u00f3 su duelo de &#8216;hermanos&#8217; con la expulsi\u00f3n m\u00e1s dram\u00e1tica y puso en peligro a dos nuevas nominadas<\/p>\n<p>            <img decoding=\"async\" class=\"lazy\" loading=\"lazy\" data-src=\"https:\/\/static.eldiario.es\/clip\/fd7b0608-d372-4fb7-99ae-f75cbff7417f_16-9-aspect-ratio_default_0.jpg\" src=\"data:image\/svg+xml,%3Csvg xmlns=\" http:=\"\" viewbox=\"0 0 880 495\" alt=\"'OT 2025' resolvi\u00f3 su duelo de 'hermanos' con la expulsi\u00f3n m\u00e1s dram\u00e1tica y puso en peligro a dos nuevas nominadas\"\/><\/p>\n<p>                        <\/a><\/p>\n<blockquote class=\"twitter-tweet\" data-lang=\"es\"><p><a href=\"https:\/\/twitter.com\/X\/status\/1977886627457388975?ref_src=twsrc%5Etfw\" rel=\"nofollow noopener\" target=\"_blank\"><\/p><\/blockquote>\n<p class=\"article-text\">\n        Tras la cata, los jueces se marcharon a deliberar y al regresar sentenciaron: \u201c<strong>El aspirante que no contin\u00faa en las cocinas es Rosa&#8230; y Alejo\u201d,<\/strong> una doble expulsi\u00f3n que dej\u00f3 desconcertados a todos los presentes, que no esperaban que la \u00fanica salvada fuera Soraya, la reci\u00e9n repescada.\n    <\/p>\n<p>                                    <script async src=\"https:\/\/platform.twitter.com\/widgets.js\" charset=\"utf-8\"><\/script><\/p>\n","protected":false},"excerpt":{"rendered":"MasterChef Celebrity 10 super\u00f3 el ecuador de su edici\u00f3n con varias situaciones in\u00e9ditas protagonizadas por Alejo Sauras. La&hellip;\n","protected":false},"author":2,"featured_media":175500,"comment_status":"","ping_status":"","sticky":false,"template":"","format":"standard","meta":{"footnotes":""},"categories":[91],"tags":[5287,50405,27653,10109,146,147,25,24,3193,8639,2000,315,17576,15297,804,23],"class_list":{"0":"post-175499","1":"post","2":"type-post","3":"status-publish","4":"format-standard","5":"has-post-thumbnail","7":"category-entretenimiento","8":"tag-5287","9":"tag-asombro","10":"tag-aspirantes","11":"tag-celebrity","12":"tag-entertainment","13":"tag-entretenimiento","14":"tag-es","15":"tag-espana","16":"tag-expulsion","17":"tag-fallo","18":"tag-ganar","19":"tag-hoy","20":"tag-iba","21":"tag-masterchef","22":"tag-mejores","23":"tag-spain"},"share_on_mastodon":{"url":"","error":""},"_links":{"self":[{"href":"https:\/\/www.europesays.com\/es\/wp-json\/wp\/v2\/posts\/175499","targetHints":{"allow":["GET"]}}],"collection":[{"href":"https:\/\/www.europesays.com\/es\/wp-json\/wp\/v2\/posts"}],"about":[{"href":"https:\/\/www.europesays.com\/es\/wp-json\/wp\/v2\/types\/post"}],"author":[{"embeddable":true,"href":"https:\/\/www.europesays.com\/es\/wp-json\/wp\/v2\/users\/2"}],"replies":[{"embeddable":true,"href":"https:\/\/www.europesays.com\/es\/wp-json\/wp\/v2\/comments?post=175499"}],"version-history":[{"count":0,"href":"https:\/\/www.europesays.com\/es\/wp-json\/wp\/v2\/posts\/175499\/revisions"}],"wp:featuredmedia":[{"embeddable":true,"href":"https:\/\/www.europesays.com\/es\/wp-json\/wp\/v2\/media\/175500"}],"wp:attachment":[{"href":"https:\/\/www.europesays.com\/es\/wp-json\/wp\/v2\/media?parent=175499"}],"wp:term":[{"taxonomy":"category","embeddable":true,"href":"https:\/\/www.europesays.com\/es\/wp-json\/wp\/v2\/categories?post=175499"},{"taxonomy":"post_tag","embeddable":true,"href":"https:\/\/www.europesays.com\/es\/wp-json\/wp\/v2\/tags?post=175499"}],"curies":[{"name":"wp","href":"https:\/\/api.w.org\/{rel}","templated":true}]}}