{"id":175511,"date":"2025-10-14T06:00:18","date_gmt":"2025-10-14T06:00:18","guid":{"rendered":"https:\/\/www.europesays.com\/es\/175511\/"},"modified":"2025-10-14T06:00:18","modified_gmt":"2025-10-14T06:00:18","slug":"es-un-orgullo-acoger-la-copa-del-rey","status":"publish","type":"post","link":"https:\/\/www.europesays.com\/es\/175511\/","title":{"rendered":"Es un orgullo acoger la Copa del Rey"},"content":{"rendered":"<p class=\"ft-text ft-helper-closenews\"><a class=\"ft-link ft-link--decoration\" href=\"https:\/\/www.informacion.es\/alicante\/\" rel=\"nofollow noopener\" target=\"_blank\"><strong>Alicante<\/strong><\/a><strong> ser\u00e1 la sede de la Fase Final de la Copa SM El Rey 2025-2026<\/strong> de balonmano del 5 al 7 de junio y el Horneo E\u00f3n ser\u00e1 el equipo organizador. De esta forma, el conjunto alicantino estar\u00e1 presente en la final a 8 en la que el Bar\u00e7a es el vigente campe\u00f3n. Las otras seis plazas restantes se las disputar\u00e1n 24 equipos.<\/p>\n<p class=\"ft-text\">Ante la designaci\u00f3n de Alicante como sede de la Fase Final, <strong>Jaime Cremades<\/strong>, presidente del Horneo E\u00f3n Alicante, no ha podido esconder su felicidad. Cremades ha reconocido estar<strong> \u00abmuy contento por esta elecci\u00f3n\u00bb<\/strong>. \u00abEs un orgullo que la Real Federaci\u00f3n Espa\u00f1ola de Balonmano haya pensado en Alicante como sede. Una ciudad representativa, hist\u00f3rica y con mucha cultura de balonmano\u00bb, confiesa.<\/p>\n<p class=\"ft-text\">\u00abNosotros <strong>estamos encantados de ser el equipo anfitri\u00f3n<\/strong> y esperamos estar a la altura en cuanto a organizaci\u00f3n y que la afici\u00f3n se sienta orgullosa de lo conseguido por el club\u00bb, sentenciaba el presidente del Horneo E\u00f3n Alicante.<\/p>\n<p class=\"ft-text\">De esta forma, <strong>la ciudad de Alicante volver\u00e1 a reunir a los mejores equipos del pa\u00eds ocho a\u00f1os despu\u00e9s<\/strong>, pues 2018 fue la \u00faltima vez que la ciudad fue sede de esta Fase Final. Esta elecci\u00f3n sirve como un paso m\u00e1s para volver a situar a Alicante entre los protagonistas del mejor balonmano espa\u00f1ol.<\/p>\n<p class=\"ft-text\">Durante la temporada pasada, el Horneo E\u00f3n Alicante se qued\u00f3 a las puertas de participar en esta final a 8 tras caer ante el Bada Huesca en la \u00faltima fase por 43-44. Hubiese sido una gesta hist\u00f3rica, pues el conjunto alicantino todav\u00eda no estaba en la \u00e9lite del balonmano espa\u00f1ol, como si lo est\u00e1 este curso.<\/p>\n<p data-close=\"closedContent\" class=\"subscribeHideForDisplay\">Suscr\u00edbete para seguir leyendo<\/p>\n","protected":false},"excerpt":{"rendered":"Alicante ser\u00e1 la sede de la Fase Final de la Copa SM El Rey 2025-2026 de balonmano del&hellip;\n","protected":false},"author":2,"featured_media":175512,"comment_status":"","ping_status":"","sticky":false,"template":"","format":"standard","meta":{"footnotes":""},"categories":[278],"tags":[376,1941,50406,168,7013,25,24,2500,11471,375,7012,17213,1461,23,167],"class_list":{"0":"post-175511","1":"post","2":"type-post","3":"status-publish","4":"format-standard","5":"has-post-thumbnail","7":"category-balonmano","8":"tag-balonmano","9":"tag-copa-del-rey","10":"tag-cremades","11":"tag-deportes","12":"tag-eon","13":"tag-es","14":"tag-espana","15":"tag-federacion","16":"tag-felicidad","17":"tag-handball","18":"tag-horneo","19":"tag-jaime","20":"tag-presidente","21":"tag-spain","22":"tag-sports"},"share_on_mastodon":{"url":"","error":""},"_links":{"self":[{"href":"https:\/\/www.europesays.com\/es\/wp-json\/wp\/v2\/posts\/175511","targetHints":{"allow":["GET"]}}],"collection":[{"href":"https:\/\/www.europesays.com\/es\/wp-json\/wp\/v2\/posts"}],"about":[{"href":"https:\/\/www.europesays.com\/es\/wp-json\/wp\/v2\/types\/post"}],"author":[{"embeddable":true,"href":"https:\/\/www.europesays.com\/es\/wp-json\/wp\/v2\/users\/2"}],"replies":[{"embeddable":true,"href":"https:\/\/www.europesays.com\/es\/wp-json\/wp\/v2\/comments?post=175511"}],"version-history":[{"count":0,"href":"https:\/\/www.europesays.com\/es\/wp-json\/wp\/v2\/posts\/175511\/revisions"}],"wp:featuredmedia":[{"embeddable":true,"href":"https:\/\/www.europesays.com\/es\/wp-json\/wp\/v2\/media\/175512"}],"wp:attachment":[{"href":"https:\/\/www.europesays.com\/es\/wp-json\/wp\/v2\/media?parent=175511"}],"wp:term":[{"taxonomy":"category","embeddable":true,"href":"https:\/\/www.europesays.com\/es\/wp-json\/wp\/v2\/categories?post=175511"},{"taxonomy":"post_tag","embeddable":true,"href":"https:\/\/www.europesays.com\/es\/wp-json\/wp\/v2\/tags?post=175511"}],"curies":[{"name":"wp","href":"https:\/\/api.w.org\/{rel}","templated":true}]}}