{"id":175519,"date":"2025-10-14T06:06:23","date_gmt":"2025-10-14T06:06:23","guid":{"rendered":"https:\/\/www.europesays.com\/es\/175519\/"},"modified":"2025-10-14T06:06:23","modified_gmt":"2025-10-14T06:06:23","slug":"cual-es-el-nuevo-apodo-que-la-prensa-europea-le-puso-a-franco-colapinto","status":"publish","type":"post","link":"https:\/\/www.europesays.com\/es\/175519\/","title":{"rendered":"Cu\u00e1l es el nuevo apodo que la prensa europea le puso a Franco Colapinto"},"content":{"rendered":"<p><strong><a target=\"_blank\" href=\"http:\/\/https:\/\/442.perfil.com\/noticias\/automovilismo\/franco-colapinto-en-el-gp-de-singapur.phtml\" rel=\"nofollow\">Franco Colapinto<\/a> <\/strong>sigue dejando su huella en la<strong> F\u00f3rmula 1<\/strong>, y no solo por su desempe\u00f1o en la pista. En la previa al<strong> Gran Premio de los Estados Unidos<\/strong>, que se correr\u00e1 este fin de semana en el Circuito de las Am\u00e9ricas, la prensa europea sorprendi\u00f3 al piloto argentino con un curioso y simb\u00f3lico apodo: <strong>\u201cEl Gaucho\u201d<\/strong>.<\/p>\n<p><strong>Por qu\u00e9 apodaron \u00abEl Gaucho\u00bb a Franco Colapinto<\/strong><\/p>\n<p>El mote fue acu\u00f1ado por <strong>Sky Sports Italia<\/strong>, que destac\u00f3 el rendimiento del bonaerense en el pasado GP de Singapur. <strong>\u201cEl Gaucho que firm\u00f3 una presentaci\u00f3n decorosa y termin\u00f3 en 16\u00b0 lugar\u201d<\/strong>, escribi\u00f3 el medio, resaltando la solidez de su actuaci\u00f3n. Hasta ahora, Colapinto no ten\u00eda un sobrenombre en el ambiente del automovilismo europeo, donde siempre se lo mencionaba por su nombre y apellido.<\/p>\n<p>El apodo, que remite directamente a la identidad y al esp\u00edritu nacional argentino, tuvo una inmediata repercusi\u00f3n en las redes sociales. Los fan\u00e1ticos lo celebraron con orgullo, multiplicando publicaciones y comentarios en los que abrazaron el nuevo alias con frases como <strong>\u201cEl Gaucho corre por todos nosotros\u201d <\/strong>o<strong> \u201cEl gaucho de Pilar va por m\u00e1s\u201d.<\/strong><\/p>\n<p><img decoding=\"async\" style=\"max-width: 100%; width: 100%;\" alt=\"Colapinto\" src=\"https:\/\/www.europesays.com\/es\/wp-content\/uploads\/2025\/10\/colapinto-2117736.jpg\" loading=\"lazy\"\/>&#13;<br \/>\nEl posteo de la revista\u00a0Sky Sports Italia sobre Franco Colapinto&#13;<\/p>\n<p class=\"destacadoNota\"><a target=\"_blank\" href=\"https:\/\/442.perfil.com\/noticias\/automovilismo\/no-hay-rival-que-le-compita-los-motivos-por-los-que-franco-colapinto-debe-seguir-en-alpine.phtml\" rel=\"nofollow noopener\">\u00abNo hay rival que le compita\u00bb: los motivos por los que Franco Colapinto debe seguir en Alpine<\/a><\/p>\n<p>En paralelo, Colapinto se mostr\u00f3 entusiasmado por la parte final de la temporada.<strong> \u201cSe viene la mejor parte del a\u00f1o\u201d<\/strong>, escribi\u00f3 en su \u00faltima publicaci\u00f3n, enfoc\u00e1ndose en su objetivo principal: consolidarse dentro del equipo Alpine para aspirar a una butaca titular en 2026.<\/p>\n<p>Mientras la F\u00f3rmula 1 se prepara para la cita en Austin, Colapinto suma no solo reconocimiento deportivo, sino tambi\u00e9n un s\u00edmbolo que lo identifica: <strong>\u201cEl Gaucho\u201d<\/strong>, el piloto que lleva la bandera argentina al coraz\u00f3n del automovilismo mundial.<\/p>\n<p><strong>Cu\u00e1ndo vuelve a correr Franco Colapinto en la F\u00f3rmula 1<\/strong><\/p>\n<p>Despu\u00e9s de su paso por Singapur, Franco Colapinto volver\u00e1 a subirse a su Alpine en el Gran Premio de Estados Unidos, una de las citas m\u00e1s esperadas de la temporada 2025 de F\u00f3rmula 1.<\/p>\n<p><strong>Cronograma del GP de Estados Unidos<\/strong><\/p>\n<p><strong>Viernes 17 de octubre<\/strong><\/p>\n<ul>&#13;<\/p>\n<li>Pr\u00e1ctica Libre 1: 14.30 a 15.30<\/li>\n<p>&#13;<\/p>\n<li>Clasificaci\u00f3n Sprint: 18.30 a 19.15<\/li>\n<p>&#13;\n<\/ul>\n<p><strong>S\u00e1bado 18 de octubre<\/strong><\/p>\n<ul>&#13;<\/p>\n<li>Sprint: 14.00 a 14.30<\/li>\n<p>&#13;<\/p>\n<li>Clasificaci\u00f3n: 18.00 a 19.00<\/li>\n<p>&#13;\n<\/ul>\n<p><strong>Domingo 19 de octubre<\/strong><\/p>\n<p>BP<\/p>\n","protected":false},"excerpt":{"rendered":"Franco Colapinto sigue dejando su huella en la F\u00f3rmula 1, y no solo por su desempe\u00f1o en la&hellip;\n","protected":false},"author":2,"featured_media":175520,"comment_status":"","ping_status":"","sticky":false,"template":"","format":"standard","meta":{"footnotes":""},"categories":[270],"tags":[168,25,24,306,271,272,23,167],"class_list":{"0":"post-175519","1":"post","2":"type-post","3":"status-publish","4":"format-standard","5":"has-post-thumbnail","7":"category-formula-1","8":"tag-deportes","9":"tag-es","10":"tag-espana","11":"tag-f1","12":"tag-formula-1","13":"tag-formula1","14":"tag-spain","15":"tag-sports"},"share_on_mastodon":{"url":"","error":""},"_links":{"self":[{"href":"https:\/\/www.europesays.com\/es\/wp-json\/wp\/v2\/posts\/175519","targetHints":{"allow":["GET"]}}],"collection":[{"href":"https:\/\/www.europesays.com\/es\/wp-json\/wp\/v2\/posts"}],"about":[{"href":"https:\/\/www.europesays.com\/es\/wp-json\/wp\/v2\/types\/post"}],"author":[{"embeddable":true,"href":"https:\/\/www.europesays.com\/es\/wp-json\/wp\/v2\/users\/2"}],"replies":[{"embeddable":true,"href":"https:\/\/www.europesays.com\/es\/wp-json\/wp\/v2\/comments?post=175519"}],"version-history":[{"count":0,"href":"https:\/\/www.europesays.com\/es\/wp-json\/wp\/v2\/posts\/175519\/revisions"}],"wp:featuredmedia":[{"embeddable":true,"href":"https:\/\/www.europesays.com\/es\/wp-json\/wp\/v2\/media\/175520"}],"wp:attachment":[{"href":"https:\/\/www.europesays.com\/es\/wp-json\/wp\/v2\/media?parent=175519"}],"wp:term":[{"taxonomy":"category","embeddable":true,"href":"https:\/\/www.europesays.com\/es\/wp-json\/wp\/v2\/categories?post=175519"},{"taxonomy":"post_tag","embeddable":true,"href":"https:\/\/www.europesays.com\/es\/wp-json\/wp\/v2\/tags?post=175519"}],"curies":[{"name":"wp","href":"https:\/\/api.w.org\/{rel}","templated":true}]}}