{"id":175521,"date":"2025-10-14T06:07:15","date_gmt":"2025-10-14T06:07:15","guid":{"rendered":"https:\/\/www.europesays.com\/es\/175521\/"},"modified":"2025-10-14T06:07:15","modified_gmt":"2025-10-14T06:07:15","slug":"alimerka-oviedo-baloncesto-primera-feb","status":"publish","type":"post","link":"https:\/\/www.europesays.com\/es\/175521\/","title":{"rendered":"ALIMERKA OVIEDO BALONCESTO PRIMERA FEB"},"content":{"rendered":"<p class=\"ft-text ft-helper-closenews\"><a class=\"ft-link ft-link--decoration\" href=\"https:\/\/www.lne.es\/deportes\/deporte-astur\/2025\/10\/12\/cambio-cromos-alimerka-oviedo-baloncesto-122540142.html\" rel=\"nofollow noopener\" target=\"_blank\">Marques Townes se acaba de incorporar al Alimerka Oviedo Baloncesto<\/a> y, si no hay nuevos contratiempos,<strong> debutar\u00e1 el s\u00e1bado (19:00 horas) ante el Tizona Burgos en el regreso del equipo asturiano al Palacio de los Deportes.<\/strong> La entidad espera que con el ex de UCAM, entre otros, se ponga fin a <strong>una serie de golpes de mala fortuna que le han condicionado en un inicio de Liga en Primera FEB<\/strong> en el que encadena tres derrotas en las tres jornadas disputadas.<\/p>\n<p><img decoding=\"async\" src=\"https:\/\/www.europesays.com\/es\/wp-content\/uploads\/2025\/10\/3844810c-1979-4cfd-9761-9ac2bdbe2704_alta-libre-aspect-ratio_default_0.jpg\" width=\"1200\" height=\"1327\" alt=\"El Alimerka Oviedo espera que Townes sea el definitivo\" class=\"ft-helper-img-rd\" loading=\"lazy\" hasdataaida=\"true\"\/><\/p>\n<p class=\"ft-helper-fontColor-quaternary ft-helper-fontSize-body-S ft-helper-spacer-t-xxs\">Steven Verplancken  \/ Juli\u00e1n Rus <\/p>\n<p>La salida de Verplancken<\/p>\n<p class=\"ft-text\"><strong>El estadounidense, con pasaporte dominicano, es ya el tercer intento de sustituir a Steven Verplancken<\/strong>, jugador que el OCB fich\u00f3 la pasada temporada y al que firm\u00f3 tambi\u00e9n para la presente campa\u00f1a, pero que <a class=\"ft-link ft-link--decoration\" href=\"https:\/\/www.lne.es\/deportes\/deporte-astur\/2025\/07\/25\/viernes-movido-alimerka-oviedo-baloncesto-120061971.html\" rel=\"nofollow noopener\" target=\"_blank\">acab\u00f3 rescindiendo y march\u00e1ndose a un equipo de la segunda francesa<\/a>. <strong>Verplancken, que rindi\u00f3 a un gran nivel en su etapa en Oviedo<\/strong>, deb\u00eda haber sido un jugador importante para el conjunto asturiano, ocupando los puestos de base y escolta.<\/p>\n<p><img decoding=\"async\" src=\"https:\/\/www.europesays.com\/es\/wp-content\/uploads\/2025\/10\/e706dd3d-2e90-4ac2-a534-64ff8e358fef_alta-libre-aspect-ratio_default_0.jpg\" width=\"1200\" height=\"1327\" alt=\"El Alimerka Oviedo espera que Townes sea el definitivo\" class=\"ft-helper-img-rd\" loading=\"lazy\" hasdataaida=\"true\"\/><\/p>\n<p class=\"ft-helper-fontColor-quaternary ft-helper-fontSize-body-S ft-helper-spacer-t-xxs\">Brycen Goodine  \/ LNE<\/p>\n<p>La ilusi\u00f3n de Brycen Goodine<\/p>\n<p class=\"ft-text\">El equipo de Oviedo encontr\u00f3 una buena soluci\u00f3n a este primer contratiempo con<a class=\"ft-link ft-link--decoration\" href=\"https:\/\/www.lne.es\/deportes\/deporte-astur\/2025\/08\/14\/brycen-goodine-tirador-letal-alimerka-120618984.html\" rel=\"nofollow noopener\" target=\"_blank\"> Brycen Goodine<\/a>. <strong>El estadounidense llegaba con bastante cach\u00e9 de la liga universitaria de Estados Unidos y en lo poco que se le pudo ver con el equipo de Javi Rodr\u00edguez demostr\u00f3 que iba sobrado de talento y de conocimiento del juego<\/strong>. Pero la historia con Goodine empez\u00f3 mal, cuando asuntos personales retrasaron su incorporaci\u00f3n al equipo, y <a class=\"ft-link ft-link--decoration\" href=\"https:\/\/www.lne.es\/deportes\/deporte-astur\/2025\/09\/13\/alimerka-oviedo-baloncesto-lleva-duro-121531588.html\" rel=\"nofollow noopener\" target=\"_blank\">acab\u00f3 de la misma manera, cuando esos mismos asuntos le obligaron a volver a su pa\u00eds despu\u00e9s de haberse incorporado al equipo<\/a> y poco antes del inicio de la Liga en <strong>Primera FEB<\/strong>. <strong>La afici\u00f3n se qued\u00f3 con los dientes largos despu\u00e9s de verle anotar 34 puntos en el amistoso ante el Alega Cantabria. <\/strong><\/p>\n<p><img decoding=\"async\" src=\"https:\/\/www.europesays.com\/es\/wp-content\/uploads\/2025\/10\/26f7173d-e85d-4a39-ba16-d14e2d2f670b_alta-libre-aspect-ratio_default_0.jpg\" width=\"1200\" height=\"1327\" alt=\"El Alimerka Oviedo espera que Townes sea el definitivo\" class=\"ft-helper-img-rd\" loading=\"lazy\" hasdataaida=\"true\"\/><\/p>\n<p class=\"ft-helper-fontColor-quaternary ft-helper-fontSize-body-S ft-helper-spacer-t-xxs\">London Johnson  \/ LNE<\/p>\n<p> London Johnson ni llega a debutar <\/p>\n<p class=\"ft-text\">Tras la marcha de Brycen Goodine, <strong>el Alimerka sigui\u00f3 peinando el mercado y buscando la mejor soluci\u00f3n para cubrir esa posici\u00f3n, con la idea de que llegara un jugador que pudiera alternar las posiciones de base y escolta<\/strong>, siempre pensando en jugadores polivalentes. <a class=\"ft-link ft-link--decoration\" href=\"https:\/\/www.lne.es\/deportes\/deporte-astur\/2025\/09\/22\/london-johnson-polvora-jamaicana-sustituir-121848103.html\" rel=\"nofollow noopener\" target=\"_blank\">El elegido fue London Johnson, otro estadounidense, en este caso tambi\u00e9n con pasaporte jamaicano<\/a>, que ven\u00eda de jugar en la liga de desarrollo de la NBA.<a class=\"ft-link ft-link--decoration\" href=\"https:\/\/www.lne.es\/deportes\/deporte-astur\/2025\/09\/26\/alimerka-oviedo-estrena-palacio-deportes-122004065.html\" rel=\"nofollow noopener\" target=\"_blank\"> Indispuesto para el primer partido de liga, el del estreno en el Palacio de los Deportes ante el Estudiantes<\/a>, tampoco pudo debutar en los dos siguientes por lesi\u00f3n. <strong>Johnson hab\u00eda firmado para un par de meses, por lo que las dos partes llegaron a un acuerdo para romper la relaci\u00f3n y que el jugador se recuperara en casa. <\/strong><\/p>\n<p>Una plantilla que se ha quedado corta <\/p>\n<p class=\"ft-text\">A todo ello se le han sumado otras circunstancias, como <strong>la ausencia de<\/strong><a class=\"ft-link ft-link--decoration\" href=\"https:\/\/www.lne.es\/deportes\/deporte-astur\/2025\/07\/05\/primer-fichaje-alimerka-oviedo-baloncesto-119396381.html\" rel=\"nofollow noopener\" target=\"_blank\"> Pablo Longarela<\/a>. El madrile\u00f1o, que la pasada temporada estuvo sin jugar por una lesi\u00f3n de rodilla, a\u00fan no est\u00e1 recuperado del todo. <strong>El no haber podido cerrar el \u00faltimo fichaje y la baja de Longarela dejaron al OCB con nueve jugadores del primer equipo.<\/strong> Una cifra que puede ser suficiente de manera temporal siempre y cuando no haya m\u00e1s lesiones. <strong>Pero las hubo. <\/strong><\/p>\n<p>Las lesiones, en el peor momento <\/p>\n<p class=\"ft-text\"><a class=\"ft-link ft-link--decoration\" href=\"https:\/\/www.lne.es\/deportes\/deporte-astur\/2025\/07\/02\/robert-cosialls-pilar-proximo-proyecto-119294507.html\" rel=\"nofollow noopener\" target=\"_blank\">Primero fue Cosialls<\/a>, que no pudo estar en el partido ante<strong> el Estudiantes; despu\u00e9s Dan Duscak, que sali\u00f3 cojeando del encuentro ante el Leyma Coru\u00f1a y jug\u00f3 tocado ante el Caesa Cartagena, a pesar de lo cual hizo un gran partido; y, por \u00faltimo, Fede Copes<\/strong>, que se torci\u00f3 el tobillo en un entrenamiento y que jug\u00f3 tambi\u00e9n tocado en Cartagena. <strong>Un mont\u00f3n de problemas que han hecho que al dif\u00edcil inicio de curso que el OCB<\/strong> ten\u00eda por los rivales a los que se med\u00eda (las dos primeras jornadas eran ante Estudiantes y Leyma, dos de los candidatos al ascenso) se le haya sumado la inestabilidad en una plantilla que se espera que con <strong>Marques Townes quede por fin cerrada.<\/strong><\/p>\n<p data-close=\"closedContent\" class=\"subscribeHideForDisplay\">Suscr\u00edbete para seguir leyendo<\/p>\n","protected":false},"excerpt":{"rendered":"Marques Townes se acaba de incorporar al Alimerka Oviedo Baloncesto y, si no hay nuevos contratiempos, debutar\u00e1 el&hellip;\n","protected":false},"author":2,"featured_media":175522,"comment_status":"","ping_status":"","sticky":false,"template":"","format":"standard","meta":{"footnotes":""},"categories":[269],"tags":[1795,12232,299,298,168,25,24,4351,9486,2918,1796,23,167,50407],"class_list":{"0":"post-175521","1":"post","2":"type-post","3":"status-publish","4":"format-standard","5":"has-post-thumbnail","7":"category-baloncesto","8":"tag-alimerka","9":"tag-asturiano","10":"tag-baloncesto","11":"tag-basketball","12":"tag-deportes","13":"tag-es","14":"tag-espana","15":"tag-espera","16":"tag-estudiantes","17":"tag-la-liga","18":"tag-oviedo","19":"tag-spain","20":"tag-sports","21":"tag-townes"},"share_on_mastodon":{"url":"","error":""},"_links":{"self":[{"href":"https:\/\/www.europesays.com\/es\/wp-json\/wp\/v2\/posts\/175521","targetHints":{"allow":["GET"]}}],"collection":[{"href":"https:\/\/www.europesays.com\/es\/wp-json\/wp\/v2\/posts"}],"about":[{"href":"https:\/\/www.europesays.com\/es\/wp-json\/wp\/v2\/types\/post"}],"author":[{"embeddable":true,"href":"https:\/\/www.europesays.com\/es\/wp-json\/wp\/v2\/users\/2"}],"replies":[{"embeddable":true,"href":"https:\/\/www.europesays.com\/es\/wp-json\/wp\/v2\/comments?post=175521"}],"version-history":[{"count":0,"href":"https:\/\/www.europesays.com\/es\/wp-json\/wp\/v2\/posts\/175521\/revisions"}],"wp:featuredmedia":[{"embeddable":true,"href":"https:\/\/www.europesays.com\/es\/wp-json\/wp\/v2\/media\/175522"}],"wp:attachment":[{"href":"https:\/\/www.europesays.com\/es\/wp-json\/wp\/v2\/media?parent=175521"}],"wp:term":[{"taxonomy":"category","embeddable":true,"href":"https:\/\/www.europesays.com\/es\/wp-json\/wp\/v2\/categories?post=175521"},{"taxonomy":"post_tag","embeddable":true,"href":"https:\/\/www.europesays.com\/es\/wp-json\/wp\/v2\/tags?post=175521"}],"curies":[{"name":"wp","href":"https:\/\/api.w.org\/{rel}","templated":true}]}}