{"id":175529,"date":"2025-10-14T06:13:07","date_gmt":"2025-10-14T06:13:07","guid":{"rendered":"https:\/\/www.europesays.com\/es\/175529\/"},"modified":"2025-10-14T06:13:07","modified_gmt":"2025-10-14T06:13:07","slug":"somos-estrellas-de-rock-a-tiempo-parcial-y-eso-nos-sirve-para-desconectar-y-volver-al-mundo-estandar","status":"publish","type":"post","link":"https:\/\/www.europesays.com\/es\/175529\/","title":{"rendered":"Somos estrellas de rock a tiempo parcial y eso nos sirve para desconectar y volver al mundo est\u00e1ndar"},"content":{"rendered":"<p class=\"c-paragraph\">\u00abAbrazo\u00bb, \u00abCompa\u00f1\u00eda\u00bb, \u00abAmistad\u00bb y \u00abAtemporalidad\u00bb son los t\u00e9rminos que emplean Santi Balmes,\u00a0Juli\u00e1n Saldarriaga,\u00a0Jordi Roig y Oriol Bonet, respectivamente, para resumir en una sola palabra qu\u00e9 siginifica para ellos <a href=\"https:\/\/www.20minutos.es\/tags\/instituciones-empresas\/love-of-lesbian.html\" title=\"Love of Lesbian\" rel=\"nofollow noopener\" target=\"_blank\">Love of Lesbian<\/a> despu\u00e9s<b> <\/b>de <b>m\u00e1s de dos d\u00e9cadas juntos<\/b>.\u00a0Ej\u00e9rcito de salvaci\u00f3n (2024)\u00a0es el \u00faltimo disco que han publicado, con el que han recorrido parte de Espa\u00f1a y ahora se embarcan en una gira por Latinoam\u00e9rica. Aunque antes pasar\u00e1n por el Movistar Arena (Madrid) para cantar con sus seguidores tanto sus temas nuevos como sus cl\u00e1sicos infalibles. De esto y m\u00e1s hablamos con los artistas en <a href=\"https:\/\/www.20minutos.es\/tags\/instituciones-empresas\/20minutos.html\" title=\"20minutos\" rel=\"nofollow noopener\" target=\"_blank\">20minutos<\/a>.<\/p>\n<p class=\"c-interview__interview c-interview__question\">Ej\u00e9rcito de salvaci\u00f3n lo definen como un homenaje a esas personas que, con un gesto sencillo, nos salvan. \u00bfHay alguna experiencia concreta que les inspirara a darle ese enfoque?<\/p>\n<p class=\"c-interview__interview c-interview__answer\">SB: Ven\u00edamos de una gira y de un disco pand\u00e9mico en el cual nos dimos cuenta de que hab\u00edamos hecho m\u00e1s pi\u00f1a que nunca. Se basa quiz\u00e1s en esa sensaci\u00f3n que empez\u00f3 a recorrer el alma de la banda en el sentido de que, a las malas nos tenemos a nosotros y fue muy bonito.<\/p>\n<p class=\"c-interview__interview c-interview__question\">La amistad es uno de los puntos fuertes de este proyecto. \u00bfQu\u00e9 ser\u00eda de la sociedad sin ella?<\/p>\n<p class=\"c-interview__interview c-interview__answer\">JS: Un lugar de trabajo (risas). Creo que es un v\u00ednculo muy bonito en el sentido de que nadie te est\u00e1 obligando a tener un contrato como a lo mejor sucede con los matrimonios. Es un tipo de amor que va m\u00e1s sujeto a la libertad de decir &#8216;bueno, pues nos queremos con las taras&#8217;, por suerte no compartimos vivienda ni hijos. Es un v\u00ednculo fuerte que se curte y solidifica al cabo de los a\u00f1os con los buenos momentos, pero tambi\u00e9n con las tormentas, ya que te das cuenta de que te podr\u00edas haber ido o el otro se podr\u00eda haber ido y todav\u00eda est\u00e1 ah\u00ed manteniendo y cuidando.\u00a0<\/p>\n<p class=\"c-interview__interview c-interview__question\">Es un disco que tambi\u00e9n invita a reflexionar. \u00bfC\u00f3mo se encuentra el punto de inflexi\u00f3n a la hora de componer sobre diferentes aspectos vitales?<\/p>\n<p class=\"c-interview__interview c-interview__answer\">SB: Generalmente no me doy cuenta hasta despu\u00e9s el hecho de haber estado rondando en un mismo concepto desde diferentes \u00e1ngulos. Se habla, por ejemplo, de Ej\u00e9rcito de salvaci\u00f3n, que es como hablar de tu pareja, pero en t\u00e9rminos de amistad despu\u00e9s de tantos a\u00f1os; en La Hermandad,\u00a0de la amistad como una celebraci\u00f3n y en Una Conversaci\u00f3n Pendiente, de esas que tienes con amigos con los cuales al igual no has acabado muy bien. Creo que le da la vuelta al concepto de amistad desde diversos puntos, pero esto es una explicaci\u00f3n a posteriori. Al principio te dejas llevar por lo que sientes en cada temporada de tu vida y luego te das cuenta de que hay unos temas que obsesivos han ido apareciendo en las canciones.<\/p>\n<blockquote class=\"c-phrase__blockquote\"><p>\u00abSe habla de tanta comunicaci\u00f3n en el mundo que quiz\u00e1s est\u00e1 un poco sobredimensionada y tambi\u00e9n hay que saber usar los silencios\u00bb<\/p><\/blockquote>\n<p class=\"c-interview__interview c-interview__question\">Precisamente en Una conversaci\u00f3n pendiente cantan: &#8216;Habr\u00e1 que arriesgarse y ser m\u00e1s valientes&#8217;. \u00bfLo aplican en su d\u00eda a d\u00eda?<\/p>\n<p class=\"c-interview__interview c-interview__answer\">SB: No, una cosa es la canci\u00f3n, que es un deseo que entra dentro del mundo del ideal de c\u00f3mo deber\u00edan ir las cosas, y otra es el realismo de lo que es el hacer esa llamada porque puede que incluso sea peor. Puede que quedes con ese amigo y te suelte un cami\u00f3n de de tritus mucho m\u00e1s grande y t\u00fa a \u00e9l que el que te esperabas. Se habla de tanta comunicaci\u00f3n en el mundo que quiz\u00e1s est\u00e1 un poco sobredimensionada y tambi\u00e9n hay que saber usar los silencios.<\/p>\n<p class=\"c-interview__interview c-interview__question\">En un mundo tan acelerado como en el que vivimos, \u00bfqu\u00e9 hace Love of Lesbian para desconectar?<\/p>\n<p class=\"c-interview__interview c-interview__answer\">JR:\u00a0Salimos del concierto, volvemos a casa y tenemos una vida muy dual. Como decimos entre nosotros, &#8216;somos estrellas del rock a tiempo parcial&#8217; y eso nos sirve para desconectar de formar parte de una banda y volver al mundo est\u00e1ndar para cargar pilas de cara al siguiente fin de semana, gira o viaje. Es un equilibrio que que nos sirve a todos. Cuando ves que uno de los dos se descompensa, el otro te sirve para encontrar las soluciones que tienes en el lado opuesto.<\/p>\n<p class=\"c-interview__interview c-interview__question\">Con este disco tambi\u00e9n celebran 25 a\u00f1os en la industria. \u00bfHan tenido su propio ej\u00e9rcito de salvaci\u00f3n?<\/p>\n<p class=\"c-interview__interview c-interview__answer\">UB: Lo somos entre nosotros, pero tambi\u00e9n lo ha sido muchas veces un encuentro con un m\u00fasico amigo o compartir escenarios con amigos a los cuales admiramos. El celebrar esa amistad es nuestro propio ej\u00e9rcito de salvaci\u00f3n.<\/p>\n<p class=\"c-interview__interview c-interview__question\">Despu\u00e9s de tantos discos, \u00bfhay alguna canci\u00f3n del repertorio que haya cobrado un significado nuevo?<\/p>\n<p class=\"c-interview__interview c-interview__answer\">SB: Quiz\u00e1s \u00faltimamente el contexto de Ah\u00ed donde sol\u00edamos gritar, que era un m\u00e1s personal, \u00edntimo, se est\u00e1 trasladando al tema pol\u00edtico. Ahora la estoy cantando como un desahogo a toda la frustraci\u00f3n que tengo al ver quelas muertes de los seres humanos no valen absolutamente de nada.<\/p>\n<p class=\"c-interview__interview c-interview__question\">Son un grupo de festivales, pero han tomado la decisi\u00f3n de desvincularse de aquellos que tengan fondos ligados a KKR. Al tener tanta visibilidad y ver que muchos artistas evitan hablar del tema, \u00bfqu\u00e9 les mueve a no callar?<\/p>\n<p class=\"c-interview__interview c-interview__answer\">SB: Quiz\u00e1s es que ya tenemos una edad en la que no nos importa demasiado, en la que dices &#8216;qu\u00e9 m\u00e1s da&#8217;. Porque quiz\u00e1s miras a un futuro o hacia atr\u00e1s y piensas que podr\u00edas haber hecho algo.\u00a0<br \/>JR: Es un gesto pr\u00e1cticamente emocional. El hecho de saber que algo est\u00e1 pasando ah\u00ed, este v\u00ednculo de KKR. Nosotros hemos hecho este verano festivales, pero te vas a dormir y hay algo dentro de ti que dices &#8216;algo est\u00e1 pasando que no estamos haciendo bien\u2019. No es ning\u00fan gesto que pretenda aleccionar a nadie ni que pretenda ser cabeza visible de nada. Simplemente un granito de arena, una voz para lo que est\u00e1 sucediendo. Hoy en d\u00eda tendemos a blanquear y naturalizar enseguida las desgracias, nos acostumbramos demasiado r\u00e1pido al sufrimiento ajeno y hay que hacer todo lo que sea por intentar evitarlo.<\/p>\n<blockquote class=\"c-phrase__blockquote\"><p>\u00abTendemos a blanquear y naturalizar enseguida las desgracias, nos acostumbramos demasiado r\u00e1pido al sufrimiento ajeno y hay que hacer todo lo que sea por intentar evitarlo\u00bb<\/p><\/blockquote>\n<p class=\"c-interview__interview c-interview__question\">\u00bfQu\u00e9 papel juega la m\u00fasica en un contexto social y pol\u00edtico tan convulso?<\/p>\n<p class=\"c-interview__interview c-interview__answer\">SB: Es complicado porque, como dec\u00eda Jordi, no pretendemos aleccionar ni mucho menos. Siempre ha habido bandas que nunca se han pronunciado y otras que se han pronunciado much\u00edsimo. Creo que est\u00e1 a la orden del d\u00eda de que se nos presupone que nuestro trabajo es muy emocional y a partir de aqu\u00ed es complicado hacer seg\u00fan qu\u00e9 cosas cuando no est\u00e1s convencido al 100%. No somos expertos en geopol\u00edtica, cuando nos dicen, por ejemplo, &#8216;es que estaba habiendo una cat\u00e1strofe tambi\u00e9n en Sud\u00e1n&#8217; o donde sea y no te llega. Lo \u00fanico que nosotros ten\u00edamos claro es que hab\u00eda una empresa que, aparte de varios negocios que tiene, est\u00e1 casi montando una real state en lo que ser\u00eda un terreno que est\u00e1 lleno de muertos y que seguramente habr\u00e1 muchos que no se podr\u00e1n desenterrar jam\u00e1s. A partir de aqu\u00ed nos causa a nosotros un conflicto que nos ha hecho cierto cierto da\u00f1o emocional y somos personas que tenemos que estar al 100% en las cosas en las que estamos implicados y hemos optado por esta decisi\u00f3n. Es algo que trascend\u00eda m\u00e1s all\u00e1.<\/p>\n<p class=\"c-interview__interview c-interview__question\">Al ser una banda con un largo recorrido, \u00bfles asusta que haya un final?\u00a0<\/p>\n<p class=\"c-interview__interview c-interview__answer\">JS: Es algo contra lo que no puedes luchar. Todo tiene un final: una pila, una c\u00e1mara, nuestras vidas, las trayectorias de las bandas\u2026 A no ser que se demuestre lo contrario, la \u00fanica banda eterna van a ser los Rolling Stones, que van a sacar un disco el a\u00f1o que viene. Es cierto que durante un tiempo algunos vivimos con cierta ansiedad la posibilidad de que no existiese el grupo porque sabes que es un oficio cambiante, que no est\u00e1 sujeto a tus decisiones, no sabes si un disco va a gustar o no, si el p\u00fablico le va a dar le dar la espalda, si van a salir los conciertos, si viene una pandemia y est\u00e1s a\u00f1os sin poder trabajar ni facturar\u2026 es todo un poco aleatorio. Esa ansiedad no nos dejaba disfrutar del presente. Entonces, creo que todos hicimos un click y pusimos el piloto autom\u00e1tico para ver hacia donde iba todo esto y poder estar vagando del camino, porque si no es una idea que se instala en tu cabeza y no te deja.<\/p>\n<p class=\"c-interview__interview c-interview__question\"><b>\u00bfC\u00f3mo perciben el relevo de la nueva oleada de bandas indie?<\/b><\/p>\n<p class=\"c-interview__interview c-interview__answer\">SB: Bien, hay muchas. Creo que en cada oleada se duplica el fen\u00f3meno: despu\u00e9s de Planetas tomamos el relevo nosotros, Vestusta Morla, Lori Mayers, Sidonie, Supersubmarina&#8230; De repente lleg\u00f3 Izal y ahora han entrado todas estas bandas que son como una multiplicaci\u00f3n. Para los programadores est\u00e1 muy bien porque hay menos posibilidades de repetir un cartel (risas). Hay muchas y valen la pena.<br \/>JS: Yo lo \u00fanico que siento sobre las nuevas generaciones es una profunda rabia conque tengan un nombre mejor que el nuestro (risas). Todas tienen un nombre de banda mucho mejor que Love of Lesbian.<\/p>\n<blockquote class=\"c-phrase__blockquote\"><p>\u00abDurante un tiempo algunos vivimos con cierta ansiedad la posibilidad de que no existiese el grupo porque sabes que es un oficio cambiante, y era algo que no nos dejaba disfrutar del presente\u00bb<\/p><\/blockquote>\n<p class=\"c-interview__interview c-interview__question\">\u00bfC\u00f3mo se hubieran llamado si no fuera Love of Lesbian?<\/p>\n<p class=\"c-interview__interview c-interview__answer\">JS: Santi ten\u00eda otro nombre.\u00a0<br \/>SB: S\u00ed, Caf\u00e9 y Cigarro.<br \/>JS: O Antigua y Barbuda.<br \/>SB: No tengo ninguna buena idea (risas).<\/p>\n<p class=\"c-interview__interview c-interview__question\">Tienen una cita muy especial el 1 de noviembre en el Movistar Arena. \u00bfC\u00f3mo se prepara un setlist con tantos temas a las espaldas?<\/p>\n<p class=\"c-interview__interview c-interview__answer\">SB: Cada uno de nosotros lleva a su abogado en la reuni\u00f3n del repertorio porque cada uno tiene sus particulares canciones preferidas (risas).<br \/>JS: En el caso de este 1 de noviembre en Madrid es m\u00e1s que un concierto de fin de gira, porque el a\u00f1o que viene continuaremos. Tiene un punto de de abrazar el pasado; vamos a hacer un repertorio largo, seguramente tocaremos seis o siete canciones del \u00faltimo disco, pero estas semanas estamos discutiendo repertorio, rescatando algunas canciones que vienen de discos anteriores que no sol\u00edamos tocar; las estamos poniendo al lado de las nuevas para ver c\u00f3mo quedan. Va a ser un repertorio de cierta nostalgia combinada con la frescura de las actuales. Tambi\u00e9n van a venir invitados y amistades de carrera que van a enriquecer el concierto y darle un cierto aire de novedad con su voz.<\/p>\n<p class=\"c-interview__interview c-interview__question\"><b> \u00bfQu\u00e9 esperan por parte de sus fans?<\/b><\/p>\n<p class=\"c-interview__interview c-interview__answer\">JS: El p\u00fablico ha recibido este \u00faltimo disco con mucha rapidez. Antes las canciones tardaban m\u00e1s tiempo en el calar y estas desde los primeros conciertos ya estaban en la vibra. Eso nos ha permitido disfrutarlo desde el primer d\u00eda y por ese motivo creo que estamos rescatando tambi\u00e9n algunas canciones viejas. Lo que esperamos es que se agote las entradas.<\/p>\n","protected":false},"excerpt":{"rendered":"\u00abAbrazo\u00bb, \u00abCompa\u00f1\u00eda\u00bb, \u00abAmistad\u00bb y \u00abAtemporalidad\u00bb son los t\u00e9rminos que emplean Santi Balmes,\u00a0Juli\u00e1n Saldarriaga,\u00a0Jordi Roig y Oriol Bonet, respectivamente,&hellip;\n","protected":false},"author":2,"featured_media":175530,"comment_status":"","ping_status":"","sticky":false,"template":"","format":"standard","meta":{"footnotes":""},"categories":[170],"tags":[208,146,147,2958,25,24,1236,50409,50408,184,185,23],"class_list":{"0":"post-175529","1":"post","2":"type-post","3":"status-publish","4":"format-standard","5":"has-post-thumbnail","7":"category-musica","8":"tag-conciertos","9":"tag-entertainment","10":"tag-entretenimiento","11":"tag-entrevistas","12":"tag-es","13":"tag-espana","14":"tag-gira","15":"tag-latinoamercia","16":"tag-love-of-lesbian","17":"tag-music","18":"tag-musica","19":"tag-spain"},"share_on_mastodon":{"url":"","error":""},"_links":{"self":[{"href":"https:\/\/www.europesays.com\/es\/wp-json\/wp\/v2\/posts\/175529","targetHints":{"allow":["GET"]}}],"collection":[{"href":"https:\/\/www.europesays.com\/es\/wp-json\/wp\/v2\/posts"}],"about":[{"href":"https:\/\/www.europesays.com\/es\/wp-json\/wp\/v2\/types\/post"}],"author":[{"embeddable":true,"href":"https:\/\/www.europesays.com\/es\/wp-json\/wp\/v2\/users\/2"}],"replies":[{"embeddable":true,"href":"https:\/\/www.europesays.com\/es\/wp-json\/wp\/v2\/comments?post=175529"}],"version-history":[{"count":0,"href":"https:\/\/www.europesays.com\/es\/wp-json\/wp\/v2\/posts\/175529\/revisions"}],"wp:featuredmedia":[{"embeddable":true,"href":"https:\/\/www.europesays.com\/es\/wp-json\/wp\/v2\/media\/175530"}],"wp:attachment":[{"href":"https:\/\/www.europesays.com\/es\/wp-json\/wp\/v2\/media?parent=175529"}],"wp:term":[{"taxonomy":"category","embeddable":true,"href":"https:\/\/www.europesays.com\/es\/wp-json\/wp\/v2\/categories?post=175529"},{"taxonomy":"post_tag","embeddable":true,"href":"https:\/\/www.europesays.com\/es\/wp-json\/wp\/v2\/tags?post=175529"}],"curies":[{"name":"wp","href":"https:\/\/api.w.org\/{rel}","templated":true}]}}