{"id":17553,"date":"2025-08-01T01:54:11","date_gmt":"2025-08-01T01:54:11","guid":{"rendered":"https:\/\/www.europesays.com\/es\/17553\/"},"modified":"2025-08-01T01:54:11","modified_gmt":"2025-08-01T01:54:11","slug":"netflix-desvela-los-primeros-detalles-de-la-temporada-2-de-el-problema-de-los-tres-cuerpos-y-a-sus-nuevas-actrices","status":"publish","type":"post","link":"https:\/\/www.europesays.com\/es\/17553\/","title":{"rendered":"Netflix desvela los primeros detalles de la temporada 2 de &#8216;El problema de los tres cuerpos&#8217; y a sus nuevas actrices"},"content":{"rendered":"<p class=\"article-text\">\n        <strong>Netflix<\/strong> comienza a revelar novedades sobre la segunda temporada de <strong>El problema de los 3 cuerpos<\/strong>, la adaptaci\u00f3n de la trilog\u00eda El recuerdo del pasado en la Tierra del escritor chino <strong>Liu Cixin<\/strong>, tras varios meses sin noticias sobre la serie.\n    <\/p>\n<p>    <a href=\"https:\/\/www.eldiario.es\/series\/netflix-anuncia-protagonistas-monstruos-temporada-4-exito-hermanos-menendez_1_12500326.html\" data-mrf-recirculation=\"saber-mas\" data-dl-event=\"saber-mas\" rel=\"nofollow noopener\" target=\"_blank\"><\/p>\n<p class=\"know-more__title\">Netflix anuncia a las protagonistas de &#8216;Monstruos&#8217; en su temporada 4 tras el \u00e9xito con los hermanos Men\u00e9ndez<\/p>\n<p>            <img decoding=\"async\" class=\"lazy\" loading=\"lazy\" data-src=\"https:\/\/static.eldiario.es\/clip\/c1181abd-3aae-4820-8612-bbfd4c8551ce_16-9-aspect-ratio_default_0.jpg\" src=\"data:image\/svg+xml,%3Csvg xmlns=\" http:=\"\" viewbox=\"0 0 880 495\" alt=\"Netflix anuncia a las protagonistas de 'Monstruos' en su temporada 4 tras el \u00e9xito con los hermanos Men\u00e9ndez\"\/><\/p>\n<p>                        <\/a><\/p>\n<p class=\"article-text\">\n        La plataforma ha anunciado la incorporaci\u00f3n de <strong>Claudia Doumit<\/strong> (The Boys) y <strong>Ellie De Lange<\/strong> (Wolf Hall: El trueno en el reino), quienes interpretar\u00e1n a <strong>personajes recurrentes<\/strong> en los nuevos episodios, seg\u00fan <a href=\"https:\/\/www.netflix.com\/tudum\/articles\/3-body-problem-season-2-cast\" target=\"_blank\" data-mrf-recirculation=\"links-noticia\" class=\"link\" rel=\"nofollow noopener\">Tudum<\/a>. Doumit dar\u00e1 vida a <strong>la capitana Van Rijn,<\/strong> mientras que <strong>De Lange<\/strong> se pondr\u00e1 en la piel de <strong>Ayla<\/strong>.\n    <\/p>\n<p class=\"article-text\">\n        Aunque la producci\u00f3n sigue en marcha, Netflix<strong> no ha confirmado a\u00fan la fecha de estreno<\/strong> de la segunda temporada de la serie. Las recientes incorporaciones al reparto suponen el primer avance que se hace p\u00fablico de esta segunda temporada , desde que anunciaran la renovaci\u00f3n en mayo.\n    <\/p>\n<p>            <img decoding=\"async\" class=\"lazy\" loading=\"lazy\" data-src=\"https:\/\/static.eldiario.es\/clip\/6e379c0d-be7a-486a-87ac-9a100782b1af_16-9-discover-aspect-ratio_default_0.jpg\" src=\"data:image\/svg+xml,%3Csvg xmlns=\" http:=\"\" viewbox=\"0 0 1200 675\" alt=\"Claudia Doumit en 'The Boys' y Ellie De Lange en 'Wolf Hall'\"\/><\/p>\n<p class=\"article-text\">\n        Antes del estreno de la primera temporada, los creadores <strong>D.B. Weiss, David Benioff<\/strong> y<strong> Alexander Woo<\/strong> adelantaron que la segunda entrega cubrir\u00eda el segundo libro de la trilog\u00eda de Liu Cixin, mientras que la historia del tercer volumen podr\u00eda requerir <strong>\u201cuna temporada o dos\u201d<\/strong> para desarrollarse en su totalidad.\n    <\/p>\n<p>    <a href=\"https:\/\/www.eldiario.es\/vertele\/noticias\/cristina-villanueva-deja-lasexta-19-anos-rostros-principales-informativos_1_12506155.html\" data-mrf-recirculation=\"saber-mas-abajo\" data-dl-event=\"saber-mas-abajo\" rel=\"nofollow noopener\" target=\"_blank\"><\/p>\n<p class=\"know-more__title\">Cristina Villanueva deja laSexta tras 19 a\u00f1os como uno de los rostros principales de sus informativos<\/p>\n<p>            <img decoding=\"async\" class=\"lazy\" loading=\"lazy\" data-src=\"https:\/\/static.eldiario.es\/clip\/f35e9c75-9e4f-4a00-b753-a8a33a4641ff_16-9-aspect-ratio_default_0.jpg\" src=\"data:image\/svg+xml,%3Csvg xmlns=\" http:=\"\" viewbox=\"0 0 880 495\" alt=\"Cristina Villanueva deja laSexta tras 19 a\u00f1os como uno de los rostros principales de sus informativos\"\/><\/p>\n<p>                        <\/a><\/p>\n<p class=\"article-text\">\n        Estrenada en marzo de 2024, El problema de los 3 cuerpos lleg\u00f3 a Netflix como una de sus mayores apuestas de ciencia ficci\u00f3n. La serie se convirti\u00f3 adem\u00e1s en una de las producciones <strong>m\u00e1s costosas de la historia de la plataforma<\/strong>, con un presupuesto que supera los 20 millones de d\u00f3lares por episodio. Esta cifra no contempla ni la compra de los derechos de adaptaci\u00f3n ni los gastos de marketing, que elevan a\u00fan m\u00e1s la inversi\u00f3n del proyecto.\n    <\/p>\n","protected":false},"excerpt":{"rendered":"Netflix comienza a revelar novedades sobre la segunda temporada de El problema de los 3 cuerpos, la adaptaci\u00f3n&hellip;\n","protected":false},"author":2,"featured_media":17554,"comment_status":"","ping_status":"","sticky":false,"template":"","format":"standard","meta":{"footnotes":""},"categories":[171],"tags":[10903,1015,11236,4083,7510,146,147,25,24,152,2860,566,9632,23,1152,603,214],"class_list":{"0":"post-17553","1":"post","2":"type-post","3":"status-publish","4":"format-standard","5":"has-post-thumbnail","7":"category-tv","8":"tag-10903","9":"tag-actrices","10":"tag-cuerpos","11":"tag-desvela","12":"tag-detalles","13":"tag-entertainment","14":"tag-entretenimiento","15":"tag-es","16":"tag-espana","17":"tag-netflix","18":"tag-nuevas","19":"tag-primeros","20":"tag-problema","21":"tag-spain","22":"tag-temporada","23":"tag-tres","24":"tag-tv"},"share_on_mastodon":{"url":"","error":""},"_links":{"self":[{"href":"https:\/\/www.europesays.com\/es\/wp-json\/wp\/v2\/posts\/17553","targetHints":{"allow":["GET"]}}],"collection":[{"href":"https:\/\/www.europesays.com\/es\/wp-json\/wp\/v2\/posts"}],"about":[{"href":"https:\/\/www.europesays.com\/es\/wp-json\/wp\/v2\/types\/post"}],"author":[{"embeddable":true,"href":"https:\/\/www.europesays.com\/es\/wp-json\/wp\/v2\/users\/2"}],"replies":[{"embeddable":true,"href":"https:\/\/www.europesays.com\/es\/wp-json\/wp\/v2\/comments?post=17553"}],"version-history":[{"count":0,"href":"https:\/\/www.europesays.com\/es\/wp-json\/wp\/v2\/posts\/17553\/revisions"}],"wp:featuredmedia":[{"embeddable":true,"href":"https:\/\/www.europesays.com\/es\/wp-json\/wp\/v2\/media\/17554"}],"wp:attachment":[{"href":"https:\/\/www.europesays.com\/es\/wp-json\/wp\/v2\/media?parent=17553"}],"wp:term":[{"taxonomy":"category","embeddable":true,"href":"https:\/\/www.europesays.com\/es\/wp-json\/wp\/v2\/categories?post=17553"},{"taxonomy":"post_tag","embeddable":true,"href":"https:\/\/www.europesays.com\/es\/wp-json\/wp\/v2\/tags?post=17553"}],"curies":[{"name":"wp","href":"https:\/\/api.w.org\/{rel}","templated":true}]}}