{"id":175547,"date":"2025-10-14T06:23:07","date_gmt":"2025-10-14T06:23:07","guid":{"rendered":"https:\/\/www.europesays.com\/es\/175547\/"},"modified":"2025-10-14T06:23:07","modified_gmt":"2025-10-14T06:23:07","slug":"maria-gonzalez-y-larissa-da-silva-destacan-en-el-equipo-mas-goleador-del-arranque-liguero","status":"publish","type":"post","link":"https:\/\/www.europesays.com\/es\/175547\/","title":{"rendered":"Mar\u00eda Gonz\u00e1lez y Larissa Da Silva destacan en el equipo m\u00e1s goleador del arranque liguero"},"content":{"rendered":"<p style=\"text-align:justify;\">El Rocasa Gran Canaria est\u00e1 pisando con fuerza el acelerador en ataque en un inicio prometedor de la Liga Guerreras Iberdrola 25\/26, hasta el punto de convertirse, provisionalmente, en el equipo m\u00e1s goleador de la competici\u00f3n dom\u00e9stica.<\/p>\n<p style=\"text-align:justify;\">\u00a0<\/p>\n<p style=\"text-align:justify;\">El equipo teldense lidera la faceta ofensiva con un total de 119 goles en cuatro partidos, lo que supone una media de 29,75 goles por partido. Una cifra notable con la que superar al S\u00faper Amara Bera Bera, segundo con 116 tantos, y al KH7 Granollers, tercero, con un total de 109 dianas.<\/p>\n<p style=\"text-align:justify;\">\u00a0<\/p>\n<p style=\"text-align:justify;\"><strong>Mar\u00eda Gonz\u00e1lez, segunda y Larisa Da Silva, cuarta<\/strong><\/p>\n<p style=\"text-align:justify;\">Del frenes\u00ed goleador que est\u00e1 exhibiendo el Rocasa Gran Canaria en ataque sobresalen Mar\u00eda Gonz\u00e1lez y Larisa Da Silva. La asturiana, con 25 goles, es la segunda m\u00e1xima goleadora, a tan solo dos de la mejor de la liga, la jugadora del Zonzamas Lanzarote, Marie Louis (27), mientras que la brasile\u00f1a ocupa la cuarta plaza de la tabla con 21 goles, los mismos que Martina Capdevilla, del Granollers: \u201cEstoy muy contenta, l\u00f3gicamente, por este logro personal que, sin duda, es reflejo del gran trabajo colectivo del equipo. Si no fuese por la labor que hacen mis compa\u00f1eras, no habr\u00eda sumado tantos goles. Seguiremos luchando para meter muchos m\u00e1s, que lleguen m\u00e1s victorias y poder a\u00f1adir, como es el caso de Larissa, m\u00e1s compa\u00f1eras a este apartado del juego\u201d, declar\u00f3 Mar\u00eda Gonz\u00e1lez.<\/p>\n<p style=\"text-align:justify;\">\u00a0<\/p>\n<p style=\"text-align:justify;\">Los 46 goles que suman entre ambas jugadoras suponen casi el 40% de la producci\u00f3n total (119) de un Rocasa Gran Canaria que combina una gran capacidad ofensiva y su tradicional solidez en defensa para convertirse en un conjunto fiable y dif\u00edcil de batir.<\/p>\n<p style=\"text-align:justify;\">\u00a0<\/p>\n<p style=\"text-align:justify;\">La lateral brasile\u00f1a, Larissa da Silva, incide en la importancia del bloque sobre las individualidades, si bien no disimula su felicidad por estar en el top 5 de las mejores ca\u00f1oneras de la competici\u00f3n nacional: \u201cEs un motivo de alegr\u00eda estar en ese ranking, pero el m\u00e9rito no es solo m\u00edo, es del grupo de inmejorables compa\u00f1eras que tengo\u201d, se\u00f1al\u00f3.<\/p>\n<p style=\"text-align:justify;\">\u00a0<\/p>\n<p style=\"text-align:justify;\">Las dos artilleras afinan su punter\u00eda en los entrenamientos en el Antonio Moreno para seguir con la racha ofensiva en el partido que disputar\u00e1 el Rocasa Gran Canaria el pr\u00f3ximo mi\u00e9rcoles, 8 de octubre, en la pista del quinto clasificado, el Replasa Beti-onak.<\/p>\n","protected":false},"excerpt":{"rendered":"El Rocasa Gran Canaria est\u00e1 pisando con fuerza el acelerador en ataque en un inicio prometedor de la&hellip;\n","protected":false},"author":2,"featured_media":175548,"comment_status":"","ping_status":"","sticky":false,"template":"","format":"standard","meta":{"footnotes":""},"categories":[278],"tags":[376,1896,6219,26502,209,168,7051,1180,2958,25,2586,32619,24,41854,18496,41855,1897,375,1854,41851,32605,11741,12728,3641,6238,41852,10,1925,2330,41856,41853,492,23,167,29725,41850,1370,159,12,1529,21],"class_list":{"0":"post-175547","1":"post","2":"type-post","3":"status-publish","4":"format-standard","5":"has-post-thumbnail","7":"category-balonmano","8":"tag-balonmano","9":"tag-canarias","10":"tag-canary-islands","11":"tag-cartas-al-director","12":"tag-cultura","13":"tag-deportes","14":"tag-diario-digital","15":"tag-editorial","16":"tag-entrevistas","17":"tag-es","18":"tag-espaa","19":"tag-espagne","20":"tag-espana","21":"tag-fotodenuncia","22":"tag-fuerteventura","23":"tag-gomera","24":"tag-gran-canaria","25":"tag-handball","26":"tag-hierro","27":"tag-informacin","28":"tag-informacion-general","29":"tag-islas-canarias","30":"tag-la-palma","31":"tag-lanzarote","32":"tag-las-palmas","33":"tag-majadero","34":"tag-noticias","35":"tag-opinion","36":"tag-prensa","37":"tag-prensa-espaola","38":"tag-pulsometro","39":"tag-sociedad","40":"tag-spain","41":"tag-sports","42":"tag-telde","43":"tag-teldeactualidad","44":"tag-tenerife","45":"tag-tiempo","46":"tag-titulares","47":"tag-ultima-hora","48":"tag-ultimas-noticias"},"share_on_mastodon":{"url":"","error":""},"_links":{"self":[{"href":"https:\/\/www.europesays.com\/es\/wp-json\/wp\/v2\/posts\/175547","targetHints":{"allow":["GET"]}}],"collection":[{"href":"https:\/\/www.europesays.com\/es\/wp-json\/wp\/v2\/posts"}],"about":[{"href":"https:\/\/www.europesays.com\/es\/wp-json\/wp\/v2\/types\/post"}],"author":[{"embeddable":true,"href":"https:\/\/www.europesays.com\/es\/wp-json\/wp\/v2\/users\/2"}],"replies":[{"embeddable":true,"href":"https:\/\/www.europesays.com\/es\/wp-json\/wp\/v2\/comments?post=175547"}],"version-history":[{"count":0,"href":"https:\/\/www.europesays.com\/es\/wp-json\/wp\/v2\/posts\/175547\/revisions"}],"wp:featuredmedia":[{"embeddable":true,"href":"https:\/\/www.europesays.com\/es\/wp-json\/wp\/v2\/media\/175548"}],"wp:attachment":[{"href":"https:\/\/www.europesays.com\/es\/wp-json\/wp\/v2\/media?parent=175547"}],"wp:term":[{"taxonomy":"category","embeddable":true,"href":"https:\/\/www.europesays.com\/es\/wp-json\/wp\/v2\/categories?post=175547"},{"taxonomy":"post_tag","embeddable":true,"href":"https:\/\/www.europesays.com\/es\/wp-json\/wp\/v2\/tags?post=175547"}],"curies":[{"name":"wp","href":"https:\/\/api.w.org\/{rel}","templated":true}]}}