{"id":175549,"date":"2025-10-14T06:24:20","date_gmt":"2025-10-14T06:24:20","guid":{"rendered":"https:\/\/www.europesays.com\/es\/175549\/"},"modified":"2025-10-14T06:24:20","modified_gmt":"2025-10-14T06:24:20","slug":"grave-cogida-del-torero-david-galvan-en-las-ventas","status":"publish","type":"post","link":"https:\/\/www.europesays.com\/es\/175549\/","title":{"rendered":"Grave cogida del torero David Galv\u00e1n en Las Ventas"},"content":{"rendered":"<p>El <strong>torero David Galv\u00e1n<\/strong>, de San Fernando (C\u00e1diz), ha sufrido en la tarde de este s\u00e1bado una g<strong>rave cogida en la plaza de toros de Las Ventas de Madrid<\/strong>.<\/p>\n<p>Ha sido <strong>a mitad de la faena del primer Victorino de la tarde<\/strong>. El toro le cogi\u00f3 y lo pas\u00f3 de un pit\u00f3n a otro, volvi\u00e9ndole a levantar del suelo.<\/p>\n<p>Seg\u00fan el parte m\u00e9dico, tiene un <strong>traumatismo craneoencef\u00e1lico con p\u00e9rdida de conocimiento y una cornada en el pecho<\/strong>. El joven torero, de 33 a\u00f1os, ha sido trasladado al <strong>Hospital Gregorio Mara\u00f1\u00f3n<\/strong>.<\/p>\n","protected":false},"excerpt":{"rendered":"El torero David Galv\u00e1n, de San Fernando (C\u00e1diz), ha sufrido en la tarde de este s\u00e1bado una grave&hellip;\n","protected":false},"author":2,"featured_media":175550,"comment_status":"","ping_status":"","sticky":false,"template":"","format":"standard","meta":{"footnotes":""},"categories":[277],"tags":[373,168,25,24,50412,23,167,374],"class_list":{"0":"post-175549","1":"post","2":"type-post","3":"status-publish","4":"format-standard","5":"has-post-thumbnail","7":"category-toreo","8":"tag-bullfighting","9":"tag-deportes","10":"tag-es","11":"tag-espana","12":"tag-grave-cogida-del-torero-david-galvan-en-las-ventas","13":"tag-spain","14":"tag-sports","15":"tag-toreo"},"share_on_mastodon":{"url":"","error":""},"_links":{"self":[{"href":"https:\/\/www.europesays.com\/es\/wp-json\/wp\/v2\/posts\/175549","targetHints":{"allow":["GET"]}}],"collection":[{"href":"https:\/\/www.europesays.com\/es\/wp-json\/wp\/v2\/posts"}],"about":[{"href":"https:\/\/www.europesays.com\/es\/wp-json\/wp\/v2\/types\/post"}],"author":[{"embeddable":true,"href":"https:\/\/www.europesays.com\/es\/wp-json\/wp\/v2\/users\/2"}],"replies":[{"embeddable":true,"href":"https:\/\/www.europesays.com\/es\/wp-json\/wp\/v2\/comments?post=175549"}],"version-history":[{"count":0,"href":"https:\/\/www.europesays.com\/es\/wp-json\/wp\/v2\/posts\/175549\/revisions"}],"wp:featuredmedia":[{"embeddable":true,"href":"https:\/\/www.europesays.com\/es\/wp-json\/wp\/v2\/media\/175550"}],"wp:attachment":[{"href":"https:\/\/www.europesays.com\/es\/wp-json\/wp\/v2\/media?parent=175549"}],"wp:term":[{"taxonomy":"category","embeddable":true,"href":"https:\/\/www.europesays.com\/es\/wp-json\/wp\/v2\/categories?post=175549"},{"taxonomy":"post_tag","embeddable":true,"href":"https:\/\/www.europesays.com\/es\/wp-json\/wp\/v2\/tags?post=175549"}],"curies":[{"name":"wp","href":"https:\/\/api.w.org\/{rel}","templated":true}]}}