{"id":175551,"date":"2025-10-14T06:25:09","date_gmt":"2025-10-14T06:25:09","guid":{"rendered":"https:\/\/www.europesays.com\/es\/175551\/"},"modified":"2025-10-14T06:25:09","modified_gmt":"2025-10-14T06:25:09","slug":"me-he-notado-muy-rapido-en-el-peso-welter-mision-cumplida-en-rio","status":"publish","type":"post","link":"https:\/\/www.europesays.com\/es\/175551\/","title":{"rendered":"\u00abMe he notado muy r\u00e1pido en el peso w\u00e9lter; misi\u00f3n cumplida en R\u00edo\u00bb"},"content":{"rendered":"<p style=\"\">Joel \u00c1lvarez demostr\u00f3 durante la madrugada del domingo pasado por qu\u00e9 sus entrenadores le apodaron &#8216;El Fen\u00f3meno&#8217;. <a href=\"https:\/\/www.abc.es\/deportes\/mma\/joel-alvarez-fenomeno-asturiano-oportunidad-estrella-ufc-20251011100941-nt.html\" target=\"_self\" data-voc-vtm-id=\"in-text-traffic\" title=\"El luchador asturiano se enfrent\u00f3 a Vicente Luque\" rel=\"nofollow noopener\">El luchador asturiano se enfrent\u00f3 a Vicente Luque<\/a>, un brasile\u00f1o con 16 victorias dentro de la UFC, en la cartelera estelar de R\u00edo de Janeiro y se  &#8230; impuso con una autoridad brillante. Domin\u00f3 en los tres asaltos y los jueces le otorgaron una decisi\u00f3n un\u00e1nime (triple 30-26). Sin embargo, no estuvo exento de controversia, pues el \u00e1rbitro deb\u00eda haber parado antes la pelea a favor del asturiano. Eso provoc\u00f3 que <a href=\"https:\/\/www.abc.es\/deportes\/mma\/joel-alvarez-vicente-luque-20251012231853-nt.html\" target=\"_self\" data-voc-vtm-id=\"in-text-traffic\" title=\"sumara su primer triunfo a las cartulinas\" rel=\"nofollow noopener\">sumara su primer triunfo a las cartulinas<\/a>, ya que sus 22 victorias anteriores como profesional hab\u00edan llegado antes de que acabara el tiempo establecido. Sea como fuere, <strong>el peleador espa\u00f1ol se ha convertido en una estrella en ciernes<\/strong> y su horizonte es esperanzador tras su transici\u00f3n de peso ligero (70,3 kilos) al peso w\u00e9lter (77,1 kilos) de la UFC. Poco despu\u00e9s de bajarse del oct\u00e1gono, Joel \u00c1lvarez atiende en exclusiva a ABC para analizar esta nueva etapa. <\/p>\n<p class=\"voc-p\" style=\"\"><strong>-Enhorabuena por la victoria. \u00bfC\u00f3mo est\u00e1?<\/strong><\/p>\n<p class=\"voc-p\" style=\"\">-La verdad que me he encontrado muy bien, muy a gusto, he intentado por activa y por pasiva finalizar, pero Vicente es una piedra. <\/p>\n<p class=\"voc-p\" style=\"\"><strong>-Cuando ha pasado por delante de la c\u00e1mara de ABC tras bajarse del oct\u00e1gono, nos ha dicho: \u00abLo siento por no finalizar\u00bb, en lugar de celebrar por todo lo alto una victoria ante un hist\u00f3rico como Vicente Luque. <\/strong><\/p>\n<p class=\"voc-p\" style=\"\">-Es que he tocado con los dedos la finalizaci\u00f3n en varias ocasiones, pero no ha podido ser, es un veterano de guerra, pero ha sido un 30-26 (una puntuaci\u00f3n arrolladora), una victoria muy clara. Estoy contento porque he hecho minutos de jaula, que lo necesitaba en esta nueva divisi\u00f3n, comprobar c\u00f3mo son de fuertes.<\/p>\n<p class=\"voc-p\" style=\"\"><strong>-\u00bfY c\u00f3mo son?<\/strong><\/p>\n<p class=\"voc-p\" style=\"\">-Vicente era muy fuerte, muy duro, pero me he notado muy bien, es mi divisi\u00f3n. Tengo que mejorar muchas cosas, pero puedo darle grandes alegr\u00edas a los aficionados espa\u00f1oles en esta categor\u00eda.<\/p>\n<p class=\"voc-p\" style=\"\"><strong>-Sin duda es una de esas victorias que suman, porque al estar 15 minutos sobre el oct\u00e1gono hay mucho material para analizar y buscar mejoras, pese a ser un triunfo muy dominante.<\/strong><\/p>\n<p class=\"voc-p\" style=\"\">-Claro, al final son veintitr\u00e9s victorias que tengo, todas las anteriores finalizadas y esta no, piensas si ten\u00eda que haberme volcado m\u00e1s en el tri\u00e1ngulo invertido que ten\u00eda, haber utilizado otro tipo de golpeo sobre la lona&#8230; Pero hemos ganado que es lo importante y estoy muy contento con ello.<\/p>\n<p class=\"voc-p\" style=\"\"><strong>-Analicemos la pelea. En el primer asalto, hubo una detenci\u00f3n del \u00e1rbitro por un posible piquete de dedo sobre el ojo (golpe ilegal) sobre Vicente, que no par\u00f3 de combatir, pero realmente era con el pu\u00f1o cerrado, por lo que era un golpe legal.<\/strong><\/p>\n<p class=\"voc-p\" style=\"\">-S\u00ed, de hecho se ve claramente en la repetici\u00f3n que es con la mano cerrada, le conect\u00e9 en el ojo, no buscaba que fuera un KO pero si hay esa parada&#8230; Bueno no pasa nada, hubiese molado porque hubiera sido otro KO, pero me permiti\u00f3 ganar minutos encima de la jaula. Se puede ver que el golpe era bueno.<\/p>\n<p class=\"voc-p\" style=\"\"><strong>-Viendo las c\u00e1maras, el \u00e1rbitro deber\u00eda haber decretado una victoria suya, por abandono de Vicente Luque, ya que hab\u00eda indicado el final de la pelea con un gesto con los brazos. <\/strong><\/p>\n<p class=\"voc-p\" style=\"\">-Eso es, deber\u00eda haber sido KO t\u00e9cnico. Pero bueno, ese primer asalto me ayud\u00f3 para coger el ritmo, distancia y &#8216;timing&#8217; de la pelea, sab\u00eda que lo hab\u00eda ganado. En nuestras anotaciones ten\u00edamos apuntado que hab\u00eda que dar una clase maestra de boxeo y trabajamos muy bien ese aspecto.<\/p>\n<p class=\"voc-p\" style=\"\"><strong>-Hab\u00edamos estado hablando previamente que Vicente Luque pod\u00eda ir a la lucha cuerpo a cuerpo cuando se sintiera en peligro, algo que ocurri\u00f3 en el segundo asalto y en el tercero.<\/strong><\/p>\n<p class=\"voc-p\" style=\"\">-S\u00ed, me sorprendi\u00f3 porque fue a la lucha las dos veces, pero defend\u00ed bien la lucha y ca\u00ed por encima para asegurar la victoria. Pero no contaba con ello, pensaba que iba utilizar m\u00e1s sus manos de poder. Le obligamos a ir a luchar y es algo que me hizo ilusi\u00f3n. <\/p>\n<p class=\"voc-p\" style=\"\"><strong>-Ya en el tercer round, qued\u00f3 usted en una situaci\u00f3n de ventaja en el suelo con un tri\u00e1ngulo invertido cerrado. \u00bfEstaba intentando someter y por eso el \u00e1rbitro no los levant\u00f3 por falta de acci\u00f3n?<\/strong><\/p>\n<p class=\"voc-p\" style=\"\">-Realmente llegu\u00e9 a encajar el tri\u00e1ngulo invertido y lo ten\u00eda bien pillado, pens\u00e9 que si quer\u00eda finalizar y estirarlo, ten\u00eda que tirarme hacia un lado, pero Enrique (uno de sus entrenadores) me grit\u00f3 que quedaban dos minutos, que eran muchos si no lo consegu\u00eda finalizar, y mi patr\u00f3n (Borja \u00c1lvarez) me dijo que aguantara en esa posici\u00f3n. Me qued\u00e9 con las ganas porque si sal\u00eda habr\u00eda sido muy bueno finalizar con un tri\u00e1ngulo invertido. Pero aseguramos la victoria que era lo importante, hay que ser inteligentes.<\/p>\n<p class=\"voc-p\" style=\"\"><strong>-En ciertos momentos del combate, Vicente conect\u00f3 algunas manos potentes. \u00bfC\u00f3mo sinti\u00f3 el poder de pegada en el peso w\u00e9lter?<\/strong><\/p>\n<p class=\"voc-p\" style=\"\">-Bien, bien, pega muy duro, me ha tocado varias veces, pero tengo mucha quijada, encajo bien los golpes y lo llevo bien. No llevo una carrera muy sufrida.<\/p>\n<p class=\"voc-p\" style=\"\"><strong>-Tras la victoria, se han sentado juntos Vicente y usted en el oct\u00e1gono, mostr\u00e1ndose respeto mutuo. \u00bfQu\u00e9 le ha dicho su rival?<\/strong><\/p>\n<p class=\"voc-p\" style=\"\">-Me dec\u00eda que le hab\u00eda pasado por encima, que qu\u00e9 le pod\u00eda recomendar a \u00e9l y yo le dec\u00eda que era al rev\u00e9s, me dijo que quer\u00eda hablar conmigo y le coment\u00e9 que me gustar\u00eda pasarme alg\u00fan d\u00eda a entrenar con ellos en el gimnasio Kill Cliff. Es un salto generacional, yo crec\u00ed viendo pelear a Vicente Luque y es uno de mis luchadores favoritos y de mi hermano tambi\u00e9n. Me ha gustado mucho compartir la jaula con \u00e9l. <\/p>\n<p class=\"voc-p\" style=\"\"><strong>-Esta victoria le pone en la \u00f3rbita del top 15 de la UFC. Me dio algunos nombres como Carlos Prates, Ian Garry o Leon Edwards. \u00bfQui\u00e9n sigue para Joel \u00c1lvarez?<\/strong><\/p>\n<p class=\"voc-p\" style=\"\">-No lo s\u00e9, lo que mande la empresa. En Qatar hay un evento el 22 de noviembre, antes de que nazca mi hijo en diciembre, puedo coger alg\u00fan reemplazo si se cae alguno de los participantes del combate coestelar (Ian Garry contra Belal Muhammad), pero si no se diese, pues apuntar\u00eda ya m\u00e1s para marzo. Quiero asentarme m\u00e1s en el w\u00e9lter, ajustar m\u00e1s el rebote tras el recorte de peso, he rebotado hasta las 187 libras (84,8 kilos), no soy un peso w\u00e9lter de los grandes, quiero hacerme un poco m\u00e1s grande. Pero me he notado muy r\u00e1pido, eso s\u00ed, me ha dado ese punto de velocidad. <\/p>\n<p class=\"voc-p\" style=\"\"><strong>-En cualquier caso, ha sido un triunfo espectacular, un golpe de autoridad y la mejor manera de entrar por la puerta grande en el peso w\u00e9lter. \u00bfQu\u00e9 mensaje le mandar\u00eda a los aficionados espa\u00f1oles?<\/strong><\/p>\n<p class=\"voc-p\" style=\"\">-Quer\u00eda darle las gracias a toda la afici\u00f3n, que son los mejores. Tambi\u00e9n a mi equipo, el Centro Deportivo T\u00edbet de Gij\u00f3n, el mejor gimnasio que hay, a mi familia, a mi mujer y a mi hija. Y a vosotros, a los seguidores del Ej\u00e9rcito de Pancho Villa, misi\u00f3n cumplida en R\u00edo de Janeiro. <\/p>\n","protected":false},"excerpt":{"rendered":"Joel \u00c1lvarez demostr\u00f3 durante la madrugada del domingo pasado por qu\u00e9 sus entrenadores le apodaron &#8216;El Fen\u00f3meno&#8217;. El&hellip;\n","protected":false},"author":2,"featured_media":175552,"comment_status":"","ping_status":"","sticky":false,"template":"","format":"standard","meta":{"footnotes":""},"categories":[276],"tags":[4458,168,25,24,4457,23,167,343],"class_list":{"0":"post-175551","1":"post","2":"type-post","3":"status-publish","4":"format-standard","5":"has-post-thumbnail","7":"category-ufc","8":"tag-alvarez","9":"tag-deportes","10":"tag-es","11":"tag-espana","12":"tag-joel","13":"tag-spain","14":"tag-sports","15":"tag-ufc"},"share_on_mastodon":{"url":"","error":""},"_links":{"self":[{"href":"https:\/\/www.europesays.com\/es\/wp-json\/wp\/v2\/posts\/175551","targetHints":{"allow":["GET"]}}],"collection":[{"href":"https:\/\/www.europesays.com\/es\/wp-json\/wp\/v2\/posts"}],"about":[{"href":"https:\/\/www.europesays.com\/es\/wp-json\/wp\/v2\/types\/post"}],"author":[{"embeddable":true,"href":"https:\/\/www.europesays.com\/es\/wp-json\/wp\/v2\/users\/2"}],"replies":[{"embeddable":true,"href":"https:\/\/www.europesays.com\/es\/wp-json\/wp\/v2\/comments?post=175551"}],"version-history":[{"count":0,"href":"https:\/\/www.europesays.com\/es\/wp-json\/wp\/v2\/posts\/175551\/revisions"}],"wp:featuredmedia":[{"embeddable":true,"href":"https:\/\/www.europesays.com\/es\/wp-json\/wp\/v2\/media\/175552"}],"wp:attachment":[{"href":"https:\/\/www.europesays.com\/es\/wp-json\/wp\/v2\/media?parent=175551"}],"wp:term":[{"taxonomy":"category","embeddable":true,"href":"https:\/\/www.europesays.com\/es\/wp-json\/wp\/v2\/categories?post=175551"},{"taxonomy":"post_tag","embeddable":true,"href":"https:\/\/www.europesays.com\/es\/wp-json\/wp\/v2\/tags?post=175551"}],"curies":[{"name":"wp","href":"https:\/\/api.w.org\/{rel}","templated":true}]}}