{"id":175555,"date":"2025-10-14T06:28:08","date_gmt":"2025-10-14T06:28:08","guid":{"rendered":"https:\/\/www.europesays.com\/es\/175555\/"},"modified":"2025-10-14T06:28:08","modified_gmt":"2025-10-14T06:28:08","slug":"paco-mancebo-se-retira-a-los-49-anos-y-oscar-sevilla-sigue-a-la-misma-edad","status":"publish","type":"post","link":"https:\/\/www.europesays.com\/es\/175555\/","title":{"rendered":"Paco Mancebo se retira a los 49 a\u00f1os y \u00d3scar Sevilla sigue a la misma edad"},"content":{"rendered":"<p>Paco Mancebo dio sus primeras pedaladas como ciclista profesional un lejano 11 de febrero de 1998 en la ciudad francesa de Antibes con ocasi\u00f3n de  &#8230; la primera etapa del Tour del Mediterr\u00e1neo. Veintiocho temporadas despu\u00e9s y ya con 49 a\u00f1os, el abulense ha colgado este lunes la bicicleta en Saiki, al sur de Jap\u00f3n, punto final de la tercera y \u00faltima etapa del Tour de Kyushu. De una punta del planeta a la otra. Empez\u00f3 en Banesto y acaba como corredor del Matrix-Powertag nip\u00f3n. <\/p>\n<p class=\"v-p\">Quien no tiene intenci\u00f3n de marcharse, al menos no lo ha anunciado de momento, es \u00d3scar Sevilla, compa\u00f1ero de generaci\u00f3n y nacido el mismo a\u00f1o que Mancebo, en 1976. El pasado mes, el manchego se ha clasificado 17\u00ba el Cl\u00e1sico RCN en Colombia, donde defiende los colores del Medell\u00edn. En julio gan\u00f3 la primera etapa de la Vuelta a Panam\u00e1. <\/p>\n<p class=\"v-p\">En junio, Mancebo estuvo presente en el \u00faltimo Campeonato de Espa\u00f1a, donde manifest\u00f3 lo siguiente: \u00abUn conocido me dec\u00eda el otro d\u00eda que me voy a tener que jubilar para empezar a trabajar. Por eso, lo m\u00edo es una suerte. Hay gente que paga por montar en bici. Esta es mi vida, adem\u00e1s bonita. Mientras pueda correr, seguir\u00e9\u00bb.<\/p>\n<p class=\"v-p\">De hecho, su idea inicial era continuar con 50 a\u00f1os. \u00abMi equipo va a desaparecer casi seguro porque se jubila el jefe. En Jap\u00f3n la cosa est\u00e1 mal, el yen est\u00e1 devaluado. Quiz\u00e1 salga algo en Emiratos o en Arabia. Me gustar\u00eda seguir. Hace un mes no quer\u00eda correr m\u00e1s, estaba sin ganas. Pens\u00e9 que ten\u00eda algo, alguna enfermedad, pero no me hago an\u00e1lisis ni nada. Ahora me siento mejor. Si pudiera encontrar algo como director o un puesto chulo, lo pensar\u00eda. Pero prefiero correr. No hay nada mejor que trabajar en lo que te gusta. S\u00e9 que es dif\u00edcil, sobre todo si desaparece mi equipo y a mi edad. Pero lo intentar\u00e9 donde pueda\u00bb.<\/p>\n<p class=\"v-p\">Tercero en la Vuelta a Espa\u00f1a de 2005 tras Roberto Heras y Santi P\u00e9rez y cuarto en el Tour de 2005 detr\u00e1s de Armstrong, Basso y Ullrich, se vio involucrado en el marco de la Operaci\u00f3n Puerto en 2006. A partir de entonces inici\u00f3 una singladura por todo el mundo que le llev\u00f3 a correr en un equipo de Portugal, a recalificarse aficionado en 2010, a un conjunto griego, a Estados Unidos, Emiratos \u00c1rabes \u00danidos, Rep\u00fablica Dominicana y finalmente Jap\u00f3n.<\/p>\n","protected":false},"excerpt":{"rendered":"Paco Mancebo dio sus primeras pedaladas como ciclista profesional un lejano 11 de febrero de 1998 en la&hellip;\n","protected":false},"author":2,"featured_media":175556,"comment_status":"","ping_status":"","sticky":false,"template":"","format":"standard","meta":{"footnotes":""},"categories":[273],"tags":[988,313,312,168,1387,25,24,50413,2789,1047,15896,1171,1262,23,167],"class_list":{"0":"post-175555","1":"post","2":"type-post","3":"status-publish","4":"format-standard","5":"has-post-thumbnail","7":"category-ciclismo","8":"tag-anos","9":"tag-ciclismo","10":"tag-cycling","11":"tag-deportes","12":"tag-edad","13":"tag-es","14":"tag-espana","15":"tag-mancebo","16":"tag-oscar","17":"tag-paco","18":"tag-retira","19":"tag-sevilla","20":"tag-sigue","21":"tag-spain","22":"tag-sports"},"share_on_mastodon":{"url":"","error":""},"_links":{"self":[{"href":"https:\/\/www.europesays.com\/es\/wp-json\/wp\/v2\/posts\/175555","targetHints":{"allow":["GET"]}}],"collection":[{"href":"https:\/\/www.europesays.com\/es\/wp-json\/wp\/v2\/posts"}],"about":[{"href":"https:\/\/www.europesays.com\/es\/wp-json\/wp\/v2\/types\/post"}],"author":[{"embeddable":true,"href":"https:\/\/www.europesays.com\/es\/wp-json\/wp\/v2\/users\/2"}],"replies":[{"embeddable":true,"href":"https:\/\/www.europesays.com\/es\/wp-json\/wp\/v2\/comments?post=175555"}],"version-history":[{"count":0,"href":"https:\/\/www.europesays.com\/es\/wp-json\/wp\/v2\/posts\/175555\/revisions"}],"wp:featuredmedia":[{"embeddable":true,"href":"https:\/\/www.europesays.com\/es\/wp-json\/wp\/v2\/media\/175556"}],"wp:attachment":[{"href":"https:\/\/www.europesays.com\/es\/wp-json\/wp\/v2\/media?parent=175555"}],"wp:term":[{"taxonomy":"category","embeddable":true,"href":"https:\/\/www.europesays.com\/es\/wp-json\/wp\/v2\/categories?post=175555"},{"taxonomy":"post_tag","embeddable":true,"href":"https:\/\/www.europesays.com\/es\/wp-json\/wp\/v2\/tags?post=175555"}],"curies":[{"name":"wp","href":"https:\/\/api.w.org\/{rel}","templated":true}]}}