{"id":175557,"date":"2025-10-14T06:29:09","date_gmt":"2025-10-14T06:29:09","guid":{"rendered":"https:\/\/www.europesays.com\/es\/175557\/"},"modified":"2025-10-14T06:29:09","modified_gmt":"2025-10-14T06:29:09","slug":"hamilton-aun-merece-grandes-resultados","status":"publish","type":"post","link":"https:\/\/www.europesays.com\/es\/175557\/","title":{"rendered":"\u201cHamilton a\u00fan merece grandes resultados\u201d"},"content":{"rendered":"<p class=\"\">\u201cNo necesito decir nada sobre su talento porque lo ha demostrado a lo largo de su carrera, pero van a contratar a uno de los finlandeses m\u00e1s honestos, probablemente el m\u00e1s divertido que me hubiera imaginado, y la persona m\u00e1s genuina con la que trabajar. Echo de menos trabajar con \u00e9l\u201d. <a href=\"https:\/\/as.com\/motor\/formula_1\/hamilton-echa-de-menos-a-bottas-n\/\" target=\"_blank\" rel=\"noreferrer nofollow noopener\" title=\"https:\/\/as.com\/motor\/formula_1\/hamilton-echa-de-menos-a-bottas-n\/\">Con esas palabras reaccion\u00f3 hace no mucho<\/a> <b>Hamilton <\/b>cuando le preguntaron por el fichaje de <b>Bottas <\/b>por Cadillac para 2026. Y ahora, <b>es el fin\u00e9s quien le devuelve el elogio en forma de defensa.<\/b><\/p>\n<p class=\"\">Porque si alguien sabe bien lo que es enfrentarse a Hamilton con las mismas armas y el talento que atesora el siete veces campe\u00f3n del mundo, aparte de Rosberg, es Bottas. Compartieron cinco a\u00f1os en Mercedes y, en cuatro, Lewis levant\u00f3 el t\u00edtulo. Por eso, Valtteri no se atreve a sentenciar a Lewis pese a su delicada temporada con Ferrari (es sexto a 48 puntos de Leclerc y a\u00fan no ha subido al podio). <b>\u201cEspero que se recupere, pero el tiempo dir\u00e1 si lo hace\u201d, <\/b><a href=\"https:\/\/www.crash.net\/f1\/news\/1083679\/1\/exclusive-valtteri-bottas-gives-take-lewis-hamiltons-ferrari-woes\" target=\"_blank\" rel=\"noreferrer nofollow noopener\" title=\"https:\/\/www.crash.net\/f1\/news\/1083679\/1\/exclusive-valtteri-bottas-gives-take-lewis-hamiltons-ferrari-woes\">dice en Crash.net.<\/a><\/p>\n<p class=\"\">\u201cHa tenido buenos momentos, y tambi\u00e9n algo de mala suerte, pero es complicado\u201d, analiza el todav\u00eda reserva de Mercedes. De la mayor alegr\u00eda que se ha llevado Hamilton vestido de rojo ha pasado ya tiempo, su victoria en el esprint de China, pero Bottas es de los que opinan que adaptarse a un entorno tan diferente del que vivi\u00f3 durante tantos a\u00f1os es un proceso complejo: <b>\u201cNo es f\u00e1cil cambiar de equipo despu\u00e9s de tanto tiempo en Mercedes, siendo pr\u00e1cticamente el l\u00edder\u201d.<\/b><\/p>\n<p>Noticias relacionadas<a href=\"https:\/\/as.com\/motor\/formula_1\/mensaje-enigmatico-de-hamilton-para-alonso-no-me-lo-creo-f202510-n\/\" class=\"s_m_w\" title=\"El brit\u00e1nico de Ferrari hace referencia con una historia en su \u2018Instagram\u2019 a las quejas que el espa\u00f1ol hizo por radio en Singapur cuando le vio saltarse curvas de la pista.\" data-tb-link=\"\" rel=\"nofollow noopener\" target=\"_blank\"><img decoding=\"async\" src=\"https:\/\/www.europesays.com\/es\/wp-content\/uploads\/2025\/10\/1760423349_241_HCEOEEWEHZMABCUHGG3MMPDTLE.jpg\" alt=\"Mensaje \u2018enigm\u00e1tico\u2019 de Hamilton, \u00bfpara Alonso?: \u201c\u00a1No me lo creo!\u201d\" class=\"\" height=\"1\" width=\"1\"   loading=\"lazy\" data-tb-thumbnail=\"\"\/><\/a><a href=\"https:\/\/as.com\/motor\/formula_1\/no-podemos-hacer-nada-f202510-n\/\" class=\"s_m_w\" title=\"Leclerc lamenta el estancamiento de Ferrari: \u201cRed Bull y Mercedes ahora est\u00e1n al nivel de McLaren, y el resto de la temporada ser\u00e1 igual\u201d.\" data-tb-link=\"\" rel=\"nofollow noopener\" target=\"_blank\"><img decoding=\"async\" src=\"https:\/\/www.europesays.com\/es\/wp-content\/uploads\/2025\/10\/1760423349_254_V63KBWAIAFJL5FOIS7EUG5IPI4.jpg\" alt=\"\u201cNo podemos hacer nada\u201d\" class=\"\" height=\"1\" width=\"1\"   loading=\"lazy\" data-tb-thumbnail=\"\"\/><\/a><\/p>\n<p class=\"\"><b>\u201cEl entorno en el que trabaja ahora es muy diferente. <\/b>No puedo decir mucho m\u00e1s, solo que el tiempo dir\u00e1 si las cosas van mejor o no. Pero realmente espero que s\u00ed, porque creo que <b>todav\u00eda se merece grandes resultados en este deporte\u201d,<\/b> opina un Valtteri que se muestra convencido de que quedan por ver cosas buenas de Hamilton, aunque dif\u00edcilmente sea este a\u00f1o tal y como anda Ferrari. Lleva seis carreras fuera del Top-5 y el SF-25 se est\u00e1 quedando atr\u00e1s en comparaci\u00f3n con McLaren, Red Bull y Mercedes.<\/p>\n<p><b>\u201cEs dif\u00edcil de predecir\u201d<\/b><\/p>\n<p class=\"\">Aunque el propio Bottas ha vivido en sus carnes un par de cambios de equipo (de Williams a Mercedes, y luego a Sauber) y est\u00e1 pr\u00f3ximo de a\u00f1adir un tercero, no quiere comparar sus experiencias con la de Hamilton en Maranello: \u201cDepende del equipo al que vayas y de lo diferente que sea el coche. He tenido mis experiencias, pero normalmente han sido durante un cambio de reglamento. As\u00ed que para m\u00ed <b>es dif\u00edcil de predecir. No s\u00e9 c\u00f3mo funcionan dentro del equipo, c\u00f3mo trabajan y cu\u00e1les son sus dificultades. <\/b>As\u00ed que no puedo decir mucho m\u00e1s que eso, la verdad\u201d.<\/p>\n","protected":false},"excerpt":{"rendered":"\u201cNo necesito decir nada sobre su talento porque lo ha demostrado a lo largo de su carrera, pero&hellip;\n","protected":false},"author":2,"featured_media":175558,"comment_status":"","ping_status":"","sticky":false,"template":"","format":"standard","meta":{"footnotes":""},"categories":[270],"tags":[168,25,24,306,271,272,23,167],"class_list":{"0":"post-175557","1":"post","2":"type-post","3":"status-publish","4":"format-standard","5":"has-post-thumbnail","7":"category-formula-1","8":"tag-deportes","9":"tag-es","10":"tag-espana","11":"tag-f1","12":"tag-formula-1","13":"tag-formula1","14":"tag-spain","15":"tag-sports"},"share_on_mastodon":{"url":"","error":""},"_links":{"self":[{"href":"https:\/\/www.europesays.com\/es\/wp-json\/wp\/v2\/posts\/175557","targetHints":{"allow":["GET"]}}],"collection":[{"href":"https:\/\/www.europesays.com\/es\/wp-json\/wp\/v2\/posts"}],"about":[{"href":"https:\/\/www.europesays.com\/es\/wp-json\/wp\/v2\/types\/post"}],"author":[{"embeddable":true,"href":"https:\/\/www.europesays.com\/es\/wp-json\/wp\/v2\/users\/2"}],"replies":[{"embeddable":true,"href":"https:\/\/www.europesays.com\/es\/wp-json\/wp\/v2\/comments?post=175557"}],"version-history":[{"count":0,"href":"https:\/\/www.europesays.com\/es\/wp-json\/wp\/v2\/posts\/175557\/revisions"}],"wp:featuredmedia":[{"embeddable":true,"href":"https:\/\/www.europesays.com\/es\/wp-json\/wp\/v2\/media\/175558"}],"wp:attachment":[{"href":"https:\/\/www.europesays.com\/es\/wp-json\/wp\/v2\/media?parent=175557"}],"wp:term":[{"taxonomy":"category","embeddable":true,"href":"https:\/\/www.europesays.com\/es\/wp-json\/wp\/v2\/categories?post=175557"},{"taxonomy":"post_tag","embeddable":true,"href":"https:\/\/www.europesays.com\/es\/wp-json\/wp\/v2\/tags?post=175557"}],"curies":[{"name":"wp","href":"https:\/\/api.w.org\/{rel}","templated":true}]}}